{"id":212804,"date":"2019-05-04T18:27:26","date_gmt":"2019-05-04T21:27:26","guid":{"rendered":"http:\/\/notinor.com\/jujuy\/?p=212804"},"modified":"2019-05-04T18:27:31","modified_gmt":"2019-05-04T21:27:31","slug":"el-decano-ahora-va-por-river","status":"publish","type":"post","link":"https:\/\/notinor.com\/jujuy\/el-decano-ahora-va-por-river\/","title":{"rendered":"El \"Decano\" ahora va por River"},"content":{"rendered":"\n<figure class=\"wp-block-image\"><img decoding=\"async\" loading=\"lazy\" width=\"1256\" height=\"620\" src=\"https:\/\/i0.wp.com\/notinor.com\/jujuy\/wp-content\/uploads\/2019\/05\/sfjWpd_Lh_1256x620__1.jpg?fit=840%2C415\" alt=\"\" class=\"wp-image-212805\" srcset=\"https:\/\/notinor.com\/jujuy\/wp-content\/uploads\/2019\/05\/sfjWpd_Lh_1256x620__1.jpg 1256w, https:\/\/notinor.com\/jujuy\/wp-content\/uploads\/2019\/05\/sfjWpd_Lh_1256x620__1-660x326.jpg 660w, https:\/\/notinor.com\/jujuy\/wp-content\/uploads\/2019\/05\/sfjWpd_Lh_1256x620__1-768x379.jpg 768w, https:\/\/notinor.com\/jujuy\/wp-content\/uploads\/2019\/05\/sfjWpd_Lh_1256x620__1-840x415.jpg 840w\" sizes=\"(max-width: 1256px) 100vw, 1256px\" \/><\/figure>\n\n\n\n<p class=\"has-background has-vivid-cyan-blue-background-color\"><strong>Atl\u00e9tico Tucum\u00e1n<\/strong> jug\u00f3 muy bien y <strong>avanz\u00f3 a los cuartos de final de la Copa Superliga<\/strong>: s<em>e impuso a Talleres<\/em> con goles de Leandro D\u00edaz y Toledo y logr\u00f3 revertir el 2-3\u00a0del partido se ida. Ser\u00e1 un duro rival para el equipo de Marcelo Gallardo.<\/p>\n\n\n\n<p>\n\nRiver elevar\u00e1 la vara, pero el equipo de Ricardo Zielinski tiene un funcionamiento aceitado. Ya dio varias muestras de que se trata de un conjunto&nbsp;que no debe ser subestimado.\n\n<\/p>\n","protected":false},"excerpt":{"rendered":"<p>Atl\u00e9tico Tucum\u00e1n jug\u00f3 muy bien y avanz\u00f3 a los cuartos de final de la Copa Superliga: se impuso a Talleres con goles de Leandro D\u00edaz y Toledo y logr\u00f3 revertir el 2-3\u00a0del partido se ida. Ser\u00e1 un duro rival para el equipo de Marcelo Gallardo. River elevar\u00e1 la vara, pero el equipo de Ricardo Zielinski [&hellip;]<\/p>\n","protected":false},"author":37,"featured_media":212805,"comment_status":"open","ping_status":"open","sticky":false,"template":"","format":"standard","meta":{"_stopmodifiedupdate":false,"_modified_date":"","inline_featured_image":false,"spay_email":"","jetpack_publicize_message":"#DEPORTES\n.\n#CopaSuperliga | El \"Decano\" ahora va por River\n.\n"},"categories":[7],"tags":[],"jetpack_featured_media_url":"https:\/\/notinor.com\/jujuy\/wp-content\/uploads\/2019\/05\/sfjWpd_Lh_1256x620__1.jpg","jetpack_publicize_connections":[],"_links":{"self":[{"href":"https:\/\/notinor.com\/jujuy\/wp-json\/wp\/v2\/posts\/212804"}],"collection":[{"href":"https:\/\/notinor.com\/jujuy\/wp-json\/wp\/v2\/posts"}],"about":[{"href":"https:\/\/notinor.com\/jujuy\/wp-json\/wp\/v2\/types\/post"}],"author":[{"embeddable":true,"href":"https:\/\/notinor.com\/jujuy\/wp-json\/wp\/v2\/users\/37"}],"replies":[{"embeddable":true,"href":"https:\/\/notinor.com\/jujuy\/wp-json\/wp\/v2\/comments?post=212804"}],"version-history":[{"count":1,"href":"https:\/\/notinor.com\/jujuy\/wp-json\/wp\/v2\/posts\/212804\/revisions"}],"predecessor-version":[{"id":212808,"href":"https:\/\/notinor.com\/jujuy\/wp-json\/wp\/v2\/posts\/212804\/revisions\/212808"}],"wp:featuredmedia":[{"embeddable":true,"href":"https:\/\/notinor.com\/jujuy\/wp-json\/wp\/v2\/media\/212805"}],"wp:attachment":[{"href":"https:\/\/notinor.com\/jujuy\/wp-json\/wp\/v2\/media?parent=212804"}],"wp:term":[{"taxonomy":"category","embeddable":true,"href":"https:\/\/notinor.com\/jujuy\/wp-json\/wp\/v2\/categories?post=212804"},{"taxonomy":"post_tag","embeddable":true,"href":"https:\/\/notinor.com\/jujuy\/wp-json\/wp\/v2\/tags?post=212804"}],"curies":[{"name":"wp","href":"https:\/\/api.w.org\/{rel}","templated":true}]}}