{"id":212792,"date":"2019-05-04T18:10:30","date_gmt":"2019-05-04T21:10:30","guid":{"rendered":"http:\/\/notinor.com\/jujuy\/?p=212792"},"modified":"2019-05-04T18:10:35","modified_gmt":"2019-05-04T21:10:35","slug":"6to-pirtra-en-la-ciudad","status":"publish","type":"post","link":"https:\/\/notinor.com\/jujuy\/6to-pirtra-en-la-ciudad\/","title":{"rendered":"6to PIRTra en la ciudad"},"content":{"rendered":"\n<figure class=\"wp-block-image\"><img decoding=\"async\" loading=\"lazy\" width=\"653\" height=\"480\" src=\"http:\/\/notinor.com\/jujuy\/wp-content\/uploads\/2019\/05\/foto-pirtra-4-653x480.jpg\" alt=\"\" class=\"wp-image-212797\" srcset=\"https:\/\/notinor.com\/jujuy\/wp-content\/uploads\/2019\/05\/foto-pirtra-4-653x480.jpg 653w, https:\/\/notinor.com\/jujuy\/wp-content\/uploads\/2019\/05\/foto-pirtra-4-497x365.jpg 497w, https:\/\/notinor.com\/jujuy\/wp-content\/uploads\/2019\/05\/foto-pirtra-4.jpg 750w\" sizes=\"(max-width: 653px) 100vw, 653px\" \/><\/figure>\n\n\n\n<p class=\"has-background has-vivid-cyan-blue-background-color\"><em><strong>Se trata de la semaforizaci\u00f3n de \u00a0la intersecci\u00f3n de av. Jos\u00e9 Humberto Martiarena con av. Italia, uno de los lugares de la ciudad \u00a0con mayor cantidad de flujo vehicular, transporte p\u00fablico y gran afluencia de peatones, por las instituciones que colindan la zona.\u00a0 El Plan Integral de Reordenamiento de Tr\u00e1nsito (PIRTra) N\u00ba6 hab\u00eda empezado con la colocaci\u00f3n de \u00a0refugios y nomencladores en las paradas de transporte urbano de pasajeros sobre avenida Italia.<\/strong><\/em><\/p>\n\n\n\n<p>&nbsp;Al respecto, el Intendente &nbsp;de San Salvador de Jujuy, Ra\u00fal\n\"Chuli\" Jorge, coment\u00f3 que el PIRTra 6, \"es una obra &nbsp;que\nnos permite ir resolviendo los temas cotidianos de la gente, los cruces que se\ntornaban peligrosos, producto de una &nbsp;intersecci\u00f3n donde confluye una alta\ndensidad de tr\u00e1nsito vehicular. Con esto, estamos viendo en la pr\u00e1ctica, la\nseguridad que tienen los peatones, los autom\u00f3viles particulares &nbsp;y los\ncolectivos que circulan en este sector\", destac\u00f3.<\/p>\n\n\n\n<p>Por su parte, el secretario de Servicios P\u00fablicos, Guillermo\n&nbsp;Marenco, explic\u00f3 que meses atr\u00e1s se inaugur\u00f3 el PIRtra 5 en &nbsp;la zona\nde Jorge Newbery, Pueyrred\u00f3n e Yrigoyen y que fue con el objeto de\n&nbsp;&nbsp;poder llegar a este nudo tan complejo como es el intervenido con el\nPIRTra 6;&nbsp;&nbsp;\"la intersecci\u00f3n de av. Martiarena con av. Italia, es\nuno de los lugares con mayor cantidad de flujo vehicular. Con el correr del\ntiempo a trav\u00e9s de la &nbsp;Universidad y la Escuela de Minas signific\u00f3 un\ncrecimiento en el flujo peatonal en diferentes horarios. Eso nos llev\u00f3 a tener\nque hacer un desplazamiento tambi\u00e9n del sistema de transporte &nbsp;para poder\nir acomodando lo que es el carril selectivo y lo que se viene en materia de\ntransporte circular en la ciudad\".<\/p>\n\n\n\n<p>Sobre &nbsp;este sistema,&nbsp;explic\u00f3 que se necesitan muchos carriles\nselectivos y que por ello una de las estrategias fue generar la ampliaci\u00f3n del\nservicio de transporte por &nbsp;av. Martiarena con la incorporaci\u00f3n a av.\nItalia, \"de esta manera con la semaforizaci\u00f3n del sector tenemos una\nentrada limpia de veh\u00edculos, de &nbsp;transporte y una dosificaci\u00f3n del\ntr\u00e1nsito vehicular. Esto nos va a ayudar a que lo usuarios de la v\u00eda p\u00fablica\nempiecen a usar una salida alternativa que ser\u00eda calle Bustamante, puente\n&nbsp;Bicentenario hasta llegar a calle Alem y de ah\u00ed salir a av. General\nSavio\"detall\u00f3.<\/p>\n\n\n\n<p>Sobre la obra, &nbsp;Jos\u00e9 Rodr\u00edguez B\u00e1rcena, secretario de Cultura y\nTurismo destac\u00f3 &nbsp;un nuevo avance en la ciudad que va cobrando una nueva\ndin\u00e1mica, \"\u00e9ste nuevo PIRTra suma beneficios para los que transitamos d\u00eda\na d\u00eda por &nbsp;este lugar, uno de los puntos m\u00e1s estrat\u00e9gicos, por ser el\ningreso a la ciudad\" finaliz\u00f3.<\/p>\n","protected":false},"excerpt":{"rendered":"<p>Se trata de la semaforizaci\u00f3n de \u00a0la intersecci\u00f3n de av. Jos\u00e9 Humberto Martiarena con av. Italia, uno de los lugares de la ciudad \u00a0con mayor cantidad de flujo vehicular, transporte p\u00fablico y gran afluencia de peatones, por las instituciones que colindan la zona.\u00a0 El Plan Integral de Reordenamiento de Tr\u00e1nsito (PIRTra) N\u00ba6 hab\u00eda empezado con [&hellip;]<\/p>\n","protected":false},"author":5,"featured_media":212796,"comment_status":"open","ping_status":"open","sticky":false,"template":"","format":"standard","meta":{"_stopmodifiedupdate":false,"_modified_date":"","inline_featured_image":false,"spay_email":"","jetpack_publicize_message":""},"categories":[490],"tags":[],"jetpack_featured_media_url":"https:\/\/notinor.com\/jujuy\/wp-content\/uploads\/2019\/05\/foto-pirtra-1.jpg","jetpack_publicize_connections":[],"_links":{"self":[{"href":"https:\/\/notinor.com\/jujuy\/wp-json\/wp\/v2\/posts\/212792"}],"collection":[{"href":"https:\/\/notinor.com\/jujuy\/wp-json\/wp\/v2\/posts"}],"about":[{"href":"https:\/\/notinor.com\/jujuy\/wp-json\/wp\/v2\/types\/post"}],"author":[{"embeddable":true,"href":"https:\/\/notinor.com\/jujuy\/wp-json\/wp\/v2\/users\/5"}],"replies":[{"embeddable":true,"href":"https:\/\/notinor.com\/jujuy\/wp-json\/wp\/v2\/comments?post=212792"}],"version-history":[{"count":1,"href":"https:\/\/notinor.com\/jujuy\/wp-json\/wp\/v2\/posts\/212792\/revisions"}],"predecessor-version":[{"id":212798,"href":"https:\/\/notinor.com\/jujuy\/wp-json\/wp\/v2\/posts\/212792\/revisions\/212798"}],"wp:featuredmedia":[{"embeddable":true,"href":"https:\/\/notinor.com\/jujuy\/wp-json\/wp\/v2\/media\/212796"}],"wp:attachment":[{"href":"https:\/\/notinor.com\/jujuy\/wp-json\/wp\/v2\/media?parent=212792"}],"wp:term":[{"taxonomy":"category","embeddable":true,"href":"https:\/\/notinor.com\/jujuy\/wp-json\/wp\/v2\/categories?post=212792"},{"taxonomy":"post_tag","embeddable":true,"href":"https:\/\/notinor.com\/jujuy\/wp-json\/wp\/v2\/tags?post=212792"}],"curies":[{"name":"wp","href":"https:\/\/api.w.org\/{rel}","templated":true}]}}