{"id":212784,"date":"2019-05-04T18:02:51","date_gmt":"2019-05-04T21:02:51","guid":{"rendered":"http:\/\/notinor.com\/jujuy\/?p=212784"},"modified":"2019-05-04T18:02:56","modified_gmt":"2019-05-04T21:02:56","slug":"comienza-la-competencia-de-futbol-infantil-mas-grande-de-jujuy","status":"publish","type":"post","link":"https:\/\/notinor.com\/jujuy\/comienza-la-competencia-de-futbol-infantil-mas-grande-de-jujuy\/","title":{"rendered":"Comienza la competencia de f\u00fatbol infantil  m\u00e1s grande de Jujuy"},"content":{"rendered":"\n<figure class=\"wp-block-image\"><img decoding=\"async\" loading=\"lazy\" width=\"720\" height=\"480\" src=\"http:\/\/notinor.com\/jujuy\/wp-content\/uploads\/2019\/05\/Torneo-Integraci\u00f3n-10-a\u00f1os-2-720x480.jpg\" alt=\"\" class=\"wp-image-212789\" srcset=\"https:\/\/notinor.com\/jujuy\/wp-content\/uploads\/2019\/05\/Torneo-Integraci\u00f3n-10-a\u00f1os-2-720x480.jpg 720w, https:\/\/notinor.com\/jujuy\/wp-content\/uploads\/2019\/05\/Torneo-Integraci\u00f3n-10-a\u00f1os-2-548x365.jpg 548w, https:\/\/notinor.com\/jujuy\/wp-content\/uploads\/2019\/05\/Torneo-Integraci\u00f3n-10-a\u00f1os-2.jpg 750w, https:\/\/notinor.com\/jujuy\/wp-content\/uploads\/2019\/05\/Torneo-Integraci\u00f3n-10-a\u00f1os-2-400x266.jpg 400w\" sizes=\"(max-width: 720px) 100vw, 720px\" \/><\/figure>\n\n\n\n<p class=\"has-background has-vivid-cyan-blue-background-color\"><em><strong>M\u00e1s de 2.500 ni\u00f1os de todo el territorio provincial participar\u00e1n de la d\u00e9cima edici\u00f3n del Torneo Integraci\u00f3n.<\/strong><\/em><\/p>\n\n\n\n<p>El Torneo Integraci\u00f3n de f\u00fatbol\ninfantil que organiza la empresa Ledesma, comenzar\u00e1 el domingo 5 de mayo\ncelebrando diez a\u00f1os de sana competencia en Jujuy. Ni\u00f1os y ni\u00f1as de entre 7 y\n12 a\u00f1os repartidos en 130 equipos se congregan cada domingo en diez localidades\ndel territorio provincial.<\/p>\n\n\n\n<p>En esta edici\u00f3n especial, la\ncompetencia fue presentada junto a Marcos Gutierrez, a quien se le realiz\u00f3 un\nmerecido homenaje por su trayectoria y aporte al f\u00fatbol profesional.<\/p>\n\n\n\n<p>El primer Torneo Integraci\u00f3n se\nrealiz\u00f3 en el a\u00f1o 2010 alcanzando a 200 ni\u00f1os, por cada a\u00f1o transcurrido se fue\ncreciendo al doble. Desde el principio, la empresa Ledesma promovi\u00f3 la\norganizaci\u00f3n de este torneo con tres valores principales: el juego limpio, la diversi\u00f3n\ny la puntualidad, comprendiendo que a trav\u00e9s de ellos los ni\u00f1os se forman como\npersonas de bien dentro y fuera de la cancha.<\/p>\n\n\n\n<p>La empresa Ledesma, organiza esta\ncompetencia para contribuir al desarrollo social de los ni\u00f1os de la provincia,\nla pr\u00e1ctica del deporte y la incorporaci\u00f3n de valores, que los acompa\u00f1ar\u00e1n toda\nla vida.<\/p>\n\n\n\n<p>El juego se desarrolla durante 14\nfechas con la participaci\u00f3n de ni\u00f1os de San Salvador de Jujuy, Palpal\u00e1,\nAlto Comedero, Yuto, El Bananal, El Talar, Fraile Pintado, Chalican, Calilegua,\nLibertador, Colonia Santa Rosa (Salta) y Urundel (Salta).<\/p>\n\n\n\n<p>Ledesma brinda a los ni\u00f1os\ntraslado, merienda, obsequios para cada participante y servicio de asistencia\nm\u00e9dica. Este torneo lleva adem\u00e1s, un arduo\ntrabajo por parte de profesores, entrenadores, planilleros, personal de\nmantenimiento, \u00e1rbitros y enfermeros. <\/p>\n\n\n\n<p>El Torneo Integraci\u00f3n fue inter\u00e9s\nmunicipal en Libertador y en Yuto, y de inter\u00e9s legislativo provincial en 2016.\n<\/p>\n\n\n\n<figure class=\"wp-block-image\"><img decoding=\"async\" loading=\"lazy\" width=\"720\" height=\"480\" src=\"http:\/\/notinor.com\/jujuy\/wp-content\/uploads\/2019\/05\/Torneo-Integraci\u00f3n-10-a\u00f1os-3-720x480.jpg\" alt=\"\" class=\"wp-image-212790\" srcset=\"https:\/\/notinor.com\/jujuy\/wp-content\/uploads\/2019\/05\/Torneo-Integraci\u00f3n-10-a\u00f1os-3-720x480.jpg 720w, https:\/\/notinor.com\/jujuy\/wp-content\/uploads\/2019\/05\/Torneo-Integraci\u00f3n-10-a\u00f1os-3-548x365.jpg 548w, https:\/\/notinor.com\/jujuy\/wp-content\/uploads\/2019\/05\/Torneo-Integraci\u00f3n-10-a\u00f1os-3.jpg 750w, https:\/\/notinor.com\/jujuy\/wp-content\/uploads\/2019\/05\/Torneo-Integraci\u00f3n-10-a\u00f1os-3-400x266.jpg 400w\" sizes=\"(max-width: 720px) 100vw, 720px\" \/><\/figure>\n","protected":false},"excerpt":{"rendered":"<p>M\u00e1s de 2.500 ni\u00f1os de todo el territorio provincial participar\u00e1n de la d\u00e9cima edici\u00f3n del Torneo Integraci\u00f3n. El Torneo Integraci\u00f3n de f\u00fatbol infantil que organiza la empresa Ledesma, comenzar\u00e1 el domingo 5 de mayo celebrando diez a\u00f1os de sana competencia en Jujuy. Ni\u00f1os y ni\u00f1as de entre 7 y 12 a\u00f1os repartidos en 130 equipos [&hellip;]<\/p>\n","protected":false},"author":5,"featured_media":212788,"comment_status":"open","ping_status":"open","sticky":false,"template":"","format":"standard","meta":{"_stopmodifiedupdate":false,"_modified_date":"","inline_featured_image":false,"spay_email":"","jetpack_publicize_message":""},"categories":[4],"tags":[],"jetpack_featured_media_url":"https:\/\/notinor.com\/jujuy\/wp-content\/uploads\/2019\/05\/Torneo-Integraci\u00f3n-10-a\u00f1os-1.jpg","jetpack_publicize_connections":[],"_links":{"self":[{"href":"https:\/\/notinor.com\/jujuy\/wp-json\/wp\/v2\/posts\/212784"}],"collection":[{"href":"https:\/\/notinor.com\/jujuy\/wp-json\/wp\/v2\/posts"}],"about":[{"href":"https:\/\/notinor.com\/jujuy\/wp-json\/wp\/v2\/types\/post"}],"author":[{"embeddable":true,"href":"https:\/\/notinor.com\/jujuy\/wp-json\/wp\/v2\/users\/5"}],"replies":[{"embeddable":true,"href":"https:\/\/notinor.com\/jujuy\/wp-json\/wp\/v2\/comments?post=212784"}],"version-history":[{"count":1,"href":"https:\/\/notinor.com\/jujuy\/wp-json\/wp\/v2\/posts\/212784\/revisions"}],"predecessor-version":[{"id":212791,"href":"https:\/\/notinor.com\/jujuy\/wp-json\/wp\/v2\/posts\/212784\/revisions\/212791"}],"wp:featuredmedia":[{"embeddable":true,"href":"https:\/\/notinor.com\/jujuy\/wp-json\/wp\/v2\/media\/212788"}],"wp:attachment":[{"href":"https:\/\/notinor.com\/jujuy\/wp-json\/wp\/v2\/media?parent=212784"}],"wp:term":[{"taxonomy":"category","embeddable":true,"href":"https:\/\/notinor.com\/jujuy\/wp-json\/wp\/v2\/categories?post=212784"},{"taxonomy":"post_tag","embeddable":true,"href":"https:\/\/notinor.com\/jujuy\/wp-json\/wp\/v2\/tags?post=212784"}],"curies":[{"name":"wp","href":"https:\/\/api.w.org\/{rel}","templated":true}]}}