{"id":212779,"date":"2019-05-04T09:14:49","date_gmt":"2019-05-04T12:14:49","guid":{"rendered":"http:\/\/notinor.com\/jujuy\/?p=212779"},"modified":"2019-05-04T09:14:54","modified_gmt":"2019-05-04T12:14:54","slug":"el-intendente-jorge-lanzo-su-candidatura-para-un-nuevo-periodo-al-frente-del-municipio-capitalino","status":"publish","type":"post","link":"https:\/\/notinor.com\/jujuy\/el-intendente-jorge-lanzo-su-candidatura-para-un-nuevo-periodo-al-frente-del-municipio-capitalino\/","title":{"rendered":"El intendente Jorge lanzo su candidatura para un nuevo periodo al frente del municipio capitalino"},"content":{"rendered":"\n<figure class=\"wp-block-image\"><img decoding=\"async\" loading=\"lazy\" width=\"645\" height=\"553\" src=\"https:\/\/i1.wp.com\/notinor.com\/jujuy\/wp-content\/uploads\/2019\/05\/lanzamiento-chuli-jorge-02.jpg?fit=560%2C480\" alt=\"\" class=\"wp-image-212780\" srcset=\"https:\/\/notinor.com\/jujuy\/wp-content\/uploads\/2019\/05\/lanzamiento-chuli-jorge-02.jpg 645w, https:\/\/notinor.com\/jujuy\/wp-content\/uploads\/2019\/05\/lanzamiento-chuli-jorge-02-426x365.jpg 426w, https:\/\/notinor.com\/jujuy\/wp-content\/uploads\/2019\/05\/lanzamiento-chuli-jorge-02-560x480.jpg 560w\" sizes=\"(max-width: 645px) 100vw, 645px\" \/><\/figure>\n\n\n\n<p class=\"has-background has-vivid-cyan-blue-background-color\"><strong>El viernes por la tarde en la Federaci\u00f3n Gaucha se concret\u00f3 el acto oficial del lanzamiento de la candidatura de Ra\u00fal Jorge para un nuevo periodo al frente de la intendencia capitalina.<\/strong><\/p>\n\n\n\n<p>En el acto\nhicieron uso de la palabra varios candidatos a concejales, as\u00ed como tambi\u00e9n el\nvicegobernador Carlos Haquim.<\/p>\n\n\n\n<p>A su turno Ra\u00fal\nJorge hizo menci\u00f3n al&nbsp;fallo del Tribunal\nElectoral provincial ante un pedido de impugnaci\u00f3n de su postulaci\u00f3n, \u201cla resoluci\u00f3n ratifica a esta persona que\npuede seguir siendo candidato y representar la voluntad de cambio, adem\u00e1s de la\npromoci\u00f3n de derechos solidarios\u201d esgrimi\u00f3.<\/p>\n\n\n\n<p>Asimismo, se\u00f1al\u00f3\nque \u201ceste Frente no se equivoca en el\nrumbo ni en el camino, tenemos el mejor gobernador de la historia. Gracias a su\nequipo y sus diputados comprometidos con la causa que permite expresarnos hacia\nla voluntad popular, trabajar en paz con proyectos y propuestas \u201c<\/p>\n\n\n\n<p>Sobre su gesti\u00f3n el intendente capitalino manifest\u00f3 que \u201ceste \u00faltimo per\u00edodo ha sido totalmente\ndistinto al oscuro pasado antes de 2015. Logramos transformaciones\nextraordinarias, que son las que me permiten tener esa energ\u00eda \u201c.<\/p>\n\n\n\n<p>Anuncios<\/p>\n\n\n\n<p>En esta oportunidad el intendente y candidato\nJorge inform\u00f3 que \u201cel 19 de mayo se inaugurar\u00e1 el Parque Belgrano en Alto\nComedero. Asimismo, destac\u00f3 \u201cinauguramos cuatro NIDOs y\nuno m\u00e1s va a estar en este Parque Belgrano\u201d.<\/p>\n","protected":false},"excerpt":{"rendered":"<p>El viernes por la tarde en la Federaci\u00f3n Gaucha se concret\u00f3 el acto oficial del lanzamiento de la candidatura de Ra\u00fal Jorge para un nuevo periodo al frente de la intendencia capitalina. En el acto hicieron uso de la palabra varios candidatos a concejales, as\u00ed como tambi\u00e9n el vicegobernador Carlos Haquim. A su turno Ra\u00fal [&hellip;]<\/p>\n","protected":false},"author":1,"featured_media":212780,"comment_status":"open","ping_status":"open","sticky":false,"template":"","format":"standard","meta":{"_stopmodifiedupdate":false,"_modified_date":"","inline_featured_image":false,"spay_email":"","jetpack_publicize_message":"#ELECCIONES #CAPITAL\nEl intendente Jorge lanzo su candidatura para un nuevo periodo al frente del municipio capitalino"},"categories":[514],"tags":[],"jetpack_featured_media_url":"https:\/\/notinor.com\/jujuy\/wp-content\/uploads\/2019\/05\/lanzamiento-chuli-jorge-02.jpg","jetpack_publicize_connections":[],"_links":{"self":[{"href":"https:\/\/notinor.com\/jujuy\/wp-json\/wp\/v2\/posts\/212779"}],"collection":[{"href":"https:\/\/notinor.com\/jujuy\/wp-json\/wp\/v2\/posts"}],"about":[{"href":"https:\/\/notinor.com\/jujuy\/wp-json\/wp\/v2\/types\/post"}],"author":[{"embeddable":true,"href":"https:\/\/notinor.com\/jujuy\/wp-json\/wp\/v2\/users\/1"}],"replies":[{"embeddable":true,"href":"https:\/\/notinor.com\/jujuy\/wp-json\/wp\/v2\/comments?post=212779"}],"version-history":[{"count":1,"href":"https:\/\/notinor.com\/jujuy\/wp-json\/wp\/v2\/posts\/212779\/revisions"}],"predecessor-version":[{"id":212781,"href":"https:\/\/notinor.com\/jujuy\/wp-json\/wp\/v2\/posts\/212779\/revisions\/212781"}],"wp:featuredmedia":[{"embeddable":true,"href":"https:\/\/notinor.com\/jujuy\/wp-json\/wp\/v2\/media\/212780"}],"wp:attachment":[{"href":"https:\/\/notinor.com\/jujuy\/wp-json\/wp\/v2\/media?parent=212779"}],"wp:term":[{"taxonomy":"category","embeddable":true,"href":"https:\/\/notinor.com\/jujuy\/wp-json\/wp\/v2\/categories?post=212779"},{"taxonomy":"post_tag","embeddable":true,"href":"https:\/\/notinor.com\/jujuy\/wp-json\/wp\/v2\/tags?post=212779"}],"curies":[{"name":"wp","href":"https:\/\/api.w.org\/{rel}","templated":true}]}}