{"id":212775,"date":"2019-05-04T05:48:49","date_gmt":"2019-05-04T08:48:49","guid":{"rendered":"http:\/\/notinor.com\/jujuy\/?p=212775"},"modified":"2019-05-04T08:52:11","modified_gmt":"2019-05-04T11:52:11","slug":"el-titular-de-la-ucr-alfredo-cornejo-dio-un-paso-mas-y-pidio-sumar-a-massa-lavagna-y-pichetto-a-cambiemos","status":"publish","type":"post","link":"https:\/\/notinor.com\/jujuy\/el-titular-de-la-ucr-alfredo-cornejo-dio-un-paso-mas-y-pidio-sumar-a-massa-lavagna-y-pichetto-a-cambiemos\/","title":{"rendered":"El titular de la UCR, Alfredo Cornejo, dio un paso m\u00e1s y pidi\u00f3 sumar a Massa, Lavagna y Pichetto a Cambiemos"},"content":{"rendered":"\n<figure class=\"wp-block-image\"><img decoding=\"async\" src=\"https:\/\/images.clarin.com\/2019\/04\/01\/vEr6nHF-x_1256x620__1.jpg\" alt=\"\"\/><\/figure>\n\n\n\n<p><\/p>\n\n\n\n<p class=\"has-background has-vivid-cyan-blue-background-color\"><strong>El gobernador de Mendoza, Alfredo Cornejo, dijo que \u201ces \u00fatil ampliar Cambiemos\u201d y pidi\u00f3 que el acuerdo con el peronismo tenga un \u201ccorrelato electoral\u201d.<\/strong><\/p>\n\n\n\n<p>El gobernador de Mendoza y presidente de la UCR Nacional<strong>, Alfredo Cornejo<\/strong>, se mostr\u00f3 a favor del acuerdo de 10 puntos claves que el Gobierno teje con el peronismo federal y quiere que tenga \"un correlato electoral\".<\/p>\n\n\n\n<p>\"Nos parece una buena iniciativa convocar a la oposici\u00f3n a un acuerdo nacional. En mi caso<strong>&nbsp;me encantar\u00eda que tuviese un correlato electoral<\/strong>. Ya es \u00fatil ampliar Cambiemos a otras fuerzas y a otros dirigentes como (Roberto) Lavagna, (Miguel Angel)&nbsp;Pichetto, (Juan Manuel)&nbsp;Urtubey y (Sergio)&nbsp;Massa. Hay que ampliar Cambiemos para enfrentar las vicisitudes que Argentina tiene y presenta ante el mundo\", declar\u00f3 Cornejo a medios mendocinos.<\/p>\n\n\n\n<p>En esa l\u00ednea, el mandatario plante\u00f3 que \"hay que dar confiabilidad al mundo de que Argentina no va a volver atr\u00e1s, que no va a caer nuevamente en el populismo\".<\/p>\n\n\n\n<p>Pero, consider\u00f3 que \"<strong>es evidente que el Gobierno solo con el presidente Macri a la cabeza no lo puede hacer\"<\/strong>. \"Esas garant\u00edas el Gobierno solo no las va a dar as\u00ed que nos parece muy bien esta convocatoria a un&nbsp;acuerdo y por qu\u00e9 no que tenga un correlato electoral tambi\u00e9n\", agreg\u00f3.<\/p>\n\n\n\n<p>El mandatario hizo hincapi\u00e9 en que un acuerdo de este tipo \"es importante&nbsp;para la vida diaria de los argentinos, para la gente que trabaja y hace mucho esfuerzo, para los empresarios y para que la Argentina no vuelva atr\u00e1s\". \"En ese sentido&nbsp;creemos que no hay que poner l\u00edmites sino ampliar Cambiemos\", concluy\u00f3 Cornejo y pidi\u00f3 que \"la opini\u00f3n p\u00fablica ausculte esos 10 puntos que son necesarios\".&nbsp;<\/p>\n\n\n\n<p>\"Ampliar Cambiemos\"&nbsp;es la frase m\u00e1s repetida por<strong>&nbsp;el&nbsp;diputado&nbsp;Mart\u00edn Lousteau&nbsp;<\/strong>cuando habla&nbsp;del pr\u00f3ximo proceso electoral. Tambi\u00e9n, en sector m\u00e1s cr\u00edtico de la UCR, reflejado en Ricardo Alfons\u00edn, viene pidiendo hace meses \"armar un nuevo frente sin excluir a nadie\". Alfons\u00edn, puntualmente, pide sumar al sector m\u00e1s progresista representado en Lavagna y la l\u00edder del GEN, Margarita Stolbizer.<\/p>\n\n\n\n<p>La UCR todav\u00eda tiene pendiente -sin fecha- la realizaci\u00f3n de la convenci\u00f3n nacional en la que&nbsp;el partido debe&nbsp;revalidar la alianza con el Pro y la Coalici\u00f3n C\u00edvica en Cambiemos. &nbsp;<\/p>\n","protected":false},"excerpt":{"rendered":"<p>El gobernador de Mendoza, Alfredo Cornejo, dijo que \u201ces \u00fatil ampliar Cambiemos\u201d y pidi\u00f3 que el acuerdo con el peronismo tenga un \u201ccorrelato electoral\u201d. El gobernador de Mendoza y presidente de la UCR Nacional, Alfredo Cornejo, se mostr\u00f3 a favor del acuerdo de 10 puntos claves que el Gobierno teje con el peronismo federal y [&hellip;]<\/p>\n","protected":false},"author":1,"featured_media":212776,"comment_status":"open","ping_status":"open","sticky":false,"template":"","format":"standard","meta":{"_stopmodifiedupdate":false,"_modified_date":"","inline_featured_image":false,"spay_email":"","jetpack_publicize_message":"#NACIONAL #ELECCIONES2019\nEl titular de la UCR, Alfredo Cornejo, dio un paso m\u00e1s y pidi\u00f3 sumar a Massa, Lavagna y Pichetto a Cambiemos"},"categories":[2],"tags":[],"jetpack_featured_media_url":"https:\/\/notinor.com\/jujuy\/wp-content\/uploads\/2019\/05\/CORNEJO-MENDOZA.jpg","jetpack_publicize_connections":[],"_links":{"self":[{"href":"https:\/\/notinor.com\/jujuy\/wp-json\/wp\/v2\/posts\/212775"}],"collection":[{"href":"https:\/\/notinor.com\/jujuy\/wp-json\/wp\/v2\/posts"}],"about":[{"href":"https:\/\/notinor.com\/jujuy\/wp-json\/wp\/v2\/types\/post"}],"author":[{"embeddable":true,"href":"https:\/\/notinor.com\/jujuy\/wp-json\/wp\/v2\/users\/1"}],"replies":[{"embeddable":true,"href":"https:\/\/notinor.com\/jujuy\/wp-json\/wp\/v2\/comments?post=212775"}],"version-history":[{"count":1,"href":"https:\/\/notinor.com\/jujuy\/wp-json\/wp\/v2\/posts\/212775\/revisions"}],"predecessor-version":[{"id":212777,"href":"https:\/\/notinor.com\/jujuy\/wp-json\/wp\/v2\/posts\/212775\/revisions\/212777"}],"wp:featuredmedia":[{"embeddable":true,"href":"https:\/\/notinor.com\/jujuy\/wp-json\/wp\/v2\/media\/212776"}],"wp:attachment":[{"href":"https:\/\/notinor.com\/jujuy\/wp-json\/wp\/v2\/media?parent=212775"}],"wp:term":[{"taxonomy":"category","embeddable":true,"href":"https:\/\/notinor.com\/jujuy\/wp-json\/wp\/v2\/categories?post=212775"},{"taxonomy":"post_tag","embeddable":true,"href":"https:\/\/notinor.com\/jujuy\/wp-json\/wp\/v2\/tags?post=212775"}],"curies":[{"name":"wp","href":"https:\/\/api.w.org\/{rel}","templated":true}]}}