{"id":212770,"date":"2019-05-04T08:43:52","date_gmt":"2019-05-04T11:43:52","guid":{"rendered":"http:\/\/notinor.com\/jujuy\/?p=212770"},"modified":"2019-05-04T08:43:57","modified_gmt":"2019-05-04T11:43:57","slug":"rogelio-frigerio-invito-al-kirchnerismo-al-dialogo-ojala-que-no-se-quede-afuera","status":"publish","type":"post","link":"https:\/\/notinor.com\/jujuy\/rogelio-frigerio-invito-al-kirchnerismo-al-dialogo-ojala-que-no-se-quede-afuera\/","title":{"rendered":"Rogelio Frigerio invit\u00f3 al kirchnerismo al di\u00e1logo: \"Ojal\u00e1 que no se quede afuera\""},"content":{"rendered":"\n<figure class=\"wp-block-image\"><img decoding=\"async\" src=\"https:\/\/media.minutouno.com\/adjuntos\/150\/imagenes\/035\/948\/0035948183.jpg\" alt=\"Rogelio Frigerio\"\/><\/figure>\n\n\n\n<p>Rogelio Frigerio, ministro del Interior<br><\/p>\n\n\n\n<p class=\"has-background has-vivid-cyan-blue-background-color\"><strong>El ministro del Interior dijo que la Argentina necesita \"m\u00e1s di\u00e1logo\" y, de cara a las elecciones, asegur\u00f3 que, gane quien gane, hay cuestiones sobre las cu\u00e1les \"no hay discusi\u00f3n\".<\/strong><\/p>\n\n\n\n<p>El ministro del&nbsp;<strong>Interior, Obras P\u00fablicas y Vivienda de la Naci\u00f3n, Rogelio Frigerio<\/strong>, reconoci\u00f3 que desde el Gobierno nacional han \"tenido conversaciones con un sector de la dirigencia de la oposici\u00f3n, que ha venido mostrando en declaraciones p\u00fablicas y privadas ganas de contribuir a la gobernabilidad y que, por sobre todas las cosas, la Argentina pueda superar este momento complejo, tanto por cuestiones econ\u00f3micas como pol\u00edticas\".<\/p>\n\n\n\n<p><strong>\"Pichetto plante\u00f3 en Estados Unidos que la Argentina va a honrar sus compromisos, tambi\u00e9n que va a defender la seguridad jur\u00eddica y los derechos adquiridos. Han mostrado compromiso con el equilibrio de las cuentas p\u00fablicas y con muchas cuestiones que nosotros entendemos tienen que formar parte de acuerdos b\u00e1sicos. Lo mismo ha hecho Urtubey\"<\/strong>, manifest\u00f3 Frigerio.<\/p>\n\n\n\n<figure class=\"wp-block-image\"><img decoding=\"async\" src=\"https:\/\/media.minutouno.com\/adjuntos\/150\/imagenes\/029\/404\/0029404109.jpg?0000-00-00-00-00-00\" alt=\"Nicol\u00e1s Dujovne y Rogelio Friger\"\/><\/figure>\n\n\n\n<p>Nicol\u00e1s Dujovne y Rogelio Friger<\/p>\n\n\n\n<p><strong>\"Me consta que Roberto Lavagna y Sergio Massa cuando son consultados desde el exterior, tambi\u00e9n plantean cuestiones con mucha responsabilidad en t\u00e9rminos de la gobernabilidad y del futuro del pa\u00eds\"<\/strong>, agreg\u00f3.<\/p>\n\n\n\n<p>Para el ministro nacional, \"estas conversaciones por estos acuerdos b\u00e1sicos con la oposici\u00f3n reci\u00e9n empiezan. Es m\u00e1s meritorio que en esta coyuntura podamos dejar de lado los intereses particulares y pensar en los intereses del pa\u00eds. Que necesita mostrarle al mundo que gane quien gane, la mayor parte de la dirigencia acuerda en cuestiones b\u00e1sicas sobre las cu\u00e1les no hay discusi\u00f3n y no se modifican\".<\/p>\n\n\n\n<p><strong>\"Ojala que el kirchnerismo no se quede afuera, que nadie se quede afuera. Cuanto m\u00e1s generalizado sea el acuerdo, mayor va a ser el impacto positivo para la gente\"<\/strong>, enfatiz\u00f3 Frigerio.<\/p>\n\n\n\n<p>\"No mezclamos \u00e9stos di\u00e1logos con lo electoral. Coincido con esa visi\u00f3n de que Argentina necesita m\u00e1s dialogo. Este es el gobierno que m\u00e1s vocaci\u00f3n de di\u00e1logo ha tenido en la Argentina. Por vocaci\u00f3n y por necesidad. La Argentina necesita de acuerdos y hacerlos m\u00e1s visibles, de cara a la sociedad y al mundo\", concluy\u00f3.<\/p>\n","protected":false},"excerpt":{"rendered":"<p>Rogelio Frigerio, ministro del Interior El ministro del Interior dijo que la Argentina necesita \"m\u00e1s di\u00e1logo\" y, de cara a las elecciones, asegur\u00f3 que, gane quien gane, hay cuestiones sobre las cu\u00e1les \"no hay discusi\u00f3n\". El ministro del&nbsp;Interior, Obras P\u00fablicas y Vivienda de la Naci\u00f3n, Rogelio Frigerio, reconoci\u00f3 que desde el Gobierno nacional han \"tenido [&hellip;]<\/p>\n","protected":false},"author":1,"featured_media":138005,"comment_status":"open","ping_status":"open","sticky":false,"template":"","format":"standard","meta":{"_stopmodifiedupdate":false,"_modified_date":"","inline_featured_image":false,"spay_email":"","jetpack_publicize_message":"#NACIONAL #POL\u00cdTICA\nRogelio Frigerio invit\u00f3 al kirchnerismo al di\u00e1logo: \"Ojal\u00e1 que no se quede afuera\""},"categories":[5],"tags":[],"jetpack_featured_media_url":"https:\/\/notinor.com\/jujuy\/wp-content\/uploads\/2017\/09\/ROGELIO-FRIGERIO-en-Casa-Rosada-1920-51.jpg","jetpack_publicize_connections":[],"_links":{"self":[{"href":"https:\/\/notinor.com\/jujuy\/wp-json\/wp\/v2\/posts\/212770"}],"collection":[{"href":"https:\/\/notinor.com\/jujuy\/wp-json\/wp\/v2\/posts"}],"about":[{"href":"https:\/\/notinor.com\/jujuy\/wp-json\/wp\/v2\/types\/post"}],"author":[{"embeddable":true,"href":"https:\/\/notinor.com\/jujuy\/wp-json\/wp\/v2\/users\/1"}],"replies":[{"embeddable":true,"href":"https:\/\/notinor.com\/jujuy\/wp-json\/wp\/v2\/comments?post=212770"}],"version-history":[{"count":1,"href":"https:\/\/notinor.com\/jujuy\/wp-json\/wp\/v2\/posts\/212770\/revisions"}],"predecessor-version":[{"id":212771,"href":"https:\/\/notinor.com\/jujuy\/wp-json\/wp\/v2\/posts\/212770\/revisions\/212771"}],"wp:featuredmedia":[{"embeddable":true,"href":"https:\/\/notinor.com\/jujuy\/wp-json\/wp\/v2\/media\/138005"}],"wp:attachment":[{"href":"https:\/\/notinor.com\/jujuy\/wp-json\/wp\/v2\/media?parent=212770"}],"wp:term":[{"taxonomy":"category","embeddable":true,"href":"https:\/\/notinor.com\/jujuy\/wp-json\/wp\/v2\/categories?post=212770"},{"taxonomy":"post_tag","embeddable":true,"href":"https:\/\/notinor.com\/jujuy\/wp-json\/wp\/v2\/tags?post=212770"}],"curies":[{"name":"wp","href":"https:\/\/api.w.org\/{rel}","templated":true}]}}