{"id":212767,"date":"2019-05-04T08:40:29","date_gmt":"2019-05-04T11:40:29","guid":{"rendered":"http:\/\/notinor.com\/jujuy\/?p=212767"},"modified":"2020-08-24T12:25:25","modified_gmt":"2020-08-24T15:25:25","slug":"las-fotos-que-le-daban-verguenza-a-cande-tinelli-sufria-por-lo-que-podian-pensar-de-mi","status":"publish","type":"post","link":"https:\/\/notinor.com\/jujuy\/las-fotos-que-le-daban-verguenza-a-cande-tinelli-sufria-por-lo-que-podian-pensar-de-mi\/","title":{"rendered":"Las fotos que le daban verg\u00fcenza a Cande Tinelli: \"Sufr\u00eda por lo que pod\u00edan pensar de mi\""},"content":{"rendered":"\n<figure class=\"wp-block-image\"><img decoding=\"async\" src=\"https:\/\/media.minutouno.com\/adjuntos\/154\/imagenes\/036\/524\/0036524862.jpg\" alt=\"Las fotos que le daban verg\u00fcenza a Cande Tinelli: Sufr\u00eda por lo que pod\u00edan pensar de mi\"\/><\/figure>\n\n\n\n<p class=\"has-background has-vivid-cyan-blue-background-color\"><strong>La cantante comparti\u00f3 antiguas im\u00e1genes junto a un mensaje de reflexi\u00f3n sobre su cuerpo y sus tatuajes.<\/strong><\/p>\n\n\n\n<p>Hace casi dos a\u00f1os que\u00a0<strong>Candelaria Tinelli<\/strong>\u00a0decidi\u00f3 tatuar su cuerpo por completo con un llamativo dise\u00f1o que decoraba su espalda y su cola. Las im\u00e1genes de la cantante totalmente desnuda luciendo sus tatuajes con la t\u00e9cnica \u201cblack work\u201d hab\u00edan revolucionado las redes sociales.<\/p>\n\n\n\n<p>Si bien a partir de all\u00ed se produjo una especia de destape en las fotos que comenz\u00f3 a compartir Candelaria en sus redes sociales, ahora admiti\u00f3 que en su momento estaba un poco arrepentida y que incluso le generaba verg\u00fcenza que se hayan difundido.<\/p>\n\n\n\n<p>Pasado un tiempo, la hija de Marcelo Tinelli enfrent\u00f3 aquel episodio y cont\u00f3 c\u00f3mo se siente ahora, al compartir nuevamente aquellas fotos, deseando que Instagram no las censurara por mostrar su cola.<\/p>\n\n\n\n<figure class=\"wp-block-image\"><img decoding=\"async\" src=\"https:\/\/media.ratingcero.com\/adjuntos\/154\/imagenes\/036\/524\/0036524943.jpg?0000-00-00-00-00-00\" alt=\"\"\/><\/figure>\n\n\n\n<p><strong>\u201cMe acuerdo cuando subieron estas fotos a todos lados y quer\u00eda morirme de verg\u00fcenza, sufr\u00eda por lo que la gente pod\u00eda pensar de m\u00ed\u201d<\/strong>, confes\u00f3 Cande, y reflexion\u00f3 dejando un profundo mensaje a sus seguidores sobre autoestima y autoaceptaci\u00f3n del propio cuerpo:&nbsp;<strong>\u201cHoy la verdad, me importa tan poco que las subo yo, orgullosa del cuadro que tengo en la espalda y cola\u201d<\/strong>.<\/p>\n\n\n\n<figure class=\"wp-block-image\"><img decoding=\"async\" src=\"https:\/\/media.ratingcero.com\/adjuntos\/154\/imagenes\/036\/524\/0036524941.jpg?0000-00-00-00-00-00\" alt=\"\"\/><\/figure>\n","protected":false},"excerpt":{"rendered":"<p>La cantante comparti\u00f3 antiguas im\u00e1genes junto a un mensaje de reflexi\u00f3n sobre su cuerpo y sus tatuajes. Hace casi dos a\u00f1os que\u00a0Candelaria Tinelli\u00a0decidi\u00f3 tatuar su cuerpo por completo con un llamativo dise\u00f1o que decoraba su espalda y su cola. Las im\u00e1genes de la cantante totalmente desnuda luciendo sus tatuajes con la t\u00e9cnica \u201cblack work\u201d hab\u00edan [&hellip;]<\/p>\n","protected":false},"author":1,"featured_media":212768,"comment_status":"open","ping_status":"open","sticky":false,"template":"","format":"standard","meta":{"_stopmodifiedupdate":false,"_modified_date":"","inline_featured_image":false,"spay_email":"","jetpack_publicize_message":"#ESPECT\u00c1CULO\nLas fotos que le daban verg\u00fcenza a Cande Tinelli: \"Sufr\u00eda por lo que pod\u00edan pensar de mi\""},"categories":[21],"tags":[],"jetpack_featured_media_url":"https:\/\/notinor.com\/jujuy\/wp-content\/uploads\/2019\/05\/CANDELARIA.jpg","jetpack_publicize_connections":[],"_links":{"self":[{"href":"https:\/\/notinor.com\/jujuy\/wp-json\/wp\/v2\/posts\/212767"}],"collection":[{"href":"https:\/\/notinor.com\/jujuy\/wp-json\/wp\/v2\/posts"}],"about":[{"href":"https:\/\/notinor.com\/jujuy\/wp-json\/wp\/v2\/types\/post"}],"author":[{"embeddable":true,"href":"https:\/\/notinor.com\/jujuy\/wp-json\/wp\/v2\/users\/1"}],"replies":[{"embeddable":true,"href":"https:\/\/notinor.com\/jujuy\/wp-json\/wp\/v2\/comments?post=212767"}],"version-history":[{"count":1,"href":"https:\/\/notinor.com\/jujuy\/wp-json\/wp\/v2\/posts\/212767\/revisions"}],"predecessor-version":[{"id":212769,"href":"https:\/\/notinor.com\/jujuy\/wp-json\/wp\/v2\/posts\/212767\/revisions\/212769"}],"wp:featuredmedia":[{"embeddable":true,"href":"https:\/\/notinor.com\/jujuy\/wp-json\/wp\/v2\/media\/212768"}],"wp:attachment":[{"href":"https:\/\/notinor.com\/jujuy\/wp-json\/wp\/v2\/media?parent=212767"}],"wp:term":[{"taxonomy":"category","embeddable":true,"href":"https:\/\/notinor.com\/jujuy\/wp-json\/wp\/v2\/categories?post=212767"},{"taxonomy":"post_tag","embeddable":true,"href":"https:\/\/notinor.com\/jujuy\/wp-json\/wp\/v2\/tags?post=212767"}],"curies":[{"name":"wp","href":"https:\/\/api.w.org\/{rel}","templated":true}]}}