{"id":212762,"date":"2019-05-04T08:26:47","date_gmt":"2019-05-04T11:26:47","guid":{"rendered":"http:\/\/notinor.com\/jujuy\/?p=212762"},"modified":"2019-05-04T09:16:01","modified_gmt":"2019-05-04T12:16:01","slug":"363-cargos-3-500-candidatos-para-el-9-de-junio","status":"publish","type":"post","link":"https:\/\/notinor.com\/jujuy\/363-cargos-3-500-candidatos-para-el-9-de-junio\/","title":{"rendered":"363 cargos y 3.500 candidatos para el 9 de junio"},"content":{"rendered":"\n<p class=\"has-background has-vivid-cyan-blue-background-color\"><strong>En una conferencia de prensa brindada por el Juez del Superior Tribunal de Justicia, a cargo de la presidencia del Tribunal Electoral, Federico Otaola, y el secretario electoral, Horacio Pasini Bonfanti&nbsp;se brind\u00f3 informaci\u00f3n sobre los datos m\u00e1s relevantes relacionados a las elecciones del 9 de junio. <\/strong><\/p>\n\n\n\n<p>Cabe destacar que las elecciones provinciales\nse realizar\u00e1n en poco m\u00e1s de un mes y sorprende la gran cantidad de candidatos\nque buscar\u00e1n ser elegidos para ocupar alg\u00fan cargo pol\u00edtico. Adem\u00e1s se conoci\u00f3\nque 547.502 ciudadanos podr\u00e1n votar en estos comicios y habr\u00e1 1.687 mesas\nhabilitadas en toda la provincia.<\/p>\n\n\n\n<p>Asimismo, es importante saber que las boletas tendr\u00e1n cinco cuerpos, en los\ncuales figurar\u00e1n las postulaciones a gobernador y vice, diputados provinciales\ntitulares y suplentes, intendentes, concejales titulares y suplentes,\ncomisionados municipales titulares y suplentes, lo que hace un total de 363\ncargos a elegir el pr\u00f3ximo 9 de junio.<\/p>\n\n\n\n<p>Asimismo,&nbsp;las alianzas presentadas (frentes, partidos provinciales y municipales)\nsuman m\u00e1s de 3.500 candidatos en todo el territorio provincial&nbsp;que\na\u00fan restan ser ratificados por las autoridades del Tribunal Electoral\nPermanente de la Provincia.<\/p>\n\n\n\n<p>Adem\u00e1s 19 municipios presentaron padr\u00f3n de\nextranjeros, por lo que 1.807 ciudadanos no nativos, se inscribieron\nvoluntariamente para sufragar.<\/p>\n","protected":false},"excerpt":{"rendered":"<p>En una conferencia de prensa brindada por el Juez del Superior Tribunal de Justicia, a cargo de la presidencia del Tribunal Electoral, Federico Otaola, y el secretario electoral, Horacio Pasini Bonfanti&nbsp;se brind\u00f3 informaci\u00f3n sobre los datos m\u00e1s relevantes relacionados a las elecciones del 9 de junio. Cabe destacar que las elecciones provinciales se realizar\u00e1n en [&hellip;]<\/p>\n","protected":false},"author":1,"featured_media":130154,"comment_status":"open","ping_status":"open","sticky":false,"template":"","format":"standard","meta":{"_stopmodifiedupdate":false,"_modified_date":"","inline_featured_image":false,"spay_email":"","jetpack_publicize_message":"#JUJUY #ELECCIONES\n363 cargos, 3.500 candidatos para el 9 de junio "},"categories":[2],"tags":[],"jetpack_featured_media_url":"https:\/\/notinor.com\/jujuy\/wp-content\/uploads\/2017\/08\/urnas-elecciones-2017.jpg","jetpack_publicize_connections":[],"_links":{"self":[{"href":"https:\/\/notinor.com\/jujuy\/wp-json\/wp\/v2\/posts\/212762"}],"collection":[{"href":"https:\/\/notinor.com\/jujuy\/wp-json\/wp\/v2\/posts"}],"about":[{"href":"https:\/\/notinor.com\/jujuy\/wp-json\/wp\/v2\/types\/post"}],"author":[{"embeddable":true,"href":"https:\/\/notinor.com\/jujuy\/wp-json\/wp\/v2\/users\/1"}],"replies":[{"embeddable":true,"href":"https:\/\/notinor.com\/jujuy\/wp-json\/wp\/v2\/comments?post=212762"}],"version-history":[{"count":2,"href":"https:\/\/notinor.com\/jujuy\/wp-json\/wp\/v2\/posts\/212762\/revisions"}],"predecessor-version":[{"id":212782,"href":"https:\/\/notinor.com\/jujuy\/wp-json\/wp\/v2\/posts\/212762\/revisions\/212782"}],"wp:featuredmedia":[{"embeddable":true,"href":"https:\/\/notinor.com\/jujuy\/wp-json\/wp\/v2\/media\/130154"}],"wp:attachment":[{"href":"https:\/\/notinor.com\/jujuy\/wp-json\/wp\/v2\/media?parent=212762"}],"wp:term":[{"taxonomy":"category","embeddable":true,"href":"https:\/\/notinor.com\/jujuy\/wp-json\/wp\/v2\/categories?post=212762"},{"taxonomy":"post_tag","embeddable":true,"href":"https:\/\/notinor.com\/jujuy\/wp-json\/wp\/v2\/tags?post=212762"}],"curies":[{"name":"wp","href":"https:\/\/api.w.org\/{rel}","templated":true}]}}