{"id":212737,"date":"2019-05-03T22:03:00","date_gmt":"2019-05-04T01:03:00","guid":{"rendered":"http:\/\/notinor.com\/jujuy\/?p=212737"},"modified":"2019-05-03T22:03:06","modified_gmt":"2019-05-04T01:03:06","slug":"costa-amenaza-con-dimitir-si-se-actualizan-los-salarios-de-los-profesores-incluyendo-los-diez-anos-de-congelacion","status":"publish","type":"post","link":"https:\/\/notinor.com\/jujuy\/costa-amenaza-con-dimitir-si-se-actualizan-los-salarios-de-los-profesores-incluyendo-los-diez-anos-de-congelacion\/","title":{"rendered":"Costa amenaza con dimitir si se actualizan los salarios de los profesores incluyendo los diez a\u00f1os de congelaci\u00f3n"},"content":{"rendered":"\n<p><strong><em>\"La aprobaci\u00f3n final de esta iniciativa constituir\u00eda una ruptura irreparable con el compromiso de equilibro\", aseguro.<\/em><\/strong><\/p>\n\n\n\n<figure class=\"wp-block-image\"><img decoding=\"async\" loading=\"lazy\" width=\"1600\" height=\"900\" src=\"https:\/\/i2.wp.com\/notinor.com\/jujuy\/wp-content\/uploads\/2019\/05\/portugal.jpg?fit=840%2C473\" alt=\"\" class=\"wp-image-212738\" srcset=\"https:\/\/notinor.com\/jujuy\/wp-content\/uploads\/2019\/05\/portugal.jpg 1600w, https:\/\/notinor.com\/jujuy\/wp-content\/uploads\/2019\/05\/portugal-500x280.jpg 500w, https:\/\/notinor.com\/jujuy\/wp-content\/uploads\/2019\/05\/portugal-649x365.jpg 649w, https:\/\/notinor.com\/jujuy\/wp-content\/uploads\/2019\/05\/portugal-768x432.jpg 768w, https:\/\/notinor.com\/jujuy\/wp-content\/uploads\/2019\/05\/portugal-840x473.jpg 840w\" sizes=\"(max-width: 1600px) 100vw, 1600px\" \/><\/figure>\n\n\n\n<p class=\"has-background has-vivid-cyan-blue-background-color\"><strong><em>Obligar\u00eda a habilitar partidas excepcionales que solo ser\u00edan posibles mediante recortes o aumentos de impuestos.<\/em><\/strong><\/p>\n\n\n\n<p>El primer ministro de Portugal, el socialista Ant\u00f3nio\u00a0Costa, ha amenazado este viernes con dimitir\u00a0si finalmente es refrendada la medida que reconoce que la actualizaci\u00f3n de los salarios de los profesores debe incluir casi diez a\u00f1os de congelaci\u00f3n.<\/p>\n\n\n\n<p>\"La aprobaci\u00f3n final de\u00a0esta iniciativa constituir\u00eda una ruptura irreparable con el compromiso de equilibro\" y \"comprometer\u00eda la credibilidad internacional de Portugal\", ha dicho Costa, en una declaraci\u00f3n institucional tras encabezar una reuni\u00f3n \"de emergencia\" con su Gabinete.<\/p>\n\n\n\n<p>\"No estamos haciendo chantajes ni ultim\u00e1tums. Es mi deber de lealtad informar con franqueza a los portugueses\", ha afirmado el primer ministro.<\/p>\n\n\n\n<p>Aceptar las demandas del colectivo de profesores, ha se\u00f1alado,\u00a0obligar\u00eda a habilitar partidas excepcionales que solo ser\u00edan posibles mediante recortes o aumentos de impuestos.<\/p>\n\n\n\n<p>Adem\u00e1s, si prospera la iniciativa, se abrir\u00eda la puerta a una serie de demandas similares de otros empleados p\u00fablicos y de trabajadores que sufrieron tambi\u00e9n congelaci\u00f3n salarial durante los peores a\u00f1os de la crisis. De hecho, los\u00a0militares, la Guardia Nacional y la Polic\u00eda Mar\u00edtima ya han anunciado que exigir\u00e1n el mismo trato\u00a0que los profesores.<\/p>\n\n\n\n<p><strong><em>Elecciones en octubre<\/em><\/strong><\/p>\n\n\n\n<p>El anuncio de Costa abre un tenso comp\u00e1s de espera hasta el\u00a0pr\u00f3ximo d\u00eda 15, cuando est\u00e1 prevista la votaci\u00f3n final de la iniciativa en el Parlamento.\u00a0\"Cualquiera de las alternativas compromete la gobernabilidad\", ha dicho Costa.<\/p>\n\n\n\n<p>El conflicto no es nuevo. Los profesores, uno de los gremios m\u00e1s beligerantes frente al Ejecutivo socialista, arrastran un a\u00f1o y medio de movilizaciones en reclamo de una actualizaci\u00f3n salarial que contabilice su antig\u00fcedad total.\u00a0El Gobierno se ha negado insistentemente, porque, sostiene, este reconocimiento\u00a0supondr\u00eda un aumento del gasto p\u00fablico de m\u00e1s de 600 millones\u00a0e impedir\u00eda cumplir los objetivos presupuestarios, en sinton\u00eda con el reclamo de la Uni\u00f3n Europea.<\/p>\n\n\n\n<p>A cinco meses de las\u00a0elecciones legislativas\u00a0previstas para octubre, esta crisis ha revelado la soledad del Gobierno y las debilidades de la\u00a0alianza de izquierdas que llev\u00f3 a Costa al poder.\u00a0\"Cuatro partidos se han entendido en la Asamblea de la Rep\u00fablica para aprobar algo que no hab\u00edan propuesto (en sus programas electorales)\", ha dicho el primer ministro.<\/p>\n\n\n\n<p>El primer ministro se ha referido as\u00ed a la aprobaci\u00f3n, el jueves en el Parlamento, de una iniciativa para contabilizar de forma integral el tiempo de servicio congelado a los profesores para actualizar sus salarios.\u00a0Todos los grupos, a excepci\u00f3n del socialista, votaron a favor.<\/p>\n\n\n\n<p>Seg\u00fan Costa, sus\u00a0aliados en el Gobierno, el Bloque de Izquierda y el Partido Comunista, son \"coherentes\"\u00a0con lo que han venido defendiendo desde 2017, pero la derecha se ha sumado, en una actitud \"incoherente\".<\/p>\n\n\n\n<p><strong><em>La oposici\u00f3n critica la actitud de Costa<\/em><\/strong><\/p>\n\n\n\n<p>Las reacciones no se han hecho esperar y la oposici\u00f3n ha criticado la actitud de Costa, que\u00a0pese al desgaste propio en la gesti\u00f3n de Gobierno es favorito en las encuestas\u00a0para las elecciones de octubre.<\/p>\n\n\n\n<p>Tras escucharle, sus socios comunistas han adelantado que volver\u00e1n a votar en favor de la medida: \"No entraremos en el juego de dejarles condicionar nuestra posici\u00f3n. Los chantajes del Gobierno con el PCP no funcionar\u00e1n\", han advertido.<\/p>\n\n\n\n<p>Por su parte, la coordinadora del\u00a0Bloque de Izquierda, Catarina Martins, tambi\u00e9n ha avanzado que mantendr\u00e1n su voto\u00a0y ha lamentado\u00a0la \"inestabilidad\" creada por el \"ultim\u00e1tum\" de Costa, aunque ha subrayado su \"lealtad\" al pacto de gobernabilidad con los socialistas.<\/p>\n\n\n\n<p>Tambi\u00e9n se ha mostrado\u00a0dispuesta a mantener su voto Helo\u00edsa Apolonia, l\u00edder del Partido Los Verdes\u00a0-tambi\u00e9n socios del Gobierno-, quien ha dicho que el anuncio constituye un \"chantaje inadmisible\".<\/p>\n\n\n\n<p>Por \u00faltimo, la\u00a0derecha tampoco parece dispuesta a moverse. \"No tenemos dos caras\", ha llegado a decir el l\u00edder conservador Rui Rio.<\/p>\n","protected":false},"excerpt":{"rendered":"<p>\"La aprobaci\u00f3n final de esta iniciativa constituir\u00eda una ruptura irreparable con el compromiso de equilibro\", aseguro. Obligar\u00eda a habilitar partidas excepcionales que solo ser\u00edan posibles mediante recortes o aumentos de impuestos. El primer ministro de Portugal, el socialista Ant\u00f3nio\u00a0Costa, ha amenazado este viernes con dimitir\u00a0si finalmente es refrendada la medida que reconoce que la actualizaci\u00f3n [&hellip;]<\/p>\n","protected":false},"author":1,"featured_media":212738,"comment_status":"open","ping_status":"open","sticky":false,"template":"","format":"standard","meta":{"_stopmodifiedupdate":false,"_modified_date":"","inline_featured_image":false,"spay_email":"","jetpack_publicize_message":"#Portugal #Octubre\nCosta amenaza con dimitir si se actualizan los salarios de los profesores incluyendo los diez a\u00f1os de congelaci\u00f3n"},"categories":[6],"tags":[],"jetpack_featured_media_url":"https:\/\/notinor.com\/jujuy\/wp-content\/uploads\/2019\/05\/portugal.jpg","jetpack_publicize_connections":[],"_links":{"self":[{"href":"https:\/\/notinor.com\/jujuy\/wp-json\/wp\/v2\/posts\/212737"}],"collection":[{"href":"https:\/\/notinor.com\/jujuy\/wp-json\/wp\/v2\/posts"}],"about":[{"href":"https:\/\/notinor.com\/jujuy\/wp-json\/wp\/v2\/types\/post"}],"author":[{"embeddable":true,"href":"https:\/\/notinor.com\/jujuy\/wp-json\/wp\/v2\/users\/1"}],"replies":[{"embeddable":true,"href":"https:\/\/notinor.com\/jujuy\/wp-json\/wp\/v2\/comments?post=212737"}],"version-history":[{"count":1,"href":"https:\/\/notinor.com\/jujuy\/wp-json\/wp\/v2\/posts\/212737\/revisions"}],"predecessor-version":[{"id":212739,"href":"https:\/\/notinor.com\/jujuy\/wp-json\/wp\/v2\/posts\/212737\/revisions\/212739"}],"wp:featuredmedia":[{"embeddable":true,"href":"https:\/\/notinor.com\/jujuy\/wp-json\/wp\/v2\/media\/212738"}],"wp:attachment":[{"href":"https:\/\/notinor.com\/jujuy\/wp-json\/wp\/v2\/media?parent=212737"}],"wp:term":[{"taxonomy":"category","embeddable":true,"href":"https:\/\/notinor.com\/jujuy\/wp-json\/wp\/v2\/categories?post=212737"},{"taxonomy":"post_tag","embeddable":true,"href":"https:\/\/notinor.com\/jujuy\/wp-json\/wp\/v2\/tags?post=212737"}],"curies":[{"name":"wp","href":"https:\/\/api.w.org\/{rel}","templated":true}]}}