{"id":208865,"date":"2019-04-02T07:45:32","date_gmt":"2019-04-02T10:45:32","guid":{"rendered":"http:\/\/notinor.com\/jujuy\/?p=208865"},"modified":"2019-04-02T07:45:32","modified_gmt":"2019-04-02T10:45:32","slug":"rechazaron-el-pedido-de-florencia-kirchner-para-no-interrumpir-su-tratamiento-en-cuba","status":"publish","type":"post","link":"https:\/\/notinor.com\/jujuy\/rechazaron-el-pedido-de-florencia-kirchner-para-no-interrumpir-su-tratamiento-en-cuba\/","title":{"rendered":"Rechazaron el pedido de Florencia Kirchner para no interrumpir su tratamiento en Cuba"},"content":{"rendered":"\n<figure class=\"wp-block-image\"><img decoding=\"async\" src=\"https:\/\/media.minutouno.com\/adjuntos\/150\/imagenes\/036\/351\/0036351610.jpg\" alt=\"Rechazaron el pedido de Florencia Kirchner para no interrumpir su tratamiento en Cuba\"\/><\/figure>\n\n\n\n<p><em>El abogado de la joven, Carlos Beraldi, hab\u00eda presentado la solicitud ante el TOF 5, que no hizo a lugar y pidi\u00f3 la historia cl\u00ednica completa.<\/em><\/p>\n\n\n\n<p>El Tribunal Oral Federal\u00a0<strong>(TOF) 5<\/strong>\u00a0rechaz\u00f3 el pedido de extender la estad\u00eda de\u00a0<strong>Florencia Kirchner\u00a0en Cuba<\/strong>, donde realiza un<strong>\u00a0tratamiento m\u00e9dico<\/strong>\u00a0e intim\u00f3 su abogado, Carlos\u00a0<strong>Beraldi<\/strong>, a que presente la historia cl\u00ednica completa de la joven salud. De este modo, sigue vigente la fecha de retorno fijada para el\u00a0<strong>4 de abril<\/strong>.<\/p>\n\n\n\n<p>El letrado hab\u00eda pedido extender la estad\u00eda de la hija de Cristina Kirchner&nbsp;<strong>hasta que los m\u00e9dicos en Cuba le den el alta m\u00e9dica<\/strong>&nbsp;a ra\u00edz del cuadro de estr\u00e9s postraum\u00e1tico y problemas de alimentaci\u00f3n que sufre.<\/p>\n\n\n\n<p>Adem\u00e1s, el TOF 5 declin\u00f3 la competencia en el caso \"Los Sauces\" para que se acumule por \"conexidad\" con el 2, donde est\u00e1 radicada la causa por presunto fraude en la obra p\u00fablica, en la que tambi\u00e9n est\u00e1 acusada la ex presidenta, y la cual tiene fecha de inicio el pr\u00f3ximo&nbsp;<strong>21 de mayo<\/strong>.<\/p>\n\n\n\n<p>Beraldi se hab\u00eda presentado en las \u00faltimas horas para solicitar una pr\u00f3rroga de la estad\u00eda de Florencia Kirchner en Cuba hasta que los m\u00e9dicos le dieran el alta, y as\u00ed tener autorizaci\u00f3n para no tener que volver el pr\u00f3ximo 4 de abril, algo que por ahora se mantiene vigente.<\/p>\n","protected":false},"excerpt":{"rendered":"<p>El abogado de la joven, Carlos Beraldi, hab\u00eda presentado la solicitud ante el TOF 5, que no hizo a lugar y pidi\u00f3 la historia cl\u00ednica completa. El Tribunal Oral Federal\u00a0(TOF) 5\u00a0rechaz\u00f3 el pedido de extender la estad\u00eda de\u00a0Florencia Kirchner\u00a0en Cuba, donde realiza un\u00a0tratamiento m\u00e9dico\u00a0e intim\u00f3 su abogado, Carlos\u00a0Beraldi, a que presente la historia cl\u00ednica completa [&hellip;]<\/p>\n","protected":false},"author":1,"featured_media":208814,"comment_status":"open","ping_status":"open","sticky":false,"template":"","format":"standard","meta":{"_stopmodifiedupdate":false,"_modified_date":"","inline_featured_image":false,"spay_email":"","jetpack_publicize_message":""},"categories":[5],"tags":[],"jetpack_featured_media_url":"https:\/\/notinor.com\/jujuy\/wp-content\/uploads\/2019\/04\/FLORENCIA-KICHNER.jpg","jetpack_publicize_connections":[],"_links":{"self":[{"href":"https:\/\/notinor.com\/jujuy\/wp-json\/wp\/v2\/posts\/208865"}],"collection":[{"href":"https:\/\/notinor.com\/jujuy\/wp-json\/wp\/v2\/posts"}],"about":[{"href":"https:\/\/notinor.com\/jujuy\/wp-json\/wp\/v2\/types\/post"}],"author":[{"embeddable":true,"href":"https:\/\/notinor.com\/jujuy\/wp-json\/wp\/v2\/users\/1"}],"replies":[{"embeddable":true,"href":"https:\/\/notinor.com\/jujuy\/wp-json\/wp\/v2\/comments?post=208865"}],"version-history":[{"count":1,"href":"https:\/\/notinor.com\/jujuy\/wp-json\/wp\/v2\/posts\/208865\/revisions"}],"predecessor-version":[{"id":208866,"href":"https:\/\/notinor.com\/jujuy\/wp-json\/wp\/v2\/posts\/208865\/revisions\/208866"}],"wp:featuredmedia":[{"embeddable":true,"href":"https:\/\/notinor.com\/jujuy\/wp-json\/wp\/v2\/media\/208814"}],"wp:attachment":[{"href":"https:\/\/notinor.com\/jujuy\/wp-json\/wp\/v2\/media?parent=208865"}],"wp:term":[{"taxonomy":"category","embeddable":true,"href":"https:\/\/notinor.com\/jujuy\/wp-json\/wp\/v2\/categories?post=208865"},{"taxonomy":"post_tag","embeddable":true,"href":"https:\/\/notinor.com\/jujuy\/wp-json\/wp\/v2\/tags?post=208865"}],"curies":[{"name":"wp","href":"https:\/\/api.w.org\/{rel}","templated":true}]}}