{"id":208859,"date":"2019-04-02T07:42:25","date_gmt":"2019-04-02T10:42:25","guid":{"rendered":"http:\/\/notinor.com\/jujuy\/?p=208859"},"modified":"2019-04-02T07:42:26","modified_gmt":"2019-04-02T10:42:26","slug":"por-que-no-hubo-feriado-puente-y-cuando-es-el-proximo-en-2019","status":"publish","type":"post","link":"https:\/\/notinor.com\/jujuy\/por-que-no-hubo-feriado-puente-y-cuando-es-el-proximo-en-2019\/","title":{"rendered":"Por qu\u00e9 no hubo \"feriado puente\" y cu\u00e1ndo es el pr\u00f3ximo en 2019"},"content":{"rendered":"\n<figure class=\"wp-block-image\"><img decoding=\"async\" src=\"https:\/\/media.minutouno.com\/adjuntos\/150\/imagenes\/036\/207\/0036207303.jpg\" alt=\"Por qu\u00e9 no hubo feriado puente y cu\u00e1ndo es el pr\u00f3ximo en 2019\"\/><\/figure>\n\n\n\n<p><em>Pese a que este feriado cae martes y muchos especularon con la chance de un fin de semana largo, el lunes no fue decretado \"feriado puente\".<\/em><\/p>\n\n\n\n<p>Este martes 2 de abril se conmemora el&nbsp;<strong>D\u00eda del Veterano y de los Ca\u00eddos en la Guerra de Malvinas<\/strong>, al cumplirse 37 a\u00f1os del comienzo del conflicto b\u00e9lico. Se trata de un feriado inamovible, lo que significa que no puede adelantarse o atrasarse para fomentar el turismo como s\u00ed sucede con otras fechas conmemorativas.<\/p>\n\n\n\n<p><strong>La Ley N\u00b0 26.110 es la que establece que dicho feriado no se pueda mover de su fecha original.<\/strong>&nbsp;Pero adem\u00e1s, en este caso, el Gobierno no decret\u00f3 al lunes 1\u00b0 como el denominado \"feriado puente\", por lo que no hubo fin de semana largo.<\/p>\n\n\n\n<p>En este contexto, entonces,&nbsp;para el pr\u00f3ximo \"feriado puente\" habr\u00e1 que esperar hasta julio.&nbsp;Ser\u00e1 el lunes 8, ya que el martes 9,&nbsp;<strong>D\u00eda de la Independencia<\/strong>, tambi\u00e9n es un feriado inamovible, pero en este caso s\u00ed habr\u00e1 fin de semana largo.<\/p>\n\n\n\n<p>Cabe destacar tambi\u00e9n que habr\u00e1 otro fin de semana largo en abril, el de Semana Santa. All\u00ed el feriado ser\u00e1 el viernes 19, el denominado Viernes Santo, mientras que el jueves 18 ser\u00e1 un d\u00eda \"no laborable\".<\/p>\n","protected":false},"excerpt":{"rendered":"<p>Pese a que este feriado cae martes y muchos especularon con la chance de un fin de semana largo, el lunes no fue decretado \"feriado puente\". Este martes 2 de abril se conmemora el&nbsp;D\u00eda del Veterano y de los Ca\u00eddos en la Guerra de Malvinas, al cumplirse 37 a\u00f1os del comienzo del conflicto b\u00e9lico. Se [&hellip;]<\/p>\n","protected":false},"author":1,"featured_media":208861,"comment_status":"open","ping_status":"open","sticky":false,"template":"","format":"standard","meta":{"_stopmodifiedupdate":false,"_modified_date":"","inline_featured_image":false,"spay_email":"","jetpack_publicize_message":""},"categories":[13],"tags":[],"jetpack_featured_media_url":"https:\/\/notinor.com\/jujuy\/wp-content\/uploads\/2019\/04\/feriado.jpg","jetpack_publicize_connections":[],"_links":{"self":[{"href":"https:\/\/notinor.com\/jujuy\/wp-json\/wp\/v2\/posts\/208859"}],"collection":[{"href":"https:\/\/notinor.com\/jujuy\/wp-json\/wp\/v2\/posts"}],"about":[{"href":"https:\/\/notinor.com\/jujuy\/wp-json\/wp\/v2\/types\/post"}],"author":[{"embeddable":true,"href":"https:\/\/notinor.com\/jujuy\/wp-json\/wp\/v2\/users\/1"}],"replies":[{"embeddable":true,"href":"https:\/\/notinor.com\/jujuy\/wp-json\/wp\/v2\/comments?post=208859"}],"version-history":[{"count":1,"href":"https:\/\/notinor.com\/jujuy\/wp-json\/wp\/v2\/posts\/208859\/revisions"}],"predecessor-version":[{"id":208860,"href":"https:\/\/notinor.com\/jujuy\/wp-json\/wp\/v2\/posts\/208859\/revisions\/208860"}],"wp:featuredmedia":[{"embeddable":true,"href":"https:\/\/notinor.com\/jujuy\/wp-json\/wp\/v2\/media\/208861"}],"wp:attachment":[{"href":"https:\/\/notinor.com\/jujuy\/wp-json\/wp\/v2\/media?parent=208859"}],"wp:term":[{"taxonomy":"category","embeddable":true,"href":"https:\/\/notinor.com\/jujuy\/wp-json\/wp\/v2\/categories?post=208859"},{"taxonomy":"post_tag","embeddable":true,"href":"https:\/\/notinor.com\/jujuy\/wp-json\/wp\/v2\/tags?post=208859"}],"curies":[{"name":"wp","href":"https:\/\/api.w.org\/{rel}","templated":true}]}}