{"id":20558,"date":"2015-03-23T00:00:36","date_gmt":"2015-03-23T03:00:36","guid":{"rendered":"http:\/\/notinor.com\/jujuy\/?p=20558"},"modified":"2015-03-22T22:53:00","modified_gmt":"2015-03-23T01:53:00","slug":"sospechoso-se-quemo-el-registro-de-ingresos-y-egresos-a-la-casa-rosada","status":"publish","type":"post","link":"https:\/\/notinor.com\/jujuy\/sospechoso-se-quemo-el-registro-de-ingresos-y-egresos-a-la-casa-rosada\/","title":{"rendered":"Sospechoso:  Se quem\u00f3 el registro de ingresos y egresos a la Casa Rosada"},"content":{"rendered":"<p>El 21 de febrero pasado, tres d\u00edas despu\u00e9s de la multitudinaria marcha que se realiz\u00f3 en memoria de Alberto Nisman, se incendi\u00f3 el registro de ingresos y egresos a la Casa Rosada.<\/p>\n<p>La hecho resulta sugestivo por dos razones: 1) el Gobierno decidi\u00f3 no dar a conocer el siniestro en ese momento; 2) el fuego podr\u00eda haber borrado informaci\u00f3n importante vinculada a la denuncia de encubrimiento que realiz\u00f3 el fallecido fiscal especial para la causa AMIA, en la que est\u00e1n involucrados la Presidente, el Canciller y otros dirigentes vinculados al oficialismo.<\/p>\n<p>En la presentaci\u00f3n que realiz\u00f3 d\u00edas antes de ser encontrado sin vida con un balazo en la cabeza, Nisman sostuvo que Luis D'El\u00eda ofici\u00f3 de nexo entre el Gobierno e Ir\u00e1n; para fundamentar su denuncia, el funcionario judicial present\u00f3 escuchas telef\u00f3nicas en las que oye cuando el ex piquetero le cuenta a Jorge Alejandro Khalil -considerado representante del r\u00e9gimen teocr\u00e1tico en la Argentina- que est\u00e1 en el interior de la Casa Rosada y trata de coordinar un encuentro para darle (personalmente) un mensaje de la administraci\u00f3n kirchnerista.<\/p>\n<p>El incendio en el subsuelo, contiguo al Sal\u00f3n de los Pintores y Pinturas Argentinas del Bicentenario, da\u00f1\u00f3 severamente al sistema digital de ingresos y egresos. El hecho fue reconocido por el jefe de Gabinete, An\u00edbal Fern\u00e1ndez, quien dio detalles del siniestro, pero minimiz\u00f3 su impacto.<\/p>\n<p>\"Ocurri\u00f3 por una sobrecarga en cables viejos, que por supuesto ya ordenamos cambiar. Puede ser que haya afectado alguna parte del sistema pero me confirmaron que hay backup (copia de seguridad) de todo. No se perdi\u00f3 ning\u00fan tipo de informaci\u00f3n\", asegur\u00f3 en declaraciones al diario Clar\u00edn.<\/p>\n<p>Adem\u00e1s el funcionario explic\u00f3 que el Gobierno no dio la noticia porque, \"como no se perdi\u00f3 nada\", se consider\u00f3 que se trataba de un tema \"menor\". Lo cierto es que el incendio provoc\u00f3 que se perdiera una gran parte del historial de personas que visitaron la sede gubernamental: esto no incluye el registro de los principales funcionarios, pero s\u00ed la identidad de las personas de menor rango que pasaron por la Rosada. Nadie se anima a arriesgar que se trat\u00f3 de un incidente intencional, pero tampoco se atreven a descartarlo.<\/p>\n","protected":false},"excerpt":{"rendered":"<p>El 21 de febrero pasado, tres d\u00edas despu\u00e9s de la multitudinaria marcha que se realiz\u00f3 en memoria de Alberto Nisman, se incendi\u00f3 el registro de ingresos y egresos a la Casa Rosada. La hecho resulta sugestivo por dos razones: 1) el Gobierno decidi\u00f3 no dar a conocer el siniestro en ese momento; 2) el fuego [&hellip;]<\/p>\n","protected":false},"author":1,"featured_media":20559,"comment_status":"open","ping_status":"open","sticky":false,"template":"","format":"standard","meta":{"_stopmodifiedupdate":false,"_modified_date":"","inline_featured_image":false},"categories":[5],"tags":[],"jetpack_featured_media_url":"https:\/\/notinor.com\/jujuy\/wp-content\/uploads\/2015\/03\/incendio-casa-rosada.jpg","_links":{"self":[{"href":"https:\/\/notinor.com\/jujuy\/wp-json\/wp\/v2\/posts\/20558"}],"collection":[{"href":"https:\/\/notinor.com\/jujuy\/wp-json\/wp\/v2\/posts"}],"about":[{"href":"https:\/\/notinor.com\/jujuy\/wp-json\/wp\/v2\/types\/post"}],"author":[{"embeddable":true,"href":"https:\/\/notinor.com\/jujuy\/wp-json\/wp\/v2\/users\/1"}],"replies":[{"embeddable":true,"href":"https:\/\/notinor.com\/jujuy\/wp-json\/wp\/v2\/comments?post=20558"}],"version-history":[{"count":1,"href":"https:\/\/notinor.com\/jujuy\/wp-json\/wp\/v2\/posts\/20558\/revisions"}],"predecessor-version":[{"id":20560,"href":"https:\/\/notinor.com\/jujuy\/wp-json\/wp\/v2\/posts\/20558\/revisions\/20560"}],"wp:featuredmedia":[{"embeddable":true,"href":"https:\/\/notinor.com\/jujuy\/wp-json\/wp\/v2\/media\/20559"}],"wp:attachment":[{"href":"https:\/\/notinor.com\/jujuy\/wp-json\/wp\/v2\/media?parent=20558"}],"wp:term":[{"taxonomy":"category","embeddable":true,"href":"https:\/\/notinor.com\/jujuy\/wp-json\/wp\/v2\/categories?post=20558"},{"taxonomy":"post_tag","embeddable":true,"href":"https:\/\/notinor.com\/jujuy\/wp-json\/wp\/v2\/tags?post=20558"}],"curies":[{"name":"wp","href":"https:\/\/api.w.org\/{rel}","templated":true}]}}