{"id":203820,"date":"2018-12-21T11:02:28","date_gmt":"2018-12-21T14:02:28","guid":{"rendered":"http:\/\/notinor.com\/jujuy\/?p=203820"},"modified":"2018-12-21T11:02:28","modified_gmt":"2018-12-21T14:02:28","slug":"el-municipio-de-san-salvador-de-jujuy-es-distinguido-por-sus-avances-en-materia-de-modernizacion","status":"publish","type":"post","link":"https:\/\/notinor.com\/jujuy\/el-municipio-de-san-salvador-de-jujuy-es-distinguido-por-sus-avances-en-materia-de-modernizacion\/","title":{"rendered":"El Municipio de San Salvador de Jujuy es distinguido por sus avances en materia de Modernizaci\u00f3n"},"content":{"rendered":"<p style=\"font-weight: 400;\">Por segunda vez consecutiva, San Salvador de Jujuy ha sido galardonado entre los 10 municipios que m\u00e1s personal de mandos medios (directivos y profesionales) ha capacitado durante el a\u00f1o en materia de modernizaci\u00f3n.<\/p>\n<p style=\"font-weight: 400;\">Al respecto, el intendente Ra\u00fal Jorge manifest\u00f3\u00a0 el orgullo que siente el municipio al ser reconocido por\u00a0 la actitud de la gesti\u00f3n, de entender que el recurso humano es m\u00e1s eficiente si se adecua a los tiempos, a la tecnolog\u00eda y a la modernizaci\u00f3n, \"siempre estamos atentos a los programas que vienen de naci\u00f3n\u00a0 y depositamos mucha confianza y recursos,\u00a0 para respaldar esta posibilidad, que nos permite ser m\u00e1s efectivos en las prestaciones de servicios. Si mejoramos los recursos humanos mejoramos la relaci\u00f3n con la comunidad\",\u00a0 destac\u00f3.<\/p>\n<p style=\"font-weight: 400;\">Por su parte, Luciano C\u00f3rdoba, secretario de Planificaci\u00f3n, Desarrollo y Modernizaci\u00f3n, explic\u00f3 que las capacitaciones no solamente fueron realizadas de manera presencial sino que a partir de un convenio firmado\u00a0 con el Instituto Nacional de Administraci\u00f3n P\u00fablica se pudo realizar de manera digital y estas, en su mayor\u00eda diplomaturas, han permitido ubicar al municipio dentro de los mejores del pa\u00eds.<\/p>\n<p style=\"font-weight: 400;\">Para finalizar agreg\u00f3, \"esto tiene que ver con estrategias de modernizaci\u00f3n en la administraci\u00f3n p\u00fablica nacional y que por suerte nosotros podemos decir hoy que tenemos\u00a0 profesionales y mandos medios que est\u00e1n a la altura de estas\u00a0 nuevas estrategias\".<\/p>\n","protected":false},"excerpt":{"rendered":"<p>Por segunda vez consecutiva, San Salvador de Jujuy ha sido galardonado entre los 10 municipios que m\u00e1s personal de mandos medios (directivos y profesionales) ha capacitado durante el a\u00f1o en materia de modernizaci\u00f3n. Al respecto, el intendente Ra\u00fal Jorge manifest\u00f3\u00a0 el orgullo que siente el municipio al ser reconocido por\u00a0 la actitud de la gesti\u00f3n, [&hellip;]<\/p>\n","protected":false},"author":5,"featured_media":203822,"comment_status":"open","ping_status":"open","sticky":false,"template":"","format":"standard","meta":{"_stopmodifiedupdate":false,"_modified_date":"","inline_featured_image":false,"spay_email":"","jetpack_publicize_message":""},"categories":[490],"tags":[],"jetpack_featured_media_url":"https:\/\/notinor.com\/jujuy\/wp-content\/uploads\/2018\/12\/Distinci\u00f3n-Modernizaci\u00f3n.jpg","jetpack_publicize_connections":[],"_links":{"self":[{"href":"https:\/\/notinor.com\/jujuy\/wp-json\/wp\/v2\/posts\/203820"}],"collection":[{"href":"https:\/\/notinor.com\/jujuy\/wp-json\/wp\/v2\/posts"}],"about":[{"href":"https:\/\/notinor.com\/jujuy\/wp-json\/wp\/v2\/types\/post"}],"author":[{"embeddable":true,"href":"https:\/\/notinor.com\/jujuy\/wp-json\/wp\/v2\/users\/5"}],"replies":[{"embeddable":true,"href":"https:\/\/notinor.com\/jujuy\/wp-json\/wp\/v2\/comments?post=203820"}],"version-history":[{"count":2,"href":"https:\/\/notinor.com\/jujuy\/wp-json\/wp\/v2\/posts\/203820\/revisions"}],"predecessor-version":[{"id":203823,"href":"https:\/\/notinor.com\/jujuy\/wp-json\/wp\/v2\/posts\/203820\/revisions\/203823"}],"wp:featuredmedia":[{"embeddable":true,"href":"https:\/\/notinor.com\/jujuy\/wp-json\/wp\/v2\/media\/203822"}],"wp:attachment":[{"href":"https:\/\/notinor.com\/jujuy\/wp-json\/wp\/v2\/media?parent=203820"}],"wp:term":[{"taxonomy":"category","embeddable":true,"href":"https:\/\/notinor.com\/jujuy\/wp-json\/wp\/v2\/categories?post=203820"},{"taxonomy":"post_tag","embeddable":true,"href":"https:\/\/notinor.com\/jujuy\/wp-json\/wp\/v2\/tags?post=203820"}],"curies":[{"name":"wp","href":"https:\/\/api.w.org\/{rel}","templated":true}]}}