{"id":203816,"date":"2018-12-21T10:39:17","date_gmt":"2018-12-21T13:39:17","guid":{"rendered":"http:\/\/notinor.com\/jujuy\/?p=203816"},"modified":"2018-12-21T10:39:17","modified_gmt":"2018-12-21T13:39:17","slug":"google-celebra-el-solsticio-de-verano-con-un-doodle","status":"publish","type":"post","link":"https:\/\/notinor.com\/jujuy\/google-celebra-el-solsticio-de-verano-con-un-doodle\/","title":{"rendered":"Google celebra el solsticio de verano con un doodle"},"content":{"rendered":"<div>\n<figure>\n<div><img decoding=\"async\" loading=\"lazy\" id=\"3FIWZ6LY4VFW5L674VXMIX6QAY\" src=\"https:\/\/www.infobae.com\/new-resizer\/xfDg5JJBROfA3Yw347LR0IANKfM=\/750x0\/filters:quality(100)\/s3.amazonaws.com\/arc-wordpress-client-uploads\/infobae-wp\/wp-content\/uploads\/2018\/12\/21092657\/google-doodle-solsticio-de-verano.jpg\" alt=\"El doodle de Google que se ve en el Hemisferio Sur y que da la bienvenida al verano.\" width=\"750\" height=\"422.32142857142856\" data-url=\"https:\/\/www.infobae.com\/america\/tecno\/2018\/12\/21\/google-celebra-con-un-doodle-el-solsticio-de-verano\/%233FIWZ6LY4VFW5L674VXMIX6QAY\" data-original=\"https:\/\/www.infobae.com\/new-resizer\/xfDg5JJBROfA3Yw347LR0IANKfM=\/750x0\/filters:quality(100)\/s3.amazonaws.com\/arc-wordpress-client-uploads\/infobae-wp\/wp-content\/uploads\/2018\/12\/21092657\/google-doodle-solsticio-de-verano.jpg\" \/><\/div><figcaption>El doodle de Google que se ve en el Hemisferio Sur y que da la bienvenida al verano.<\/p>\n<\/figcaption><\/figure>\n<\/div>\n<div>\n<div>\n<p>Google celebra el comienzo del verano en el Hemisferio Sur con un doodle en tonos verdes donde se aprecia un personaje con gafas de sol recostado sobre el c\u00e9sped.<\/p>\n<\/div>\n<\/div>\n<div>\n<div>\n<p>Por su parte, en el Hemisferio Norte, donde comienza el invierno, se puede ver un doodle donde ese mismo personaje, s\u00faper abrigado, est\u00e1 desliz\u00e1ndose por una pista de hielo.<\/p>\n<\/div>\n<\/div>\n<div>\n<div>\n<p>De este modo, el buscador celebra este 21 de diciembre la llegada del solsticio de verano y de invierno respectivamente.<\/p>\n<\/div>\n<\/div>\n<div>\n<div>\n<p>Qu\u00e9 es el solsticio<\/p>\n<\/div>\n<\/div>\n<div>\n<div id=\"\"><\/div>\n<div>\n<p>Se llama solsticios a las estaciones del a\u00f1o en que el Sol llega a su mayor o menor altura aparente en el cielo.<\/p>\n<\/div>\n<\/div>\n<div>\n<div>\n<p>Durante el solsticio de verano, la altitud del Sol y la duraci\u00f3n del d\u00eda es la m\u00e1s larga del a\u00f1o y en el solsticio de invierno ocurre lo opuesto. La excepci\u00f3n son los dos polos.<\/p>\n<\/div>\n<\/div>\n<div>\n<div>\n<p>El el solsticio de verano, la Tierra alcanza su m\u00e1xima inclinaci\u00f3n de su eje hacia el Sol ( 23\u00b027\u2032); en tanto que en el de invierno, el Sol alcanza la mayor distancia angular del ecuador.<\/p>\n<\/div>\n<\/div>\n<div>\n<figure>\n<div>\n<div>\n<div data-url=\"https:\/\/www.infobae.com\/america\/tecno\/2018\/12\/21\/google-celebra-con-un-doodle-el-solsticio-de-verano\/%23FI3M53DK7RCTXL7TR3YJHNGEQU\" data-original=\"https:\/\/s3.amazonaws.com\/arc-wordpress-client-uploads\/infobae-wp\/wp-content\/uploads\/2018\/12\/21092808\/google-doodle-solsticio-de-invierno.jpg\"><\/div>\n<\/div>\n<p><img decoding=\"async\" loading=\"lazy\" id=\"FI3M53DK7RCTXL7TR3YJHNGEQU\" src=\"https:\/\/www.infobae.com\/new-resizer\/kcz3SrYFSZoGqU7ELpTByYG1Og8=\/750x0\/filters:quality(100)\/s3.amazonaws.com\/arc-wordpress-client-uploads\/infobae-wp\/wp-content\/uploads\/2018\/12\/21092808\/google-doodle-solsticio-de-invierno.jpg\" alt=\"En el Hemisferio Norte se ve este doodle que da la bienvenida al invierno.\" width=\"750\" height=\"341.8141592920354\" data-url=\"https:\/\/www.infobae.com\/america\/tecno\/2018\/12\/21\/google-celebra-con-un-doodle-el-solsticio-de-verano\/%23FI3M53DK7RCTXL7TR3YJHNGEQU\" data-original=\"https:\/\/www.infobae.com\/new-resizer\/kcz3SrYFSZoGqU7ELpTByYG1Og8=\/750x0\/filters:quality(100)\/s3.amazonaws.com\/arc-wordpress-client-uploads\/infobae-wp\/wp-content\/uploads\/2018\/12\/21092808\/google-doodle-solsticio-de-invierno.jpg\" \/><\/div>\n<div><\/div><figcaption>En el Hemisferio Norte se ve este doodle que da la bienvenida al invierno.<\/p>\n<\/figcaption><\/figure>\n<\/div>\n<div>\n<div>\n<p>Por otra parte, se llaman equinoccios a los momentos del a\u00f1o en que el Sol llega al punto m\u00e1s alto en el cielo en relaci\u00f3n al observador, justo a 90\u00b0 sobre su cabeza (cenit). En ese punto, el paralelo de la declinaci\u00f3n del ecuador celeste y el Sol coinciden.<\/p>\n<\/div>\n<\/div>\n<div>\n<div>\n<p>Esto sucede, todos los a\u00f1os, el 21 de marzo y el 21 de septiembre que marcan el inicio del oto\u00f1o y la primavera en el Hemisferio Sur o, lo opuesto, en el Hemisferio Norte. En esos momentos la duraci\u00f3n del d\u00eda y de la noche es pr\u00e1cticamente igual.<\/p>\n<\/div>\n<\/div>\n","protected":false},"excerpt":{"rendered":"<p>El doodle de Google que se ve en el Hemisferio Sur y que da la bienvenida al verano. Google celebra el comienzo del verano en el Hemisferio Sur con un doodle en tonos verdes donde se aprecia un personaje con gafas de sol recostado sobre el c\u00e9sped. Por su parte, en el Hemisferio Norte, donde [&hellip;]<\/p>\n","protected":false},"author":1,"featured_media":203817,"comment_status":"open","ping_status":"open","sticky":false,"template":"","format":"standard","meta":{"_stopmodifiedupdate":false,"_modified_date":"","inline_featured_image":false,"spay_email":"","jetpack_publicize_message":""},"categories":[13],"tags":[],"jetpack_featured_media_url":"https:\/\/notinor.com\/jujuy\/wp-content\/uploads\/2018\/12\/1-104.jpg","jetpack_publicize_connections":[],"_links":{"self":[{"href":"https:\/\/notinor.com\/jujuy\/wp-json\/wp\/v2\/posts\/203816"}],"collection":[{"href":"https:\/\/notinor.com\/jujuy\/wp-json\/wp\/v2\/posts"}],"about":[{"href":"https:\/\/notinor.com\/jujuy\/wp-json\/wp\/v2\/types\/post"}],"author":[{"embeddable":true,"href":"https:\/\/notinor.com\/jujuy\/wp-json\/wp\/v2\/users\/1"}],"replies":[{"embeddable":true,"href":"https:\/\/notinor.com\/jujuy\/wp-json\/wp\/v2\/comments?post=203816"}],"version-history":[{"count":1,"href":"https:\/\/notinor.com\/jujuy\/wp-json\/wp\/v2\/posts\/203816\/revisions"}],"predecessor-version":[{"id":203818,"href":"https:\/\/notinor.com\/jujuy\/wp-json\/wp\/v2\/posts\/203816\/revisions\/203818"}],"wp:featuredmedia":[{"embeddable":true,"href":"https:\/\/notinor.com\/jujuy\/wp-json\/wp\/v2\/media\/203817"}],"wp:attachment":[{"href":"https:\/\/notinor.com\/jujuy\/wp-json\/wp\/v2\/media?parent=203816"}],"wp:term":[{"taxonomy":"category","embeddable":true,"href":"https:\/\/notinor.com\/jujuy\/wp-json\/wp\/v2\/categories?post=203816"},{"taxonomy":"post_tag","embeddable":true,"href":"https:\/\/notinor.com\/jujuy\/wp-json\/wp\/v2\/tags?post=203816"}],"curies":[{"name":"wp","href":"https:\/\/api.w.org\/{rel}","templated":true}]}}