{"id":203812,"date":"2018-12-21T10:35:37","date_gmt":"2018-12-21T13:35:37","guid":{"rendered":"http:\/\/notinor.com\/jujuy\/?p=203812"},"modified":"2018-12-21T10:35:37","modified_gmt":"2018-12-21T13:35:37","slug":"el-papa-francisco-dijo-que-la-iglesia-catolica-nunca-mas-encubrira-o-subestimara-los-abusos-sexuales","status":"publish","type":"post","link":"https:\/\/notinor.com\/jujuy\/el-papa-francisco-dijo-que-la-iglesia-catolica-nunca-mas-encubrira-o-subestimara-los-abusos-sexuales\/","title":{"rendered":"El papa Francisco dijo que la Iglesia Cat\u00f3lica \"nunca m\u00e1s encubrir\u00e1 o subestimar\u00e1\" los abusos sexuales"},"content":{"rendered":"<p><a href=\"http:\/\/notinor.com\/jujuy\/el-papa-francisco-dijo-que-la-iglesia-catolica-nunca-mas-encubrira-o-subestimara-los-abusos-sexuales\/1-3717\/\" rel=\"attachment wp-att-203813\"><img decoding=\"async\" loading=\"lazy\" src=\"http:\/\/notinor.com\/jujuy\/wp-content\/uploads\/2018\/12\/1-103.jpg\" alt=\"\" width=\"600\" height=\"342\" \/><\/a><\/p>\n<p>&nbsp;<\/p>\n<div>\n<div>\n<p>El papa Francisco asegur\u00f3 este viernes que la Iglesia \"nunca m\u00e1s encubrir\u00e1 o subestimar\u00e1\" los casos de abusos por parte del clero y que \"no se cansar\u00e1 de llevar a los abusadores a la Justicia\".<\/p>\n<\/div>\n<\/div>\n<div>\n<div>\n<p>Durante el discurso que pronunci\u00f3 ante la Curia para la tradicional felicitaci\u00f3n de las fiestas navide\u00f1as, el Papa volvi\u00f3 a aprovechar esta audiencia para\u00a0lanzar un duro discurso ante la jerarqu\u00eda eclesial\u00a0y en esta ocasi\u00f3n lo dedic\u00f3 a la lacra de los abusos por parte del clero.<\/p>\n<\/div>\n<\/div>\n<div>\n<div>\n<p>\"La Iglesia no se cansar\u00e1 de hacer todo lo necesario para llevar ante la Justicia a cualquiera que haya cometido tales cr\u00edmenes\", clam\u00f3.<\/p>\n<\/div>\n<\/div>\n<div>\n<div>\n<p>El papa Francisco, que ha anunciado desde el inicio de su pontificado tolerancia cero contra los abusos de menores por parte del clero, pero que tambi\u00e9n ha sido criticado por no haber tomado acciones concretas, asegur\u00f3 tambi\u00e9n que \"la Iglesia nunca intentar\u00e1 encubrir o subestimar ning\u00fan caso\".<\/p>\n<\/div>\n<\/div>\n<div>\n<div id=\"\"><\/div>\n<div>\n<blockquote><p>\u00a0Convert\u00edos y entregaos a la justicia humana, y preparaos para la justicia divina<\/p><\/blockquote>\n<\/div>\n<\/div>\n<div>\n<div>\n<p>Y lanz\u00f3 un mensaje a todos los que abusan de menores: \"Convert\u00edos y entregaos a la justicia humana, y preparaos para la justicia divina\".<\/p>\n<\/div>\n<\/div>\n<div>\n<div>\n<p>Reconoci\u00f3 que en el pasado, \"por ligereza, por incredulidad, por falta de preparaci\u00f3n, por inexperiencia o por superficialidad espiritual y humana,\u00a0han tratado muchos casos sin la debida seriedad y rapidez\".<\/p>\n<\/div>\n<\/div>\n<div>\n<div>\n<p>\"Nunca debe volver a suceder. Esta es la elecci\u00f3n y la decisi\u00f3n de toda la Iglesia\", asegur\u00f3.<\/p>\n<\/div>\n<\/div>\n<div>\n<figure>\n<div>\n<div>\n<div data-url=\"https:\/\/www.infobae.com\/america\/mundo\/2018\/12\/21\/el-papa-francisco-dijo-que-la-iglesia-catolica-nunca-mas-encubrira-o-subestimara-los-abusos-sexuales\/%23AIQPXPCMCZD7VDLU5O2NL7HRIA\" data-original=\"https:\/\/s3.amazonaws.com\/arc-wordpress-client-uploads\/infobae-wp\/wp-content\/uploads\/2018\/11\/04034115\/Papa-Francisco.jpg\"><\/div>\n<\/div>\n<p><img decoding=\"async\" loading=\"lazy\" id=\"AIQPXPCMCZD7VDLU5O2NL7HRIA\" src=\"https:\/\/www.infobae.com\/new-resizer\/6BVAQJVcdFbnRADM99aLM5YPsCc=\/750x0\/filters:quality(100)\/s3.amazonaws.com\/arc-wordpress-client-uploads\/infobae-wp\/wp-content\/uploads\/2018\/11\/04034115\/Papa-Francisco.jpg\" alt=\"El papa Francisco\" width=\"750\" height=\"421.875\" data-url=\"https:\/\/www.infobae.com\/america\/mundo\/2018\/12\/21\/el-papa-francisco-dijo-que-la-iglesia-catolica-nunca-mas-encubrira-o-subestimara-los-abusos-sexuales\/%23AIQPXPCMCZD7VDLU5O2NL7HRIA\" data-original=\"https:\/\/www.infobae.com\/new-resizer\/6BVAQJVcdFbnRADM99aLM5YPsCc=\/750x0\/filters:quality(100)\/s3.amazonaws.com\/arc-wordpress-client-uploads\/infobae-wp\/wp-content\/uploads\/2018\/11\/04034115\/Papa-Francisco.jpg\" \/><\/div><figcaption>El papa Francisco<\/p>\n<\/figcaption><\/figure>\n<\/div>\n<div>\n<div>\n<p>Francisco habl\u00f3 con dureza al recordar c\u00f3mo \"hombres consagrados, que abusan de los d\u00e9biles, vali\u00e9ndose de su poder moral y de la persuasi\u00f3n\" cometen estas \"abominaciones\" y \"siguen ejerciendo su ministerio como si nada hubiera sucedido; no temen a Dios ni a su juicio, solo temen ser descubiertos y desenmascarados\".<\/p>\n<\/div>\n<\/div>\n<div>\n<div>\n<p>Estos, a\u00f1adi\u00f3 el Papa, \"desgarran el cuerpo de la Iglesia, causando esc\u00e1ndalo y desacreditando la misi\u00f3n salv\u00edfica de la Iglesia y los sacrificios de muchos de sus hermanos\".<\/p>\n<\/div>\n<\/div>\n<div>\n<div>\n<p>Francisco describi\u00f3 c\u00f3mo estos \"a menudo, detr\u00e1s de su gran amabilidad, su labor impecable y su rostro angelical,\u00a0ocultan descaradamente a un lobo atroz listo para devorar a las almas inocentes\".<\/p>\n<\/div>\n<\/div>\n<div>\n<div>\n<blockquote><p>\u00a0A menudo, detr\u00e1s de su gran amabilidad, su labor impecable y su rostro angelical,\u00a0ocultan descaradamente a un lobo atroz listo para devorar a las almas inocentes<\/p><\/blockquote>\n<\/div>\n<\/div>\n<div>\n<div>\n<p>El pont\u00edfice argentino record\u00f3 que en la reuni\u00f3n que se celebrar\u00e1 en febrero en el Vaticano con las conferencias episcopales de todo el mundo \"se buscar\u00e1 transformar los errores cometidos en oportunidades para\u00a0erradicar este flagelo\u00a0no solo del cuerpo de la Iglesia sino tambi\u00e9n de la sociedad\".<\/p>\n<\/div>\n<\/div>\n<div>\n<div>\n<p>\"La Iglesia no se limitar\u00e1 a curarse a s\u00ed misma, sino que tratar\u00e1 de afrontar este mal que causa la muerte lenta de tantas personas, a nivel moral, psicol\u00f3gico y humano\", agreg\u00f3.<\/p>\n<\/div>\n<\/div>\n<div>\n<div>\n<p>Tambi\u00e9n critic\u00f3 a quienes dentro de la Iglesia \"se alzan contra ciertos agentes de la comunicaci\u00f3n, acus\u00e1ndolos de ignorar la gran mayor\u00eda de los casos de abusos, que no son cometidos por ministros de la Iglesia, y de querer dar de forma intencional una imagen falsa, como si este mal golpeara solo a la Iglesia Cat\u00f3lica\".<\/p>\n<\/div>\n<\/div>\n<div>\n<div>\n<p>Y agradeci\u00f3 a todos los medios que \"han sido honestos y objetivos y que han tratado de desenmascarar a estos lobos y de dar voz a las v\u00edctimas\".<\/p>\n<\/div>\n<\/div>\n<div>\n<div>\n<p>\"Incluso si se tratase solo de un caso de abuso -que ya es una monstruosidad por s\u00ed mismo-\u00a0la Iglesia pide que no se guarde silencio\u00a0y salga a la luz de forma objetiva, porque el mayor esc\u00e1ndalo en esta materia es encubrir la verdad\", dijo.<\/p>\n<\/div>\n<\/div>\n<div>\n<div>\n<p>Inst\u00f3 a todos a ayudar a la Iglesia \"en su dif\u00edcil tarea, que es reconocer los casos verdaderos, distingui\u00e9ndolos de los falsos, las acusaciones de las calumnias, los rencores de las insinuaciones, los rumores de las difamaciones\".<\/p>\n<\/div>\n<\/div>\n","protected":false},"excerpt":{"rendered":"<p>&nbsp; El papa Francisco asegur\u00f3 este viernes que la Iglesia \"nunca m\u00e1s encubrir\u00e1 o subestimar\u00e1\" los casos de abusos por parte del clero y que \"no se cansar\u00e1 de llevar a los abusadores a la Justicia\". Durante el discurso que pronunci\u00f3 ante la Curia para la tradicional felicitaci\u00f3n de las fiestas navide\u00f1as, el Papa volvi\u00f3 [&hellip;]<\/p>\n","protected":false},"author":1,"featured_media":203813,"comment_status":"open","ping_status":"open","sticky":false,"template":"","format":"standard","meta":{"_stopmodifiedupdate":false,"_modified_date":"","inline_featured_image":false,"spay_email":"","jetpack_publicize_message":""},"categories":[6],"tags":[],"jetpack_featured_media_url":"https:\/\/notinor.com\/jujuy\/wp-content\/uploads\/2018\/12\/1-103.jpg","jetpack_publicize_connections":[],"_links":{"self":[{"href":"https:\/\/notinor.com\/jujuy\/wp-json\/wp\/v2\/posts\/203812"}],"collection":[{"href":"https:\/\/notinor.com\/jujuy\/wp-json\/wp\/v2\/posts"}],"about":[{"href":"https:\/\/notinor.com\/jujuy\/wp-json\/wp\/v2\/types\/post"}],"author":[{"embeddable":true,"href":"https:\/\/notinor.com\/jujuy\/wp-json\/wp\/v2\/users\/1"}],"replies":[{"embeddable":true,"href":"https:\/\/notinor.com\/jujuy\/wp-json\/wp\/v2\/comments?post=203812"}],"version-history":[{"count":2,"href":"https:\/\/notinor.com\/jujuy\/wp-json\/wp\/v2\/posts\/203812\/revisions"}],"predecessor-version":[{"id":203815,"href":"https:\/\/notinor.com\/jujuy\/wp-json\/wp\/v2\/posts\/203812\/revisions\/203815"}],"wp:featuredmedia":[{"embeddable":true,"href":"https:\/\/notinor.com\/jujuy\/wp-json\/wp\/v2\/media\/203813"}],"wp:attachment":[{"href":"https:\/\/notinor.com\/jujuy\/wp-json\/wp\/v2\/media?parent=203812"}],"wp:term":[{"taxonomy":"category","embeddable":true,"href":"https:\/\/notinor.com\/jujuy\/wp-json\/wp\/v2\/categories?post=203812"},{"taxonomy":"post_tag","embeddable":true,"href":"https:\/\/notinor.com\/jujuy\/wp-json\/wp\/v2\/tags?post=203812"}],"curies":[{"name":"wp","href":"https:\/\/api.w.org\/{rel}","templated":true}]}}