{"id":203729,"date":"2018-12-20T06:44:17","date_gmt":"2018-12-20T09:44:17","guid":{"rendered":"http:\/\/notinor.com\/jujuy\/?p=203729"},"modified":"2018-12-20T06:44:17","modified_gmt":"2018-12-20T09:44:17","slug":"el-gobierno-acordo-que-los-jueces-nombrados-a-partir-de-2017-pagaran-ganancias","status":"publish","type":"post","link":"https:\/\/notinor.com\/jujuy\/el-gobierno-acordo-que-los-jueces-nombrados-a-partir-de-2017-pagaran-ganancias\/","title":{"rendered":"El Gobierno acord\u00f3 que los jueces nombrados a partir de 2017 pagar\u00e1n Ganancias"},"content":{"rendered":"<section class=\"row\">\n<div class=\"col-xs-12\">\n<div class=\"photo-gallery-detail\">\n<div class=\"gallery-container\">\n<div id=\"content-gallery\">\n<div id=\"fotogaleria-Object_31113_22698\" class=\"gallery\">\n<div class=\"snapshot-container owl-carousel\">\n<div class=\"media-wrapper image itemGallery classid7007729 wide-aspect-ratio\"><img decoding=\"async\" title=\"El Gobierno acord\u00f3 que los jueces nombrados a partir de 2017 pagar\u00e1n Ganancias\" src=\"https:\/\/media.minutouno.com\/adjuntos\/150\/imagenes\/035\/937\/0035937564.jpg\" alt=\"El Gobierno acord\u00f3 que los jueces nombrados a partir de 2017 pagar\u00e1n Ganancias\" width=\"%width.gallery%\" \/><\/div>\n<\/div>\n<\/div>\n<\/div>\n<\/div>\n<\/div>\n<\/div>\n<\/section>\n<section class=\"row\">\n<div class=\"col-xs-8 col-sm-12 col-md-8 reduced-size region-3\">\n<div class=\"detail-body \">\n<div class=\"preview\">\n<p>&nbsp;<\/p>\n<\/div>\n<\/div>\n<div class=\"detail-body\">\n<article id=\"note-body\" class=\"note-body first\" data-twitter-link=\"https:\/\/twitter.com\/intent\/tweet?url=https:\/\/www.minutouno.com\/c5006375&amp;v\u00eda=minutounocom&amp;related=MinutoUno&amp;text=\">\n<div class=\"row\">\n<div class=\"inside-note col-xs-12\">\n<p>Los<strong>\u00a0jueces nombrados desde enero de 2017 pagar\u00e1n el impuesto a las Ganancias<\/strong>\u00a0a partir de enero pr\u00f3ximo por un acuerdo al que llegaron este mi\u00e9rcoles el Ministerio de\u00a0Justicia\u00a0con los jueces y fiscales.<\/p>\n<\/div>\n<\/div>\n<\/article>\n<\/div>\n<div class=\"detail-body \">\n<article id=\"note-body\" class=\"note-body\" data-twitter-link=\"https:\/\/twitter.com\/intent\/tweet?url=https:\/\/www.minutouno.com\/c5006375&amp;v\u00eda=minutounocom&amp;related=MinutoUno&amp;text=\">\n<div class=\"row\">\n<div class=\"inside-note col-xs-12\">\n<p>El acuerdo alcanzado tras dos semanas de negociaciones\u00a0<span id=\"saysCMSEmphasis62iqnoj093t\" class=\"saysCMSEmphasis\">permitir\u00e1 aplicar el descuento por Ganancias a m\u00e1s de cien nuevos jueces<\/span>\u00a0y el a\u00f1o pr\u00f3ximo<strong>\u00a0podr\u00eda duplicarse ese n\u00famero<\/strong>.<\/p>\n<p>El\u00a0<span id=\"saysCMSEmphasislk54fvg6akd\" class=\"saysCMSEmphasis\">Consejo de la Magistratura podr\u00eda reglamentar en breve la ley 26.364<\/span>\u00a0por la que los jueces nombrados en 2017 y en adelante comenzar\u00e1n a pagar Ganancias a partir del 1\u00b0 de enero de 2019.<\/p>\n<p>De hecho, la semana pasada los consejeros que representan a los jueces pidieron durante el plenario del cuerpo\u00a0<strong>suspender los descuentos en los haberes por este gravamen<\/strong>\u00a0hasta tanto el Poder Ejecutivo reglamente su aplicaci\u00f3n.<\/p>\n<p>La ley 26.364 establece que los jueces que ingresen al Poder Judicial a partir de enero de 2017 deben pagar impuesto a las Ganancias, pero el debate incluy\u00f3 el pundo de si quienes ya son parte del Poder Judicial y ascienden a jueces, como por ejemplo los secretarios de juzgado, tambi\u00e9n lo deber\u00edan pagar.<\/p>\n<p>El acuerdo fue alcanzado por el ministro de Justicia, Germ\u00e1n Garavano, con el Ministerio Publico Fiscal, la Defensor\u00eda General de la Naci\u00f3n, el Consejo de la Magistratura y la Asociaci\u00f3n de Magistrados y funcionarios de la justicia nacional. La Asociaci\u00f3n de Magistrados desistir\u00e1 de la acci\u00f3n legal iniciada contra el pago.<\/p>\n<p>El convenio permitir\u00e1 el efectivo pago del impuesto a las Ganancias de los jueces, fiscales y defensores.<\/p>\n<\/div>\n<\/div>\n<\/article>\n<\/div>\n<\/div>\n<\/section>\n","protected":false},"excerpt":{"rendered":"<p>&nbsp; Los\u00a0jueces nombrados desde enero de 2017 pagar\u00e1n el impuesto a las Ganancias\u00a0a partir de enero pr\u00f3ximo por un acuerdo al que llegaron este mi\u00e9rcoles el Ministerio de\u00a0Justicia\u00a0con los jueces y fiscales. El acuerdo alcanzado tras dos semanas de negociaciones\u00a0permitir\u00e1 aplicar el descuento por Ganancias a m\u00e1s de cien nuevos jueces\u00a0y el a\u00f1o pr\u00f3ximo\u00a0podr\u00eda duplicarse [&hellip;]<\/p>\n","protected":false},"author":1,"featured_media":203730,"comment_status":"open","ping_status":"open","sticky":false,"template":"","format":"standard","meta":{"_stopmodifiedupdate":false,"_modified_date":"","inline_featured_image":false,"spay_email":"","jetpack_publicize_message":""},"categories":[5],"tags":[],"jetpack_featured_media_url":"https:\/\/notinor.com\/jujuy\/wp-content\/uploads\/2018\/12\/GARAVANO.jpg","jetpack_publicize_connections":[],"_links":{"self":[{"href":"https:\/\/notinor.com\/jujuy\/wp-json\/wp\/v2\/posts\/203729"}],"collection":[{"href":"https:\/\/notinor.com\/jujuy\/wp-json\/wp\/v2\/posts"}],"about":[{"href":"https:\/\/notinor.com\/jujuy\/wp-json\/wp\/v2\/types\/post"}],"author":[{"embeddable":true,"href":"https:\/\/notinor.com\/jujuy\/wp-json\/wp\/v2\/users\/1"}],"replies":[{"embeddable":true,"href":"https:\/\/notinor.com\/jujuy\/wp-json\/wp\/v2\/comments?post=203729"}],"version-history":[{"count":1,"href":"https:\/\/notinor.com\/jujuy\/wp-json\/wp\/v2\/posts\/203729\/revisions"}],"predecessor-version":[{"id":203731,"href":"https:\/\/notinor.com\/jujuy\/wp-json\/wp\/v2\/posts\/203729\/revisions\/203731"}],"wp:featuredmedia":[{"embeddable":true,"href":"https:\/\/notinor.com\/jujuy\/wp-json\/wp\/v2\/media\/203730"}],"wp:attachment":[{"href":"https:\/\/notinor.com\/jujuy\/wp-json\/wp\/v2\/media?parent=203729"}],"wp:term":[{"taxonomy":"category","embeddable":true,"href":"https:\/\/notinor.com\/jujuy\/wp-json\/wp\/v2\/categories?post=203729"},{"taxonomy":"post_tag","embeddable":true,"href":"https:\/\/notinor.com\/jujuy\/wp-json\/wp\/v2\/tags?post=203729"}],"curies":[{"name":"wp","href":"https:\/\/api.w.org\/{rel}","templated":true}]}}