{"id":203726,"date":"2018-12-20T06:42:28","date_gmt":"2018-12-20T09:42:28","guid":{"rendered":"http:\/\/notinor.com\/jujuy\/?p=203726"},"modified":"2018-12-20T06:42:28","modified_gmt":"2018-12-20T09:42:28","slug":"allanaron-las-oficinas-y-la-casa-del-empresario-eduardo-eurnekian","status":"publish","type":"post","link":"https:\/\/notinor.com\/jujuy\/allanaron-las-oficinas-y-la-casa-del-empresario-eduardo-eurnekian\/","title":{"rendered":"Allanaron las oficinas y la casa del empresario Eduardo Eurneki\u00e1n"},"content":{"rendered":"<section class=\"row\">\n<div class=\"col-xs-12\">\n<div class=\"photo-gallery-detail\">\n<div class=\"gallery-container\">\n<div id=\"content-gallery\">\n<div id=\"fotogaleria-Object_31113_22698\" class=\"gallery\">\n<div class=\"snapshot-container owl-carousel\">\n<div class=\"media-wrapper image itemGallery classid7007800 wide-aspect-ratio\"><img decoding=\"async\" title=\"Allanamiento en la casa de Eurneki\u00e1n\" src=\"https:\/\/media.minutouno.com\/adjuntos\/150\/imagenes\/035\/938\/0035938500.jpg\" alt=\"Allanamiento en la casa de Eurneki\u00e1n\" width=\"%width.gallery%\" \/><\/p>\n<div class=\"gallery-header\"><\/div>\n<div class=\"credit-media  with-content\"><span class=\"epiinterior\">Allanamiento en la casa de Eurneki\u00e1n<\/span><\/div>\n<\/div>\n<\/div>\n<\/div>\n<\/div>\n<\/div>\n<\/div>\n<\/div>\n<\/section>\n<section class=\"row\">\n<div class=\"col-xs-8 col-sm-12 col-md-8 reduced-size region-3\">\n<div class=\"detail-body \">\n<div class=\"preview\">\n<h3><\/h3>\n<\/div>\n<\/div>\n<div class=\"detail-body\">\n<article id=\"note-body\" class=\"note-body first\" data-twitter-link=\"https:\/\/twitter.com\/intent\/tweet?url=https:\/\/www.minutouno.com\/c5006433&amp;v\u00eda=minutounocom&amp;related=MinutoUno&amp;text=\">\n<div class=\"row\">\n<div class=\"inside-note col-xs-12\">\n<p>La Polic\u00eda Federal allan\u00f3 este mi\u00e9rcoles por orden del juez federal Claudio\u00a0<strong>Bonadio<\/strong>\u00a0la casa y las oficinas de Eduardo\u00a0<strong>Eurneki\u00e1n<\/strong>.<\/p>\n<\/div>\n<\/div>\n<\/article>\n<\/div>\n<div class=\"detail-body \">\n<article id=\"note-body\" class=\"note-body\" data-twitter-link=\"https:\/\/twitter.com\/intent\/tweet?url=https:\/\/www.minutouno.com\/c5006433&amp;v\u00eda=minutounocom&amp;related=MinutoUno&amp;text=\">\n<div class=\"row\">\n<div class=\"inside-note col-xs-12\">\n<p>El empresario ten\u00eda que declarar este mi\u00e9rcoles por la\u00a0<strong>causa de los cuadernos\u00a0de Centeno<\/strong>, pero\u00a0<strong>la indagatoria se suspendi\u00f3 porque el magistrado aleg\u00f3 exceso de trabajo.<\/strong><\/p>\n<p>Los efectivos realizaron un operativo en la casa ubicada en el partido de San Isidro y, seg\u00fan trascendi\u00f3, ingresaron por la puerta de Aeropuertos Argentina 2000 para acceder a la oficina del empresario en Palermo.<\/p>\n<p>El empresario hab\u00eda quedado se\u00f1alado por el ex funcionario del \u00d3rgano de Control de Concesiones Viales (OCCOVI), Claudio\u00a0<strong>Uberti<\/strong>, quien habl\u00f3 de las\u00a0coimas\u00a0pagadas por concesionarias viales en la que apunt\u00f3 tambi\u00e9n a Franco y Gianfranco\u00a0<strong>Macri<\/strong>.<\/p>\n<p>De acuerdo con lo que explic\u00f3 Gustavo\u00a0<strong>Sylvestre<\/strong>\u00a0en\u00a0<em>C5N<\/em>, la Corporaci\u00f3n Am\u00e9rica era uno de los grandes participantes de las obras del Programa de Participaci\u00f3n P\u00fablico Privada y ya ten\u00edan problemas para financiarse.<\/p>\n<p>Por su parte, Dar\u00edo\u00a0<strong>Villarruel<\/strong>\u00a0revel\u00f3 que ya estar\u00edan firmada la resoluci\u00f3n y este jueves al mediod\u00eda se dar\u00eda a conocer la firma de Pablo\u00a0<strong>Bertuzzi<\/strong>\u00a0y Leopoldo\u00a0<strong>Bruglia<\/strong>, que confirmar\u00edan la mayor\u00eda de los procesamientos y prisiones preventivas pero habr\u00eda libertades y cambios de calificaciones para varios empresarios.<\/p>\n<\/div>\n<\/div>\n<\/article>\n<\/div>\n<\/div>\n<\/section>\n","protected":false},"excerpt":{"rendered":"<p>Allanamiento en la casa de Eurneki\u00e1n La Polic\u00eda Federal allan\u00f3 este mi\u00e9rcoles por orden del juez federal Claudio\u00a0Bonadio\u00a0la casa y las oficinas de Eduardo\u00a0Eurneki\u00e1n. El empresario ten\u00eda que declarar este mi\u00e9rcoles por la\u00a0causa de los cuadernos\u00a0de Centeno, pero\u00a0la indagatoria se suspendi\u00f3 porque el magistrado aleg\u00f3 exceso de trabajo. Los efectivos realizaron un operativo en la [&hellip;]<\/p>\n","protected":false},"author":1,"featured_media":203727,"comment_status":"open","ping_status":"open","sticky":false,"template":"","format":"standard","meta":{"_stopmodifiedupdate":false,"_modified_date":"","inline_featured_image":false,"spay_email":"","jetpack_publicize_message":""},"categories":[5],"tags":[],"jetpack_featured_media_url":"https:\/\/notinor.com\/jujuy\/wp-content\/uploads\/2018\/12\/EUKENIAN.jpg","jetpack_publicize_connections":[],"_links":{"self":[{"href":"https:\/\/notinor.com\/jujuy\/wp-json\/wp\/v2\/posts\/203726"}],"collection":[{"href":"https:\/\/notinor.com\/jujuy\/wp-json\/wp\/v2\/posts"}],"about":[{"href":"https:\/\/notinor.com\/jujuy\/wp-json\/wp\/v2\/types\/post"}],"author":[{"embeddable":true,"href":"https:\/\/notinor.com\/jujuy\/wp-json\/wp\/v2\/users\/1"}],"replies":[{"embeddable":true,"href":"https:\/\/notinor.com\/jujuy\/wp-json\/wp\/v2\/comments?post=203726"}],"version-history":[{"count":1,"href":"https:\/\/notinor.com\/jujuy\/wp-json\/wp\/v2\/posts\/203726\/revisions"}],"predecessor-version":[{"id":203728,"href":"https:\/\/notinor.com\/jujuy\/wp-json\/wp\/v2\/posts\/203726\/revisions\/203728"}],"wp:featuredmedia":[{"embeddable":true,"href":"https:\/\/notinor.com\/jujuy\/wp-json\/wp\/v2\/media\/203727"}],"wp:attachment":[{"href":"https:\/\/notinor.com\/jujuy\/wp-json\/wp\/v2\/media?parent=203726"}],"wp:term":[{"taxonomy":"category","embeddable":true,"href":"https:\/\/notinor.com\/jujuy\/wp-json\/wp\/v2\/categories?post=203726"},{"taxonomy":"post_tag","embeddable":true,"href":"https:\/\/notinor.com\/jujuy\/wp-json\/wp\/v2\/tags?post=203726"}],"curies":[{"name":"wp","href":"https:\/\/api.w.org\/{rel}","templated":true}]}}