{"id":203724,"date":"2018-12-20T06:37:34","date_gmt":"2018-12-20T09:37:34","guid":{"rendered":"http:\/\/notinor.com\/jujuy\/?p=203724"},"modified":"2018-12-20T06:37:34","modified_gmt":"2018-12-20T09:37:34","slug":"por-la-balacera-de-azopardo-piden-12-anos-de-prision-para-milagro-sala","status":"publish","type":"post","link":"https:\/\/notinor.com\/jujuy\/por-la-balacera-de-azopardo-piden-12-anos-de-prision-para-milagro-sala\/","title":{"rendered":"Por la balacera de Azopardo piden 12 a\u00f1os de prisi\u00f3n para Milagro Sala"},"content":{"rendered":"<p><a href=\"http:\/\/notinor.com\/jujuy\/el-miercoles-inicia-un-nuevo-juicio-a-milagro-sala\/201612161159politicamilagro-juicio\/\" rel=\"attachment wp-att-198007\"><img decoding=\"async\" loading=\"lazy\" class=\"aligncenter wp-image-198007 size-large\" src=\"http:\/\/notinor.com\/jujuy\/wp-content\/uploads\/2018\/11\/201612161159politicamilagro-juicio-699x480.jpg\" alt=\"\" width=\"699\" height=\"480\" srcset=\"https:\/\/notinor.com\/jujuy\/wp-content\/uploads\/2018\/11\/201612161159politicamilagro-juicio-699x480.jpg 699w, https:\/\/notinor.com\/jujuy\/wp-content\/uploads\/2018\/11\/201612161159politicamilagro-juicio-531x365.jpg 531w, https:\/\/notinor.com\/jujuy\/wp-content\/uploads\/2018\/11\/201612161159politicamilagro-juicio.jpg 728w\" sizes=\"(max-width: 699px) 100vw, 699px\" \/><\/a><\/p>\n<p>Sien do el turno de la fiscal\u00eda Marcelo Cuellar solicit\u00f3\u00a012 a\u00f1os de prisi\u00f3n para Fabi\u00e1n \u00c1vila y Milagro Sala, as\u00ed como 4 a\u00f1os y tres meses para Cardozo.<\/p>\n<p>Cabe recordar que, en paralelo, por la causa Pibes Villeros, esta misma semana el Ministerio P\u00fablico de la Acusaci\u00f3n le solicit\u00f3\u00a022 a\u00f1os de c\u00e1rcel y el Fiscal Anticorrupci\u00f3n\u00a018 a\u00f1os de prisi\u00f3n para la l\u00edder tupaquera Milagro Sala.<\/p>\n<p>Por su parte, Elisabeth G\u00f3mez Alcorta abogada de la l\u00edder social cuestion\u00f3 el pedido de la fiscal\u00eda, asegur\u00f3 que Sala no ide\u00f3 ning\u00fan plan para matar a nadie y solicit\u00f3 la absoluci\u00f3n de la imputada por el \u201cbeneficio de la duda\u201d y que, en caso de no acceder al mismo, se aplique una condena m\u00ednima en cumplimiento condicional.<\/p>\n<p>Est\u00e1 previsto que este jueves se reanude la audiencia, con los alegatos de \u00c1vila y Cardozo.<\/p>\n","protected":false},"excerpt":{"rendered":"<p>Sien do el turno de la fiscal\u00eda Marcelo Cuellar solicit\u00f3\u00a012 a\u00f1os de prisi\u00f3n para Fabi\u00e1n \u00c1vila y Milagro Sala, as\u00ed como 4 a\u00f1os y tres meses para Cardozo. Cabe recordar que, en paralelo, por la causa Pibes Villeros, esta misma semana el Ministerio P\u00fablico de la Acusaci\u00f3n le solicit\u00f3\u00a022 a\u00f1os de c\u00e1rcel y el Fiscal [&hellip;]<\/p>\n","protected":false},"author":1,"featured_media":198007,"comment_status":"open","ping_status":"open","sticky":false,"template":"","format":"standard","meta":{"_stopmodifiedupdate":false,"_modified_date":"","inline_featured_image":false,"spay_email":"","jetpack_publicize_message":""},"categories":[2,3],"tags":[],"jetpack_featured_media_url":"https:\/\/notinor.com\/jujuy\/wp-content\/uploads\/2018\/11\/201612161159politicamilagro-juicio.jpg","jetpack_publicize_connections":[],"_links":{"self":[{"href":"https:\/\/notinor.com\/jujuy\/wp-json\/wp\/v2\/posts\/203724"}],"collection":[{"href":"https:\/\/notinor.com\/jujuy\/wp-json\/wp\/v2\/posts"}],"about":[{"href":"https:\/\/notinor.com\/jujuy\/wp-json\/wp\/v2\/types\/post"}],"author":[{"embeddable":true,"href":"https:\/\/notinor.com\/jujuy\/wp-json\/wp\/v2\/users\/1"}],"replies":[{"embeddable":true,"href":"https:\/\/notinor.com\/jujuy\/wp-json\/wp\/v2\/comments?post=203724"}],"version-history":[{"count":1,"href":"https:\/\/notinor.com\/jujuy\/wp-json\/wp\/v2\/posts\/203724\/revisions"}],"predecessor-version":[{"id":203725,"href":"https:\/\/notinor.com\/jujuy\/wp-json\/wp\/v2\/posts\/203724\/revisions\/203725"}],"wp:featuredmedia":[{"embeddable":true,"href":"https:\/\/notinor.com\/jujuy\/wp-json\/wp\/v2\/media\/198007"}],"wp:attachment":[{"href":"https:\/\/notinor.com\/jujuy\/wp-json\/wp\/v2\/media?parent=203724"}],"wp:term":[{"taxonomy":"category","embeddable":true,"href":"https:\/\/notinor.com\/jujuy\/wp-json\/wp\/v2\/categories?post=203724"},{"taxonomy":"post_tag","embeddable":true,"href":"https:\/\/notinor.com\/jujuy\/wp-json\/wp\/v2\/tags?post=203724"}],"curies":[{"name":"wp","href":"https:\/\/api.w.org\/{rel}","templated":true}]}}