{"id":20352,"date":"2015-03-21T02:40:10","date_gmt":"2015-03-21T05:40:10","guid":{"rendered":"http:\/\/notinor.com\/jujuy\/?p=20352"},"modified":"2015-03-21T02:40:10","modified_gmt":"2015-03-21T05:40:10","slug":"se-conmemoro-el-dia-de-la-reconquista-de-jujuy","status":"publish","type":"post","link":"https:\/\/notinor.com\/jujuy\/se-conmemoro-el-dia-de-la-reconquista-de-jujuy\/","title":{"rendered":"Se conmemor\u00f3 el d\u00eda de la Reconquista de Jujuy"},"content":{"rendered":"<p>El Gobernador de la provincia, Eduardo Fellner, encabez\u00f3 el acto por el D\u00eda de la Reconquista de Jujuy, en el Sal\u00f3n de la Bandera de Casa de Gobierno, una fecha que merece ser reconocida por la valent\u00eda, la entrega y el gran coraje del pueblo juje\u00f1o, entre 1812 y 1813.<\/p>\n<p>&nbsp;<\/p>\n<p>Al iniciar la ceremonia, el Mandatario provincial\u00a0 procedi\u00f3 a la colocaci\u00f3n de una ofrenda floral al pie de la urna que guarda la Bandera Nacional de la Libertad Civil.<\/p>\n<p>&nbsp;<\/p>\n<p>Acto seguido, se realiz\u00f3 un minuto de silencio, en homenaje a los protagonistas de aquella hist\u00f3rica fecha del 21 de marzo de 1813, y se pronunci\u00f3 una invocaci\u00f3n religiosa,\u00a0 a cargo del obispo de Jujuy, C\u00e9sar Fern\u00e1ndez.<\/p>\n<p>&nbsp;<\/p>\n<p>En marzo de 1812, el Ej\u00e9rcito del Norte llega a Jujuy con las tropas desmoralizadas luego de haber sufrido algunas derrotas en el Alto Per\u00fa. A partir de all\u00ed, el General Belgrano trata de recuperar a las tropas e incentivar al pueblo de Jujuy para que lo acompa\u00f1e en la causa patri\u00f3tica de recuperar las provincias altoperuanas.<\/p>\n<p>&nbsp;<\/p>\n<p>Pasados los meses Belgrano planea el \u00c9xodo y as\u00ed el 29 de julio de 1812 toma la decisi\u00f3n y ordena a la poblaci\u00f3n de Jujuy\u00a0 abandonar la ciudad con aquello que pudiera. \u201cLas personas que no acompa\u00f1aran este \u00e9xodo iban a ser consideradas como traidores a la patria\u201d.<\/p>\n<p>&nbsp;<\/p>\n<p>Esto ocurri\u00f3 el 23 de agosto, despu\u00e9s el Ej\u00e9rcito y la poblaci\u00f3n de Jujuy llega a Tucum\u00e1n el 24 de septiembre cuando vence a las tropas realistas en lo que se conoce como la Batalla de Tucum\u00e1n, haciendo retroceder a los realistas hacia Salta, donde nuevamente los vence el 20 de febrero de 1813.<\/p>\n<p style=\"text-align: center;\">\u00a0<a href=\"http:\/\/notinor.com\/jujuy\/wp-content\/uploads\/2015\/03\/integrantes-de-la-sociedad-civil-que-participaron-del-acto-protocolar_16832.jpg\"><img decoding=\"async\" loading=\"lazy\" class=\"alignnone size-full wp-image-20353\" src=\"http:\/\/notinor.com\/jujuy\/wp-content\/uploads\/2015\/03\/integrantes-de-la-sociedad-civil-que-participaron-del-acto-protocolar_16832.jpg\" alt=\"integrantes-de-la-sociedad-civil-que-participaron-del-acto-protocolar_16832\" width=\"800\" height=\"600\" srcset=\"https:\/\/notinor.com\/jujuy\/wp-content\/uploads\/2015\/03\/integrantes-de-la-sociedad-civil-que-participaron-del-acto-protocolar_16832.jpg 800w, https:\/\/notinor.com\/jujuy\/wp-content\/uploads\/2015\/03\/integrantes-de-la-sociedad-civil-que-participaron-del-acto-protocolar_16832-300x225.jpg 300w\" sizes=\"(max-width: 800px) 100vw, 800px\" \/><\/a><\/p>\n<p>Al d\u00eda siguiente, \u201calgunos juje\u00f1os comenzaron a retornar a Jujuy, pero el territorio era ocupado por la retaguardia del ej\u00e9rcito realista, donde la Iglesia, el Cabildo y los alrededores de la plaza, se hab\u00edan convertido en trincheras por estas invasiones\u201d.<\/p>\n<p>&nbsp;<\/p>\n<p>Por esa raz\u00f3n, cuando llega la poblaci\u00f3n y parte del ej\u00e9rcito sucedieron distintos combates.<\/p>\n<p>&nbsp;<\/p>\n<p>Por su parte, el integrante del Instituto Belgraniano de Jujuy, Joaqu\u00edn Carrillo, sostuvo que \u201chay que empezar a tomar conciencia que Jujuy es una provincia belgraniana y que se hicieron las cosas m\u00e1s importantes que hizo Belgrano, como el 25 de mayo, cuando se bendijo y se jur\u00f3 la bandera por primera vez. Belgrano sali\u00f3 de la Catedral con ese pa\u00f1o, proclamando que este es el s\u00edmbolo que nos distinguir\u00e1 de las dem\u00e1s naciones\u201d.<\/p>\n<p>&nbsp;<\/p>\n<p>Finalmente, Carrillo dijo que se toma como d\u00eda de la Reconquista de Jujuy\u00a0 \u201ccuando Belgrano firma el acta capitular en el Cabildo de Jujuy, ese es el d\u00eda en que militarmente se vuelve a la provincia\u201d.<\/p>\n","protected":false},"excerpt":{"rendered":"<p>El Gobernador de la provincia, Eduardo Fellner, encabez\u00f3 el acto por el D\u00eda de la Reconquista de Jujuy, en el Sal\u00f3n de la Bandera de Casa de Gobierno, una fecha que merece ser reconocida por la valent\u00eda, la entrega y el gran coraje del pueblo juje\u00f1o, entre 1812 y 1813. &nbsp; Al iniciar la ceremonia, [&hellip;]<\/p>\n","protected":false},"author":1,"featured_media":20353,"comment_status":"open","ping_status":"open","sticky":false,"template":"","format":"standard","meta":{"_stopmodifiedupdate":false,"_modified_date":"","inline_featured_image":false},"categories":[2],"tags":[],"jetpack_featured_media_url":"https:\/\/notinor.com\/jujuy\/wp-content\/uploads\/2015\/03\/integrantes-de-la-sociedad-civil-que-participaron-del-acto-protocolar_16832.jpg","_links":{"self":[{"href":"https:\/\/notinor.com\/jujuy\/wp-json\/wp\/v2\/posts\/20352"}],"collection":[{"href":"https:\/\/notinor.com\/jujuy\/wp-json\/wp\/v2\/posts"}],"about":[{"href":"https:\/\/notinor.com\/jujuy\/wp-json\/wp\/v2\/types\/post"}],"author":[{"embeddable":true,"href":"https:\/\/notinor.com\/jujuy\/wp-json\/wp\/v2\/users\/1"}],"replies":[{"embeddable":true,"href":"https:\/\/notinor.com\/jujuy\/wp-json\/wp\/v2\/comments?post=20352"}],"version-history":[{"count":1,"href":"https:\/\/notinor.com\/jujuy\/wp-json\/wp\/v2\/posts\/20352\/revisions"}],"predecessor-version":[{"id":20354,"href":"https:\/\/notinor.com\/jujuy\/wp-json\/wp\/v2\/posts\/20352\/revisions\/20354"}],"wp:featuredmedia":[{"embeddable":true,"href":"https:\/\/notinor.com\/jujuy\/wp-json\/wp\/v2\/media\/20353"}],"wp:attachment":[{"href":"https:\/\/notinor.com\/jujuy\/wp-json\/wp\/v2\/media?parent=20352"}],"wp:term":[{"taxonomy":"category","embeddable":true,"href":"https:\/\/notinor.com\/jujuy\/wp-json\/wp\/v2\/categories?post=20352"},{"taxonomy":"post_tag","embeddable":true,"href":"https:\/\/notinor.com\/jujuy\/wp-json\/wp\/v2\/tags?post=20352"}],"curies":[{"name":"wp","href":"https:\/\/api.w.org\/{rel}","templated":true}]}}