{"id":20337,"date":"2015-03-21T02:34:51","date_gmt":"2015-03-21T05:34:51","guid":{"rendered":"http:\/\/notinor.com\/jujuy\/?p=20337"},"modified":"2015-03-21T09:40:00","modified_gmt":"2015-03-21T12:40:00","slug":"docentes-de-la-unju-continuan-su-plan-de-lucha","status":"publish","type":"post","link":"https:\/\/notinor.com\/jujuy\/docentes-de-la-unju-continuan-su-plan-de-lucha\/","title":{"rendered":"Docentes de la UNJu contin\u00faan su plan de lucha"},"content":{"rendered":"<p>El mi\u00e9rcoles 25 de marzo se llevara a cabo el paro de 24 horas sin asistencia a los lugares de trabajo, con permanencia en estado de asamblea permanente. A su vez se movilizaran a las 16,00 horas desde Plaza Belgrano al Rectorado.<\/p>\n<p>El objetivo es exigir del Consejo Superior una Resoluci\u00f3n que ratifique \u201cque la deuda no es de los trabajadores\u201d, presentar por ante el Consejo Superior una nota solicitando que no se incluya la antig\u00fcedad en la deducci\u00f3n del Impuesto a las Ganancias; y continuar con el cuarto intermedio de la asamblea al finalizar la sesi\u00f3n extraordinaria del Consejo Superior.<\/p>\n<p>&nbsp;<\/p>\n","protected":false},"excerpt":{"rendered":"<p>El mi\u00e9rcoles 25 de marzo se llevara a cabo el paro de 24 horas sin asistencia a los lugares de trabajo, con permanencia en estado de asamblea permanente. A su vez se movilizaran a las 16,00 horas desde Plaza Belgrano al Rectorado. El objetivo es exigir del Consejo Superior una Resoluci\u00f3n que ratifique \u201cque la [&hellip;]<\/p>\n","protected":false},"author":1,"featured_media":20350,"comment_status":"open","ping_status":"open","sticky":false,"template":"","format":"standard","meta":{"_stopmodifiedupdate":false,"_modified_date":"","inline_featured_image":false},"categories":[485],"tags":[],"jetpack_featured_media_url":"https:\/\/notinor.com\/jujuy\/wp-content\/uploads\/2015\/03\/adiunju.jpg","_links":{"self":[{"href":"https:\/\/notinor.com\/jujuy\/wp-json\/wp\/v2\/posts\/20337"}],"collection":[{"href":"https:\/\/notinor.com\/jujuy\/wp-json\/wp\/v2\/posts"}],"about":[{"href":"https:\/\/notinor.com\/jujuy\/wp-json\/wp\/v2\/types\/post"}],"author":[{"embeddable":true,"href":"https:\/\/notinor.com\/jujuy\/wp-json\/wp\/v2\/users\/1"}],"replies":[{"embeddable":true,"href":"https:\/\/notinor.com\/jujuy\/wp-json\/wp\/v2\/comments?post=20337"}],"version-history":[{"count":2,"href":"https:\/\/notinor.com\/jujuy\/wp-json\/wp\/v2\/posts\/20337\/revisions"}],"predecessor-version":[{"id":20400,"href":"https:\/\/notinor.com\/jujuy\/wp-json\/wp\/v2\/posts\/20337\/revisions\/20400"}],"wp:featuredmedia":[{"embeddable":true,"href":"https:\/\/notinor.com\/jujuy\/wp-json\/wp\/v2\/media\/20350"}],"wp:attachment":[{"href":"https:\/\/notinor.com\/jujuy\/wp-json\/wp\/v2\/media?parent=20337"}],"wp:term":[{"taxonomy":"category","embeddable":true,"href":"https:\/\/notinor.com\/jujuy\/wp-json\/wp\/v2\/categories?post=20337"},{"taxonomy":"post_tag","embeddable":true,"href":"https:\/\/notinor.com\/jujuy\/wp-json\/wp\/v2\/tags?post=20337"}],"curies":[{"name":"wp","href":"https:\/\/api.w.org\/{rel}","templated":true}]}}