{"id":20208,"date":"2015-03-19T21:47:01","date_gmt":"2015-03-20T00:47:01","guid":{"rendered":"http:\/\/notinor.com\/jujuy\/?p=20208"},"modified":"2015-03-19T21:47:01","modified_gmt":"2015-03-20T00:47:01","slug":"municipalidad-repudia-cortes-de-minoritaria-expresion-del-transporte","status":"publish","type":"post","link":"https:\/\/notinor.com\/jujuy\/municipalidad-repudia-cortes-de-minoritaria-expresion-del-transporte\/","title":{"rendered":"Municipalidad repudia cortes de minoritaria expresi\u00f3n del transporte"},"content":{"rendered":"<p class=\"ecxMsoNormal\">Rechazamos que se impida a los estudiantes llegar a la escuela o mayores a cumplir con sus tareas.<\/p>\n<p class=\"ecxMsoNormal\">Este minoritario sector que no supera el 2% de los actores del transporte de taxis estaban citados nuevamente el d\u00eda mi\u00e9rcoles a la 11.30 horas a una reuni\u00f3n con el Intendente y miembros del ejecutivo provincial en la sede municipal (como el martes se realiz\u00f3 con otro sector de los Taxis y Taxis Compartidos) a fin de abordar esta tem\u00e1tica; invitados a ingresar, decidieron retirarse. A pesar de ello, se los volvi\u00f3 a convocar para una reuni\u00f3n en el d\u00eda de la fecha a horas 08:30, sin que concurrieran a este Municipio.<\/p>\n<p class=\"ecxMsoNormal\"><a href=\"http:\/\/notinor.com\/jujuy\/wp-content\/uploads\/2015\/03\/DSC02040.jpg\"><img decoding=\"async\" loading=\"lazy\" class=\"alignnone size-medium wp-image-20186\" src=\"http:\/\/notinor.com\/jujuy\/wp-content\/uploads\/2015\/03\/DSC02040-300x225.jpg\" alt=\"DSC02040\" width=\"300\" height=\"225\" srcset=\"https:\/\/notinor.com\/jujuy\/wp-content\/uploads\/2015\/03\/DSC02040-300x225.jpg 300w, https:\/\/notinor.com\/jujuy\/wp-content\/uploads\/2015\/03\/DSC02040.jpg 900w\" sizes=\"(max-width: 300px) 100vw, 300px\" \/><\/a><\/p>\n<p class=\"ecxMsoNormal\">Reiteramos nuestra voluntad de cooperar con el Gobierno de la provincia, quien debe tomar determinaciones claras sobre la legalizaci\u00f3n o no del Remis o Taxi Compartido Interjurisdiccional, el cual funciona en la actualidad en base a habilitaciones otorgadas por municipios del interior en contra del marco legal vigente; decisi\u00f3n que es resorte exclusivo del Gobierno de la Provincia.<\/p>\n<p class=\"ecxMsoNormal\">En caso de decidirse la regulaci\u00f3n del sistema, propiciamos la unificaci\u00f3n de colores para una clara identificaci\u00f3n, fijaci\u00f3n de lugares de paradas a no m\u00e1s de mil metros de la nueva Terminal, igualdad de trato para los taxis locales sobre todo para salir sin sanciones al aeropuerto y ciudades del interior (ponemos a disposici\u00f3n nuestros cuadros t\u00e9cnicos, hemos realizado propuestas y las seguiremos haciendo). En caso de que el Gobierno de la Provincia no modifique la situaci\u00f3n actual, exigimos la realizaci\u00f3n de retenes en ruta con intervenci\u00f3n de la Polic\u00eda de la Provincia y con ese apoyo, continuaremos luchando contra el transporte ilegal en la ciudad de San Salvador de Jujuy.<\/p>\n","protected":false},"excerpt":{"rendered":"<p>Rechazamos que se impida a los estudiantes llegar a la escuela o mayores a cumplir con sus tareas. Este minoritario sector que no supera el 2% de los actores del transporte de taxis estaban citados nuevamente el d\u00eda mi\u00e9rcoles a la 11.30 horas a una reuni\u00f3n con el Intendente y miembros del ejecutivo provincial en [&hellip;]<\/p>\n","protected":false},"author":1,"featured_media":20186,"comment_status":"open","ping_status":"open","sticky":false,"template":"","format":"standard","meta":{"_stopmodifiedupdate":false,"_modified_date":"","inline_featured_image":false,"spay_email":"","jetpack_publicize_message":""},"categories":[490],"tags":[],"jetpack_featured_media_url":"https:\/\/notinor.com\/jujuy\/wp-content\/uploads\/2015\/03\/DSC02040.jpg","jetpack_publicize_connections":[],"_links":{"self":[{"href":"https:\/\/notinor.com\/jujuy\/wp-json\/wp\/v2\/posts\/20208"}],"collection":[{"href":"https:\/\/notinor.com\/jujuy\/wp-json\/wp\/v2\/posts"}],"about":[{"href":"https:\/\/notinor.com\/jujuy\/wp-json\/wp\/v2\/types\/post"}],"author":[{"embeddable":true,"href":"https:\/\/notinor.com\/jujuy\/wp-json\/wp\/v2\/users\/1"}],"replies":[{"embeddable":true,"href":"https:\/\/notinor.com\/jujuy\/wp-json\/wp\/v2\/comments?post=20208"}],"version-history":[{"count":1,"href":"https:\/\/notinor.com\/jujuy\/wp-json\/wp\/v2\/posts\/20208\/revisions"}],"predecessor-version":[{"id":20213,"href":"https:\/\/notinor.com\/jujuy\/wp-json\/wp\/v2\/posts\/20208\/revisions\/20213"}],"wp:featuredmedia":[{"embeddable":true,"href":"https:\/\/notinor.com\/jujuy\/wp-json\/wp\/v2\/media\/20186"}],"wp:attachment":[{"href":"https:\/\/notinor.com\/jujuy\/wp-json\/wp\/v2\/media?parent=20208"}],"wp:term":[{"taxonomy":"category","embeddable":true,"href":"https:\/\/notinor.com\/jujuy\/wp-json\/wp\/v2\/categories?post=20208"},{"taxonomy":"post_tag","embeddable":true,"href":"https:\/\/notinor.com\/jujuy\/wp-json\/wp\/v2\/tags?post=20208"}],"curies":[{"name":"wp","href":"https:\/\/api.w.org\/{rel}","templated":true}]}}