{"id":199039,"date":"2018-11-14T13:03:59","date_gmt":"2018-11-14T16:03:59","guid":{"rendered":"http:\/\/notinor.com\/jujuy\/?p=199039"},"modified":"2018-11-14T13:03:59","modified_gmt":"2018-11-14T16:03:59","slug":"es-astrofotografa-vivio-un-ano-en-la-antartida-y-muestra-sus-fotos-por-primera-vez","status":"publish","type":"post","link":"https:\/\/notinor.com\/jujuy\/es-astrofotografa-vivio-un-ano-en-la-antartida-y-muestra-sus-fotos-por-primera-vez\/","title":{"rendered":"Es astrofot\u00f3grafa, vivi\u00f3 un a\u00f1o en la Ant\u00e1rtida y muestra sus fotos por primera vez"},"content":{"rendered":"<div class=\"row\">\n<div class=\" col-md-offset-1 col-md-10 col-xs-10 col-xs-offset-1\">\n<p class=\"element element-paragraph\">En noviembre de 2017, Jorgelina \u00c1lvarez -30 a\u00f1os, meteor\u00f3loga- puso en pausa su trabajo en la Estaci\u00f3n Meteorol\u00f3gica La Plata para instalarse, durante un a\u00f1o completo, en la Base Marambio. Acaba de regresar a su hogar natal en Las Flores,\u00a0en Buenos Aires, pero\u00a0<strong>en la Ant\u00e1rtida dej\u00f3 su marca indeleble<\/strong>: \"\u00bfViste las fotos de Lina?\", fue\u00a0la pregunta que se repiti\u00f3, una y otra vez, durante la estad\u00eda de\u00a0<strong>Infobae<\/strong>\u00a0en el continente blanco.<\/p>\n<\/div>\n<\/div>\n<div class=\"row\">\n<div class=\" col-md-offset-1 col-md-10 col-xs-10 col-xs-offset-1\">\n<p class=\"element element-paragraph\">Es que ella, adem\u00e1s de ser meteor\u00f3loga y fot\u00f3grafa, ten\u00eda\u00a0<strong>un hobby que termin\u00f3 potenciando en la Ant\u00e1rtida: es astrofot\u00f3grafa<\/strong>. \"Desde el lado de la astronom\u00eda, uno puede maravillarse de ver tanto universo\", dijo a\u00a0<strong>Infobae<\/strong>\u00a0durante su despedida, a punto de subirse al H\u00e9rcules. \"He tenido la oportunidad de estar fotografiando las estrellas y de estar sola por un rato, en medio de la nada misma, y lo que se siente es \u00fanico. Con mis fotograf\u00edas trato de que ustedes tambi\u00e9n puedan sentirlo\".<\/p>\n<\/div>\n<\/div>\n<div class=\"row\">\n<div class=\" col-md-offset-1 col-md-10 col-xs-10 col-xs-offset-1\">\n<p class=\"element element-paragraph\">Sus fotos (hechas con una c\u00e1mara Sony a7S y un tr\u00edpode) fueron tomadas en distintos momentos del a\u00f1o: con temperaturas positivas y cuando<strong>\u00a0la sensaci\u00f3n t\u00e9rmica se derrumb\u00f3 hasta casi los 40 grados bajo cero<\/strong>. Hay medianoches claras, compa\u00f1eros que parecen tocar las estrellas, planetas visibles, mares congelados, centros gal\u00e1cticos y un \"mar de nubes\". Hoy, por primera vez, Jorgelina muestra y explica algunas de las fotos que tom\u00f3 durante su aventura.<\/p>\n<\/div>\n<\/div>\n<div class=\"row\">\n<figure class=\"element element-image\">\n<div class=\" fullwidthImg\"><img decoding=\"async\" src=\"https:\/\/s3.amazonaws.com\/arc-wordpress-client-uploads\/infobae-wp\/wp-content\/uploads\/2018\/11\/13104848\/Astrofotografia-1.jpg\" alt=\"\u201cBase gal\u00e1ctica\u201d: Sobre un sector de la Base Marambio se puede ver el \u201cCentro gal\u00e1ctico\u201d. Est\u00e1 por encima de las antenas y parece elevarse desde el techo hacia el cielo. En el medio y hacia la izquierda, se ve el planeta J\u00fapiter (Gentileza: AstroLina Photography).\" data-url=\"https:\/\/www.infobae.com\/fotos\/2018\/11\/14\/es-astrofotografa-vivio-un-ano-en-la-antartida-y-muestra-sus-fotos-por-primera-vez\/%23GHOGALQJDBAO5GIHIAJGFGNUAM\" data-original=\"https:\/\/s3.amazonaws.com\/arc-wordpress-client-uploads\/infobae-wp\/wp-content\/uploads\/2018\/11\/13104848\/Astrofotografia-1.jpg\" \/><\/p>\n<div class=\"shares share-holder\">\n<div class=\"share-button facebook\" data-url=\"https:\/\/www.infobae.com\/fotos\/2018\/11\/14\/es-astrofotografa-vivio-un-ano-en-la-antartida-y-muestra-sus-fotos-por-primera-vez\/%23GHOGALQJDBAO5GIHIAJGFGNUAM\" data-original=\"https:\/\/s3.amazonaws.com\/arc-wordpress-client-uploads\/infobae-wp\/wp-content\/uploads\/2018\/11\/13104848\/Astrofotografia-1.jpg\"><\/div>\n<\/div>\n<\/div>\n<p class=\"caption\">\u201cBase gal\u00e1ctica\u201d: Sobre un sector de la Base Marambio se puede ver el \u201cCentro gal\u00e1ctico\u201d. Est\u00e1 por encima de las antenas y parece elevarse desde el techo hacia el cielo. En el medio y hacia la izquierda, se ve el planeta J\u00fapiter (Gentileza: AstroLina Photography).<\/p>\n<\/figure>\n<\/div>\n<div class=\"row\">\n<figure class=\"element element-image\">\n<div class=\" fullwidthImg\"><img decoding=\"async\" src=\"https:\/\/s3.amazonaws.com\/arc-wordpress-client-uploads\/infobae-wp\/wp-content\/uploads\/2018\/11\/13104900\/Astrofotografia-2.jpg\" alt=\"\u201cLazos\u201d: \u201cSon dos amigas en conexi\u00f3n directa con el universo\u201d, cuenta Jorgelina.\u00a0 La foto habla de \u201ctener todo el cosmos en nuestras manos\u201d.\" data-url=\"https:\/\/www.infobae.com\/fotos\/2018\/11\/14\/es-astrofotografa-vivio-un-ano-en-la-antartida-y-muestra-sus-fotos-por-primera-vez\/%23E2ASSGTUVFDOPFDTIDQUGKHV7Y\" data-original=\"https:\/\/s3.amazonaws.com\/arc-wordpress-client-uploads\/infobae-wp\/wp-content\/uploads\/2018\/11\/13104900\/Astrofotografia-2.jpg\" \/><\/p>\n<div class=\"shares share-holder\">\n<div class=\"share-button facebook\" data-url=\"https:\/\/www.infobae.com\/fotos\/2018\/11\/14\/es-astrofotografa-vivio-un-ano-en-la-antartida-y-muestra-sus-fotos-por-primera-vez\/%23E2ASSGTUVFDOPFDTIDQUGKHV7Y\" data-original=\"https:\/\/s3.amazonaws.com\/arc-wordpress-client-uploads\/infobae-wp\/wp-content\/uploads\/2018\/11\/13104900\/Astrofotografia-2.jpg\"><\/div>\n<\/div>\n<\/div>\n<p class=\"caption\">\u201cLazos\u201d: \u201cSon dos amigas en conexi\u00f3n directa con el universo\u201d, cuenta Jorgelina.\u00a0 La foto habla de \u201ctener todo el cosmos en nuestras manos\u201d.<\/p>\n<\/figure>\n<\/div>\n<div class=\"row\">\n<figure class=\"element element-image\">\n<div class=\" fullwidthImg\"><img decoding=\"async\" src=\"https:\/\/s3.amazonaws.com\/arc-wordpress-client-uploads\/infobae-wp\/wp-content\/uploads\/2018\/11\/13104910\/Astrofotografia-3.jpg\" alt=\"\u201cContacto\u201d:\u00a0inspirada en una de sus pel\u00edculas favoritas, se ve J\u00fapiter (el punto brillante en el centro, hacia abajo). \u201cEl planeta estaba en la \u00e9poca de su mayor cercan\u00eda con la Tierra, por eso el brillo\u201d, explica. Tambi\u00e9n se ve el Centro Gal\u00e1ctico lleno de objetos astron\u00f3micos, como la nebulosa \u201cSaco de carb\u00f3n\u201d, la \u201cGalaxia enana\u201d, la nube mayor de Magallanes (el manch\u00f3n blanco arriba a la izquierda) y las miles de millones de estrellas que decoran el paisaje de la base.\" data-url=\"https:\/\/www.infobae.com\/fotos\/2018\/11\/14\/es-astrofotografa-vivio-un-ano-en-la-antartida-y-muestra-sus-fotos-por-primera-vez\/%23KEU42I7RINCYRON7ESW7FN6PKQ\" data-original=\"https:\/\/s3.amazonaws.com\/arc-wordpress-client-uploads\/infobae-wp\/wp-content\/uploads\/2018\/11\/13104910\/Astrofotografia-3.jpg\" \/><\/p>\n<div class=\"shares share-holder\">\n<div class=\"share-button facebook\" data-url=\"https:\/\/www.infobae.com\/fotos\/2018\/11\/14\/es-astrofotografa-vivio-un-ano-en-la-antartida-y-muestra-sus-fotos-por-primera-vez\/%23KEU42I7RINCYRON7ESW7FN6PKQ\" data-original=\"https:\/\/s3.amazonaws.com\/arc-wordpress-client-uploads\/infobae-wp\/wp-content\/uploads\/2018\/11\/13104910\/Astrofotografia-3.jpg\"><\/div>\n<\/div>\n<\/div>\n<p class=\"caption\">\u201cContacto\u201d:\u00a0inspirada en una de sus pel\u00edculas favoritas, se ve J\u00fapiter (el punto brillante en el centro, hacia abajo). \u201cEl planeta estaba en la \u00e9poca de su mayor cercan\u00eda con la Tierra, por eso el brillo\u201d, explica. Tambi\u00e9n se ve el Centro Gal\u00e1ctico lleno de objetos astron\u00f3micos, como la nebulosa \u201cSaco de carb\u00f3n\u201d, la \u201cGalaxia enana\u201d, la nube mayor de Magallanes (el manch\u00f3n blanco arriba a la izquierda) y las miles de millones de estrellas que decoran el paisaje de la base.<\/p>\n<\/figure>\n<\/div>\n<div class=\"row\">\n<figure class=\"element element-image\">\n<div class=\" fullwidthImg\"><img decoding=\"async\" src=\"https:\/\/s3.amazonaws.com\/arc-wordpress-client-uploads\/infobae-wp\/wp-content\/uploads\/2018\/11\/13105034\/Astrofotografia-12.jpg\" alt=\"\u201cMI 171 E\u201d: la foto\u00a0lleva el nombre del helic\u00f3ptero de la Fuerza A\u00e9rea que vol\u00f3 frente a millones de estrellas durante la campa\u00f1a ant\u00e1rtica de verano. \u201cLo que vemos es nuestra propia galaxia, nuestro hogar, la v\u00eda l\u00e1ctea\u201d, explica Jorgelina. \u201cEn la foto se descubre un universo m\u00e1gico con una puesta en escena universal que maravilla y nos conecta en la noche con nosotros mismos y con la inmensidad del infinito\u201d.\" data-url=\"https:\/\/www.infobae.com\/fotos\/2018\/11\/14\/es-astrofotografa-vivio-un-ano-en-la-antartida-y-muestra-sus-fotos-por-primera-vez\/%23TDNBRPVIXFDXDNNO5ZDV5D3BNA\" data-original=\"https:\/\/s3.amazonaws.com\/arc-wordpress-client-uploads\/infobae-wp\/wp-content\/uploads\/2018\/11\/13105034\/Astrofotografia-12.jpg\" \/><\/p>\n<div class=\"shares share-holder\">\n<div class=\"share-button facebook\" data-url=\"https:\/\/www.infobae.com\/fotos\/2018\/11\/14\/es-astrofotografa-vivio-un-ano-en-la-antartida-y-muestra-sus-fotos-por-primera-vez\/%23TDNBRPVIXFDXDNNO5ZDV5D3BNA\" data-original=\"https:\/\/s3.amazonaws.com\/arc-wordpress-client-uploads\/infobae-wp\/wp-content\/uploads\/2018\/11\/13105034\/Astrofotografia-12.jpg\"><\/div>\n<\/div>\n<\/div>\n<p class=\"caption\">\u201cMI 171 E\u201d: la foto\u00a0lleva el nombre del helic\u00f3ptero de la Fuerza A\u00e9rea que vol\u00f3 frente a millones de estrellas durante la campa\u00f1a ant\u00e1rtica de verano. \u201cLo que vemos es nuestra propia galaxia, nuestro hogar, la v\u00eda l\u00e1ctea\u201d, explica Jorgelina. \u201cEn la foto se descubre un universo m\u00e1gico con una puesta en escena universal que maravilla y nos conecta en la noche con nosotros mismos y con la inmensidad del infinito\u201d.<\/p>\n<\/figure>\n<\/div>\n<div class=\"row\">\n<figure class=\"element element-image\">\n<div class=\" fullwidthImg\"><img decoding=\"async\" src=\"https:\/\/s3.amazonaws.com\/arc-wordpress-client-uploads\/infobae-wp\/wp-content\/uploads\/2018\/11\/13104920\/Astrofotografia-4.jpg\" alt=\"\u201cVerano en la Base Marambio\u201d: Fue tomada en\u00a0verano, luego de meses de solo ver la luz del sol, por eso no se ven estrellas. Es un bello atardecer a las 23.54, al borde de la medianoche, con la salida de la luna sobre el mar de Weddell.\" data-url=\"https:\/\/www.infobae.com\/fotos\/2018\/11\/14\/es-astrofotografa-vivio-un-ano-en-la-antartida-y-muestra-sus-fotos-por-primera-vez\/%235CDXVYUFYNAPDFNQCOY7BKEQ5E\" data-original=\"https:\/\/s3.amazonaws.com\/arc-wordpress-client-uploads\/infobae-wp\/wp-content\/uploads\/2018\/11\/13104920\/Astrofotografia-4.jpg\" \/><\/p>\n<div class=\"shares share-holder\">\n<div class=\"share-button facebook\" data-url=\"https:\/\/www.infobae.com\/fotos\/2018\/11\/14\/es-astrofotografa-vivio-un-ano-en-la-antartida-y-muestra-sus-fotos-por-primera-vez\/%235CDXVYUFYNAPDFNQCOY7BKEQ5E\" data-original=\"https:\/\/s3.amazonaws.com\/arc-wordpress-client-uploads\/infobae-wp\/wp-content\/uploads\/2018\/11\/13104920\/Astrofotografia-4.jpg\"><\/div>\n<\/div>\n<\/div>\n<p class=\"caption\">\u201cVerano en la Base Marambio\u201d: Fue tomada en\u00a0verano, luego de meses de solo ver la luz del sol, por eso no se ven estrellas. Es un bello atardecer a las 23.54, al borde de la medianoche, con la salida de la luna sobre el mar de Weddell.<\/p>\n<\/figure>\n<\/div>\n<div class=\"row\">\n<figure class=\"element element-image\">\n<div class=\" fullwidthImg\"><img decoding=\"async\" src=\"https:\/\/s3.amazonaws.com\/arc-wordpress-client-uploads\/infobae-wp\/wp-content\/uploads\/2018\/11\/13104927\/Astrofotografia-5.jpg\" alt=\"\u201cBaile planetario\u201d: \u201cHab\u00eda luna llena y nubes altas, llamadas Cirrus Stratus. El halo lunar que ven fue causado por las part\u00edculas de hielo en suspensi\u00f3n en la top\u00f3sfera que refractaron la luz y generaron un espectro de colores\u201d. Se ven, adem\u00e1s, Marte y J\u00fapiter y, sobre el paisaje terrestre, lo que se conoce como \u201cMar de nubes\u201d.\" data-url=\"https:\/\/www.infobae.com\/fotos\/2018\/11\/14\/es-astrofotografa-vivio-un-ano-en-la-antartida-y-muestra-sus-fotos-por-primera-vez\/%23OSJQZDBIYBCYDJ3QH3ZTIMLHV4\" data-original=\"https:\/\/s3.amazonaws.com\/arc-wordpress-client-uploads\/infobae-wp\/wp-content\/uploads\/2018\/11\/13104927\/Astrofotografia-5.jpg\" \/><\/p>\n<div class=\"shares share-holder\">\n<div class=\"share-button facebook\" data-url=\"https:\/\/www.infobae.com\/fotos\/2018\/11\/14\/es-astrofotografa-vivio-un-ano-en-la-antartida-y-muestra-sus-fotos-por-primera-vez\/%23OSJQZDBIYBCYDJ3QH3ZTIMLHV4\" data-original=\"https:\/\/s3.amazonaws.com\/arc-wordpress-client-uploads\/infobae-wp\/wp-content\/uploads\/2018\/11\/13104927\/Astrofotografia-5.jpg\"><\/div>\n<\/div>\n<\/div>\n<p class=\"caption\">\u201cBaile planetario\u201d: \u201cHab\u00eda luna llena y nubes altas, llamadas Cirrus Stratus. El halo lunar que ven fue causado por las part\u00edculas de hielo en suspensi\u00f3n en la top\u00f3sfera que refractaron la luz y generaron un espectro de colores\u201d. Se ven, adem\u00e1s, Marte y J\u00fapiter y, sobre el paisaje terrestre, lo que se conoce como \u201cMar de nubes\u201d.<\/p>\n<\/figure>\n<\/div>\n<div class=\"row\">\n<figure class=\"element element-image\">\n<div class=\" fullwidthImg\"><img decoding=\"async\" src=\"https:\/\/s3.amazonaws.com\/arc-wordpress-client-uploads\/infobae-wp\/wp-content\/uploads\/2018\/11\/13104939\/Astrofotografia-6.jpg\" alt=\"\u201cFirmamento\u201d: \u201cFue una de las \u00faltimas noches despejadas y con oscuridad, porque a partir de octubre tuvimos solo luz de d\u00eda. El punto m\u00e1s brillante, casi sobre el horizonte, es Venus; el otro es J\u00fapiter. Sobre el paisaje de la Base Marambio se ve el domo, que sirve para proteger la antena satelital de Arsat.\" data-url=\"https:\/\/www.infobae.com\/fotos\/2018\/11\/14\/es-astrofotografa-vivio-un-ano-en-la-antartida-y-muestra-sus-fotos-por-primera-vez\/%23QW2YN7XGQ5HJFC4WSG2LRTSIGA\" data-original=\"https:\/\/s3.amazonaws.com\/arc-wordpress-client-uploads\/infobae-wp\/wp-content\/uploads\/2018\/11\/13104939\/Astrofotografia-6.jpg\" \/><\/p>\n<div class=\"shares share-holder\">\n<div class=\"share-button facebook\" data-url=\"https:\/\/www.infobae.com\/fotos\/2018\/11\/14\/es-astrofotografa-vivio-un-ano-en-la-antartida-y-muestra-sus-fotos-por-primera-vez\/%23QW2YN7XGQ5HJFC4WSG2LRTSIGA\" data-original=\"https:\/\/s3.amazonaws.com\/arc-wordpress-client-uploads\/infobae-wp\/wp-content\/uploads\/2018\/11\/13104939\/Astrofotografia-6.jpg\"><\/div>\n<\/div>\n<\/div>\n<p class=\"caption\">\u201cFirmamento\u201d: \u201cFue una de las \u00faltimas noches despejadas y con oscuridad, porque a partir de octubre tuvimos solo luz de d\u00eda. El punto m\u00e1s brillante, casi sobre el horizonte, es Venus; el otro es J\u00fapiter. Sobre el paisaje de la Base Marambio se ve el domo, que sirve para proteger la antena satelital de Arsat.<\/p>\n<\/figure>\n<\/div>\n<div class=\"row\">\n<figure class=\"element element-image\">\n<div class=\" fullwidthImg\"><img decoding=\"async\" src=\"https:\/\/s3.amazonaws.com\/arc-wordpress-client-uploads\/infobae-wp\/wp-content\/uploads\/2018\/11\/13104948\/Astrofotografia-7.jpg\" alt=\"\u201cA solas\u201d. \u201cEra una noche agradable y me encontr\u00e9 con este halo lunar espectacular\u201d, recuerda.\" data-url=\"https:\/\/www.infobae.com\/fotos\/2018\/11\/14\/es-astrofotografa-vivio-un-ano-en-la-antartida-y-muestra-sus-fotos-por-primera-vez\/%23BMRH2XKAOZGVZMSEONP55PQNGE\" data-original=\"https:\/\/s3.amazonaws.com\/arc-wordpress-client-uploads\/infobae-wp\/wp-content\/uploads\/2018\/11\/13104948\/Astrofotografia-7.jpg\" \/><\/p>\n<div class=\"shares share-holder\">\n<div class=\"share-button facebook\" data-url=\"https:\/\/www.infobae.com\/fotos\/2018\/11\/14\/es-astrofotografa-vivio-un-ano-en-la-antartida-y-muestra-sus-fotos-por-primera-vez\/%23BMRH2XKAOZGVZMSEONP55PQNGE\" data-original=\"https:\/\/s3.amazonaws.com\/arc-wordpress-client-uploads\/infobae-wp\/wp-content\/uploads\/2018\/11\/13104948\/Astrofotografia-7.jpg\"><\/div>\n<\/div>\n<\/div>\n<p class=\"caption\">\u201cA solas\u201d. \u201cEra una noche agradable y me encontr\u00e9 con este halo lunar espectacular\u201d, recuerda.<\/p>\n<\/figure>\n<\/div>\n<div class=\"row\">\n<figure class=\"element element-image\">\n<div class=\" fullwidthImg\"><img decoding=\"async\" src=\"https:\/\/s3.amazonaws.com\/arc-wordpress-client-uploads\/infobae-wp\/wp-content\/uploads\/2018\/11\/13104956\/Astrofotografia-8.jpg\" alt=\"\u201cCreciente\u201d:\u00a0lo que se ve es la luna creciente junto al alojamiento de la Base Marambio, con lugar para que duerman 165 personas.\" data-url=\"https:\/\/www.infobae.com\/fotos\/2018\/11\/14\/es-astrofotografa-vivio-un-ano-en-la-antartida-y-muestra-sus-fotos-por-primera-vez\/%23VJUDI5GXPVBPHONFUHRJT2LAAY\" data-original=\"https:\/\/s3.amazonaws.com\/arc-wordpress-client-uploads\/infobae-wp\/wp-content\/uploads\/2018\/11\/13104956\/Astrofotografia-8.jpg\" \/><\/p>\n<div class=\"shares share-holder\">\n<div class=\"share-button facebook\" data-url=\"https:\/\/www.infobae.com\/fotos\/2018\/11\/14\/es-astrofotografa-vivio-un-ano-en-la-antartida-y-muestra-sus-fotos-por-primera-vez\/%23VJUDI5GXPVBPHONFUHRJT2LAAY\" data-original=\"https:\/\/s3.amazonaws.com\/arc-wordpress-client-uploads\/infobae-wp\/wp-content\/uploads\/2018\/11\/13104956\/Astrofotografia-8.jpg\"><\/div>\n<\/div>\n<\/div>\n<p class=\"caption\">\u201cCreciente\u201d:\u00a0lo que se ve es la luna creciente junto al alojamiento de la Base Marambio, con lugar para que duerman 165 personas.<\/p>\n<\/figure>\n<\/div>\n<div class=\"row\">\n<figure class=\"element element-image\">\n<div class=\" fullwidthImg\"><img decoding=\"async\" src=\"https:\/\/s3.amazonaws.com\/arc-wordpress-client-uploads\/infobae-wp\/wp-content\/uploads\/2018\/11\/13105004\/Astrofotografia-9.jpg\" alt=\"\u201cFull moon\u201d: \u201cEl cielo se pint\u00f3 entre la luna y las nubes. La luna llena, en composici\u00f3n con las nubes medias y altas, lograron ese color espectacular\u201d. Abajo, los t\u00e9mpanos del mar de Weddell.\" data-url=\"https:\/\/www.infobae.com\/fotos\/2018\/11\/14\/es-astrofotografa-vivio-un-ano-en-la-antartida-y-muestra-sus-fotos-por-primera-vez\/%23C7PD22ICKFBUDJXRL3S4G7IE7I\" data-original=\"https:\/\/s3.amazonaws.com\/arc-wordpress-client-uploads\/infobae-wp\/wp-content\/uploads\/2018\/11\/13105004\/Astrofotografia-9.jpg\" \/><\/p>\n<div class=\"shares share-holder\">\n<div class=\"share-button facebook\" data-url=\"https:\/\/www.infobae.com\/fotos\/2018\/11\/14\/es-astrofotografa-vivio-un-ano-en-la-antartida-y-muestra-sus-fotos-por-primera-vez\/%23C7PD22ICKFBUDJXRL3S4G7IE7I\" data-original=\"https:\/\/s3.amazonaws.com\/arc-wordpress-client-uploads\/infobae-wp\/wp-content\/uploads\/2018\/11\/13105004\/Astrofotografia-9.jpg\"><\/div>\n<\/div>\n<\/div>\n<p class=\"caption\">\u201cFull moon\u201d: \u201cEl cielo se pint\u00f3 entre la luna y las nubes. La luna llena, en composici\u00f3n con las nubes medias y altas, lograron ese color espectacular\u201d. Abajo, los t\u00e9mpanos del mar de Weddell.<\/p>\n<\/figure>\n<\/div>\n<div class=\"row\">\n<figure class=\"element element-image\">\n<div class=\" fullwidthImg\"><img decoding=\"async\" src=\"https:\/\/s3.amazonaws.com\/arc-wordpress-client-uploads\/infobae-wp\/wp-content\/uploads\/2018\/11\/13105012\/Astrofotografia-10.jpg\" alt=\"\u201cAmaneciendo\u201d: \u201cUn amanecer de otro planeta pero con nuestro sat\u00e9lite natural, la luna, ocult\u00e1ndose en el horizonte\u201d.\" data-url=\"https:\/\/www.infobae.com\/fotos\/2018\/11\/14\/es-astrofotografa-vivio-un-ano-en-la-antartida-y-muestra-sus-fotos-por-primera-vez\/%2336LQFNGAVVEJPLETQI6YOUJS5U\" data-original=\"https:\/\/s3.amazonaws.com\/arc-wordpress-client-uploads\/infobae-wp\/wp-content\/uploads\/2018\/11\/13105012\/Astrofotografia-10.jpg\" \/><\/p>\n<div class=\"shares share-holder\">\n<div class=\"share-button facebook\" data-url=\"https:\/\/www.infobae.com\/fotos\/2018\/11\/14\/es-astrofotografa-vivio-un-ano-en-la-antartida-y-muestra-sus-fotos-por-primera-vez\/%2336LQFNGAVVEJPLETQI6YOUJS5U\" data-original=\"https:\/\/s3.amazonaws.com\/arc-wordpress-client-uploads\/infobae-wp\/wp-content\/uploads\/2018\/11\/13105012\/Astrofotografia-10.jpg\"><\/div>\n<\/div>\n<\/div>\n<p class=\"caption\">\u201cAmaneciendo\u201d: \u201cUn amanecer de otro planeta pero con nuestro sat\u00e9lite natural, la luna, ocult\u00e1ndose en el horizonte\u201d.<\/p>\n<\/figure>\n<\/div>\n<div class=\"row\">\n<figure class=\"element element-image\">\n<div class=\" fullwidthImg\"><img decoding=\"async\" src=\"https:\/\/s3.amazonaws.com\/arc-wordpress-client-uploads\/infobae-wp\/wp-content\/uploads\/2018\/11\/13105024\/Astrofotografia-11.jpg\" alt=\"\u201cLuna venusiana\u201d: \u201cApenas baj\u00f3 el sol empez\u00f3 a observarse c\u00f3mo nuestro sat\u00e9lite natural, que se ve\u00eda como una luna creciente, estaba a la par con Venus\u201d. Sobre el paisaje est\u00e1n las t\u00edpicas pasarelas de la Base Marambio.\" data-url=\"https:\/\/www.infobae.com\/fotos\/2018\/11\/14\/es-astrofotografa-vivio-un-ano-en-la-antartida-y-muestra-sus-fotos-por-primera-vez\/%23FBVWIMD4SBDLVKJ5S7VWCB57WM\" data-original=\"https:\/\/s3.amazonaws.com\/arc-wordpress-client-uploads\/infobae-wp\/wp-content\/uploads\/2018\/11\/13105024\/Astrofotografia-11.jpg\" \/><\/p>\n<div class=\"shares share-holder\">\n<div class=\"share-button facebook\" data-url=\"https:\/\/www.infobae.com\/fotos\/2018\/11\/14\/es-astrofotografa-vivio-un-ano-en-la-antartida-y-muestra-sus-fotos-por-primera-vez\/%23FBVWIMD4SBDLVKJ5S7VWCB57WM\" data-original=\"https:\/\/s3.amazonaws.com\/arc-wordpress-client-uploads\/infobae-wp\/wp-content\/uploads\/2018\/11\/13105024\/Astrofotografia-11.jpg\"><\/div>\n<\/div>\n<\/div>\n<p class=\"caption\">\u201cLuna venusiana\u201d: \u201cApenas baj\u00f3 el sol empez\u00f3 a observarse c\u00f3mo nuestro sat\u00e9lite natural, que se ve\u00eda como una luna creciente, estaba a la par con Venus\u201d. Sobre el paisaje est\u00e1n las t\u00edpicas pasarelas de la Base Marambio.<\/p>\n<\/figure>\n<\/div>\n<div class=\"row\">\n<figure class=\"element element-image\">\n<div class=\" fullwidthImg\"><img decoding=\"async\" src=\"https:\/\/s3.amazonaws.com\/arc-wordpress-client-uploads\/infobae-wp\/wp-content\/uploads\/2018\/11\/13105052\/Astrofotografia-13.jpg\" alt=\"\u201cMi espacio\u201d. \u201cEsta imagen fue hecha con una de las sensaciones t\u00e9rmicas m\u00e1s bajas que sent\u00ed durante las noches ant\u00e1rticas: 39 grados bajo cero. Ah\u00ed estaba la v\u00eda l\u00e1ctea en todo su esplendor:\u00a0 \u00bfC\u00f3mo no fotografiarla?\u201d, pregunta Jorgelina.\" data-url=\"https:\/\/www.infobae.com\/fotos\/2018\/11\/14\/es-astrofotografa-vivio-un-ano-en-la-antartida-y-muestra-sus-fotos-por-primera-vez\/%23HRKOENID5JA5JCKFIKBLPKQTPI\" data-original=\"https:\/\/s3.amazonaws.com\/arc-wordpress-client-uploads\/infobae-wp\/wp-content\/uploads\/2018\/11\/13105052\/Astrofotografia-13.jpg\" \/><\/p>\n<div class=\"shares share-holder\">\n<div class=\"share-button facebook\" data-url=\"https:\/\/www.infobae.com\/fotos\/2018\/11\/14\/es-astrofotografa-vivio-un-ano-en-la-antartida-y-muestra-sus-fotos-por-primera-vez\/%23HRKOENID5JA5JCKFIKBLPKQTPI\" data-original=\"https:\/\/s3.amazonaws.com\/arc-wordpress-client-uploads\/infobae-wp\/wp-content\/uploads\/2018\/11\/13105052\/Astrofotografia-13.jpg\"><\/div>\n<\/div>\n<\/div>\n<p class=\"caption\">\u201cMi espacio\u201d. \u201cEsta imagen fue hecha con una de las sensaciones t\u00e9rmicas m\u00e1s bajas que sent\u00ed durante las noches ant\u00e1rticas: 39 grados bajo cero. Ah\u00ed estaba la v\u00eda l\u00e1ctea en todo su esplendor:\u00a0 \u00bfC\u00f3mo no fotografiarla?\u201d, pregunta Jorgelina.<\/p>\n<\/figure>\n<\/div>\n<div class=\"row\">\n<figure class=\"element element-image\">\n<div class=\" fullwidthImg\"><img decoding=\"async\" src=\"https:\/\/s3.amazonaws.com\/arc-wordpress-client-uploads\/infobae-wp\/wp-content\/uploads\/2018\/11\/13105101\/Astrofotografia-14.jpg\" alt=\"\u201cSelfie\u201d: el reflejo de la conexi\u00f3n de Lina con el universo.\" data-url=\"https:\/\/www.infobae.com\/fotos\/2018\/11\/14\/es-astrofotografa-vivio-un-ano-en-la-antartida-y-muestra-sus-fotos-por-primera-vez\/%23C7RUD2IIYBDLHEGYTS564OBWYA\" data-original=\"https:\/\/s3.amazonaws.com\/arc-wordpress-client-uploads\/infobae-wp\/wp-content\/uploads\/2018\/11\/13105101\/Astrofotografia-14.jpg\" \/><\/p>\n<div class=\"shares share-holder\">\n<div class=\"share-button facebook\" data-url=\"https:\/\/www.infobae.com\/fotos\/2018\/11\/14\/es-astrofotografa-vivio-un-ano-en-la-antartida-y-muestra-sus-fotos-por-primera-vez\/%23C7RUD2IIYBDLHEGYTS564OBWYA\" data-original=\"https:\/\/s3.amazonaws.com\/arc-wordpress-client-uploads\/infobae-wp\/wp-content\/uploads\/2018\/11\/13105101\/Astrofotografia-14.jpg\"><\/div>\n<\/div>\n<\/div>\n<p class=\"caption\">\u201cSelfie\u201d: el reflejo de la conexi\u00f3n de Lina con el universo.<\/p>\n<\/figure>\n<\/div>\n<div class=\"row\">\n<figure class=\"element element-image\">\n<div class=\" fullwidthImg\"><img decoding=\"async\" src=\"https:\/\/s3.amazonaws.com\/arc-wordpress-client-uploads\/infobae-wp\/wp-content\/uploads\/2018\/11\/13105114\/Astrofotografia-15.jpg\" alt=\"Isla Cockburn:\u00a0\u201cLa foto fue hecha durante una noche so\u00f1ada de junio, con temperaturas agradables, viento casi calmo y cielo despejado. Se ven J\u00fapiter y Marte, dos galaxias vecinas (los dos manchones blancos arriba a la izquierda), la nube mayor y menor de Magallanes y el brazo gal\u00e1ctico. El mar de Weddell en su momento de m\u00e1xima congelaci\u00f3n y la isla Cockburn (al centro).\" data-url=\"https:\/\/www.infobae.com\/fotos\/2018\/11\/14\/es-astrofotografa-vivio-un-ano-en-la-antartida-y-muestra-sus-fotos-por-primera-vez\/%23HUFCW7DSA5A2VII3LZQ2I6RLKY\" data-original=\"https:\/\/s3.amazonaws.com\/arc-wordpress-client-uploads\/infobae-wp\/wp-content\/uploads\/2018\/11\/13105114\/Astrofotografia-15.jpg\" \/><\/p>\n<div class=\"shares share-holder\">\n<div class=\"share-button facebook\" data-url=\"https:\/\/www.infobae.com\/fotos\/2018\/11\/14\/es-astrofotografa-vivio-un-ano-en-la-antartida-y-muestra-sus-fotos-por-primera-vez\/%23HUFCW7DSA5A2VII3LZQ2I6RLKY\" data-original=\"https:\/\/s3.amazonaws.com\/arc-wordpress-client-uploads\/infobae-wp\/wp-content\/uploads\/2018\/11\/13105114\/Astrofotografia-15.jpg\"><\/div>\n<\/div>\n<\/div>\n<p class=\"caption\">Isla Cockburn:\u00a0\u201cLa foto fue hecha durante una noche so\u00f1ada de junio, con temperaturas agradables, viento casi calmo y cielo despejado. Se ven J\u00fapiter y Marte, dos galaxias vecinas (los dos manchones blancos arriba a la izquierda), la nube mayor y menor de Magallanes y el brazo gal\u00e1ctico. El mar de Weddell en su momento de m\u00e1xima congelaci\u00f3n y la isla Cockburn (al centro).<\/p>\n<\/figure>\n<\/div>\n<div class=\"row\">\n<figure class=\"element element-image\">\n<div class=\" fullwidthImg\"><img decoding=\"async\" src=\"https:\/\/s3.amazonaws.com\/arc-wordpress-client-uploads\/infobae-wp\/wp-content\/uploads\/2018\/11\/13105130\/Astrofotografia-16.jpg\" alt=\"\u201cMeteorolog\u00eda en movimiento\u201d: \u201cLo que ven es el movimiento de la Tierra durante un per\u00edodo de tiempo. Para hacer una foto como \u00e9sta se necesita tiempo de exposici\u00f3n: en este caso, son 250 fotos que luego proces\u00e9 en un programa para generar ese trazo de la estrella\u201d. Abajo, la oficina de meteorolog\u00eda de la Base Marambio.\" data-url=\"https:\/\/www.infobae.com\/fotos\/2018\/11\/14\/es-astrofotografa-vivio-un-ano-en-la-antartida-y-muestra-sus-fotos-por-primera-vez\/%23AY2JK2H6MZH4PDTWEAAM4PCXSE\" data-original=\"https:\/\/s3.amazonaws.com\/arc-wordpress-client-uploads\/infobae-wp\/wp-content\/uploads\/2018\/11\/13105130\/Astrofotografia-16.jpg\" \/><\/p>\n<div class=\"shares share-holder\">\n<div class=\"share-button facebook\" data-url=\"https:\/\/www.infobae.com\/fotos\/2018\/11\/14\/es-astrofotografa-vivio-un-ano-en-la-antartida-y-muestra-sus-fotos-por-primera-vez\/%23AY2JK2H6MZH4PDTWEAAM4PCXSE\" data-original=\"https:\/\/s3.amazonaws.com\/arc-wordpress-client-uploads\/infobae-wp\/wp-content\/uploads\/2018\/11\/13105130\/Astrofotografia-16.jpg\"><\/div>\n<\/div>\n<\/div>\n<p class=\"caption\">\u201cMeteorolog\u00eda en movimiento\u201d: \u201cLo que ven es el movimiento de la Tierra durante un per\u00edodo de tiempo. Para hacer una foto como \u00e9sta se necesita tiempo de exposici\u00f3n: en este caso, son 250 fotos que luego proces\u00e9 en un programa para generar ese trazo de la estrella\u201d. Abajo, la oficina de meteorolog\u00eda de la Base Marambio.<\/p>\n<\/figure>\n<\/div>\n<div class=\"row\">\n<figure class=\"element element-image\">\n<div class=\" fullwidthImg\"><img decoding=\"async\" src=\"https:\/\/s3.amazonaws.com\/arc-wordpress-client-uploads\/infobae-wp\/wp-content\/uploads\/2018\/11\/13105140\/Astrofotografia-17.jpg\" alt=\"Pabell\u00f3n cient\u00edfico: \u201cEs muy importante porque muchos cient\u00edficos (meteor\u00f3logos, ge\u00f3logos, astr\u00f3nomos e ingenieros) acuden ah\u00ed para desarrollar sus proyectos\u201d. En el cielo, la V\u00eda L\u00e1ctea.\" data-url=\"https:\/\/www.infobae.com\/fotos\/2018\/11\/14\/es-astrofotografa-vivio-un-ano-en-la-antartida-y-muestra-sus-fotos-por-primera-vez\/%23Q4AGILZOZ5E5PMAJIUCCVU7EPQ\" data-original=\"https:\/\/s3.amazonaws.com\/arc-wordpress-client-uploads\/infobae-wp\/wp-content\/uploads\/2018\/11\/13105140\/Astrofotografia-17.jpg\" \/><\/p>\n<div class=\"shares share-holder\">\n<div class=\"share-button facebook\" data-url=\"https:\/\/www.infobae.com\/fotos\/2018\/11\/14\/es-astrofotografa-vivio-un-ano-en-la-antartida-y-muestra-sus-fotos-por-primera-vez\/%23Q4AGILZOZ5E5PMAJIUCCVU7EPQ\" data-original=\"https:\/\/s3.amazonaws.com\/arc-wordpress-client-uploads\/infobae-wp\/wp-content\/uploads\/2018\/11\/13105140\/Astrofotografia-17.jpg\"><\/div>\n<\/div>\n<\/div>\n<p class=\"caption\">Pabell\u00f3n cient\u00edfico: \u201cEs muy importante porque muchos cient\u00edficos (meteor\u00f3logos, ge\u00f3logos, astr\u00f3nomos e ingenieros) acuden ah\u00ed para desarrollar sus proyectos\u201d. En el cielo, la V\u00eda L\u00e1ctea.<\/p>\n<\/figure>\n<\/div>\n<div class=\"row\">\n<figure class=\"element element-image\">\n<div class=\" fullwidthImg\"><img decoding=\"async\" src=\"https:\/\/s3.amazonaws.com\/arc-wordpress-client-uploads\/infobae-wp\/wp-content\/uploads\/2018\/11\/13105147\/Astrofotografia-18.jpg\" alt=\"\u201cPlanetas\u201d: Se pueden apreciar, por un lado, Marte, Saturno, J\u00fapiter y Venus. Adem\u00e1s\u00a0se ve una luz en forma triangular,\u00a0llamada \u201cluz zodiacal\u201d, que solo puede verse en regiones en las que hay poca o nula contaminaci\u00f3n lum\u00ednica. Adem\u00e1s, se ve el brazo espiral de la V\u00eda L\u00e1ctea, que recorre casi todo el cielo. \u201cAl momento de hacer esa foto la sensaci\u00f3n t\u00e9rmica rondaba los 38 grados bajo cero\u201d.\" data-url=\"https:\/\/www.infobae.com\/fotos\/2018\/11\/14\/es-astrofotografa-vivio-un-ano-en-la-antartida-y-muestra-sus-fotos-por-primera-vez\/%23FWJWRIGEYFBJLP3T6TO2VZRQ4I\" data-original=\"https:\/\/s3.amazonaws.com\/arc-wordpress-client-uploads\/infobae-wp\/wp-content\/uploads\/2018\/11\/13105147\/Astrofotografia-18.jpg\" \/><\/p>\n<div class=\"shares share-holder\">\n<div class=\"share-button facebook\" data-url=\"https:\/\/www.infobae.com\/fotos\/2018\/11\/14\/es-astrofotografa-vivio-un-ano-en-la-antartida-y-muestra-sus-fotos-por-primera-vez\/%23FWJWRIGEYFBJLP3T6TO2VZRQ4I\" data-original=\"https:\/\/s3.amazonaws.com\/arc-wordpress-client-uploads\/infobae-wp\/wp-content\/uploads\/2018\/11\/13105147\/Astrofotografia-18.jpg\"><\/div>\n<\/div>\n<\/div>\n<p class=\"caption\">\u201cPlanetas\u201d: Se pueden apreciar, por un lado, Marte, Saturno, J\u00fapiter y Venus. Adem\u00e1s\u00a0se ve una luz en forma triangular,\u00a0llamada \u201cluz zodiacal\u201d, que solo puede verse en regiones en las que hay poca o nula contaminaci\u00f3n lum\u00ednica. Adem\u00e1s, se ve el brazo espiral de la V\u00eda L\u00e1ctea, que recorre casi todo el cielo. \u201cAl momento de hacer esa foto la sensaci\u00f3n t\u00e9rmica rondaba los 38 grados bajo cero\u201d.<\/p>\n<\/figure>\n<\/div>\n<div class=\"row\">\n<figure class=\"element element-image\">\n<div class=\" fullwidthImg\"><img decoding=\"async\" src=\"https:\/\/s3.amazonaws.com\/arc-wordpress-client-uploads\/infobae-wp\/wp-content\/uploads\/2018\/11\/13105202\/Astrofotografia-19.jpg\" alt=\"Torre de control: La torre es el\u00a0espacio en el que un controlador (desde octubre es una mujer) se ocupa de guiar los vuelos durante todo el a\u00f1o.\" data-url=\"https:\/\/www.infobae.com\/fotos\/2018\/11\/14\/es-astrofotografa-vivio-un-ano-en-la-antartida-y-muestra-sus-fotos-por-primera-vez\/%23F7C6SZB3L5BGJAKGZ3LBXPBLWM\" data-original=\"https:\/\/s3.amazonaws.com\/arc-wordpress-client-uploads\/infobae-wp\/wp-content\/uploads\/2018\/11\/13105202\/Astrofotografia-19.jpg\" \/><\/p>\n<div class=\"shares share-holder\">\n<div class=\"share-button facebook\" data-url=\"https:\/\/www.infobae.com\/fotos\/2018\/11\/14\/es-astrofotografa-vivio-un-ano-en-la-antartida-y-muestra-sus-fotos-por-primera-vez\/%23F7C6SZB3L5BGJAKGZ3LBXPBLWM\" data-original=\"https:\/\/s3.amazonaws.com\/arc-wordpress-client-uploads\/infobae-wp\/wp-content\/uploads\/2018\/11\/13105202\/Astrofotografia-19.jpg\"><\/div>\n<\/div>\n<\/div>\n<p class=\"caption\">Torre de control: La torre es el\u00a0espacio en el que un controlador (desde octubre es una mujer) se ocupa de guiar los vuelos durante todo el a\u00f1o.<\/p>\n<\/figure>\n<\/div>\n<div class=\"row\">\n<figure class=\"element element-image\">\n<div class=\" fullwidthImg\"><img decoding=\"async\" src=\"https:\/\/s3.amazonaws.com\/arc-wordpress-client-uploads\/infobae-wp\/wp-content\/uploads\/2018\/11\/13105211\/Astrofotografia-20.jpg\" alt=\"\u201cTwin l\u00e1cteo\u201d: Las \u00c1guilas, como llaman a los pilotos y a los mec\u00e1nicos del avi\u00f3n Twin Otter, sacaron la aeronave para que Jorgelina la fotografiara junto a las miles de estrellas que se dejaron ver esa noche. \u201cFue una noche hermosa. Hac\u00edan dos grados positivos, el viento estaba calmo y el cielo totalmente despejado\u201d. Ese es el avi\u00f3n que se usa para volar por la Ant\u00e1rtida.\" data-url=\"https:\/\/www.infobae.com\/fotos\/2018\/11\/14\/es-astrofotografa-vivio-un-ano-en-la-antartida-y-muestra-sus-fotos-por-primera-vez\/%23ODL5LYTVWVESRLN7WVDECQ5HQU\" data-original=\"https:\/\/s3.amazonaws.com\/arc-wordpress-client-uploads\/infobae-wp\/wp-content\/uploads\/2018\/11\/13105211\/Astrofotografia-20.jpg\" \/><\/p>\n<div class=\"shares share-holder\">\n<div class=\"share-button facebook\" data-url=\"https:\/\/www.infobae.com\/fotos\/2018\/11\/14\/es-astrofotografa-vivio-un-ano-en-la-antartida-y-muestra-sus-fotos-por-primera-vez\/%23ODL5LYTVWVESRLN7WVDECQ5HQU\" data-original=\"https:\/\/s3.amazonaws.com\/arc-wordpress-client-uploads\/infobae-wp\/wp-content\/uploads\/2018\/11\/13105211\/Astrofotografia-20.jpg\"><\/div>\n<\/div>\n<\/div>\n<p class=\"caption\">\u201cTwin l\u00e1cteo\u201d: Las \u00c1guilas, como llaman a los pilotos y a los mec\u00e1nicos del avi\u00f3n Twin Otter, sacaron la aeronave para que Jorgelina la fotografiara junto a las miles de estrellas que se dejaron ver esa noche. \u201cFue una noche hermosa. Hac\u00edan dos grados positivos, el viento estaba calmo y el cielo totalmente despejado\u201d. Ese es el avi\u00f3n que se usa para volar por la Ant\u00e1rtida.<\/p>\n<\/figure>\n<\/div>\n<div class=\"row\">\n<figure class=\"element element-image\">\n<div class=\" fullwidthImg\"><img decoding=\"async\" src=\"https:\/\/s3.amazonaws.com\/arc-wordpress-client-uploads\/infobae-wp\/wp-content\/uploads\/2018\/11\/13105218\/Astrofotografia-21.jpg\" alt=\"\u201cEscorpi\u00f3n\u201d: \u201cLlegu\u00e9 a Marambio en noviembre y reci\u00e9n en marzo pude fotografiar un paisaje astron\u00f3mico. La raz\u00f3n es que hasta ese momento no ten\u00edamos noches: durante diciembre y enero tenemos luz del sol durante las 24 horas\u201d. La foto es de un cielo nocturno.\" data-url=\"https:\/\/www.infobae.com\/fotos\/2018\/11\/14\/es-astrofotografa-vivio-un-ano-en-la-antartida-y-muestra-sus-fotos-por-primera-vez\/%236SMBTZDL3FC2BIPRPPPJOOVLY4\" data-original=\"https:\/\/s3.amazonaws.com\/arc-wordpress-client-uploads\/infobae-wp\/wp-content\/uploads\/2018\/11\/13105218\/Astrofotografia-21.jpg\" \/><\/p>\n<div class=\"shares share-holder\">\n<div class=\"share-button facebook\" data-url=\"https:\/\/www.infobae.com\/fotos\/2018\/11\/14\/es-astrofotografa-vivio-un-ano-en-la-antartida-y-muestra-sus-fotos-por-primera-vez\/%236SMBTZDL3FC2BIPRPPPJOOVLY4\" data-original=\"https:\/\/s3.amazonaws.com\/arc-wordpress-client-uploads\/infobae-wp\/wp-content\/uploads\/2018\/11\/13105218\/Astrofotografia-21.jpg\"><\/div>\n<\/div>\n<\/div>\n<p class=\"caption\">\u201cEscorpi\u00f3n\u201d: \u201cLlegu\u00e9 a Marambio en noviembre y reci\u00e9n en marzo pude fotografiar un paisaje astron\u00f3mico. La raz\u00f3n es que hasta ese momento no ten\u00edamos noches: durante diciembre y enero tenemos luz del sol durante las 24 horas\u201d. La foto es de un cielo nocturno.<\/p>\n<\/figure>\n<\/div>\n<div class=\"row\">\n<figure class=\"element element-image\">\n<div class=\" fullwidthImg\"><img decoding=\"async\" src=\"https:\/\/s3.amazonaws.com\/arc-wordpress-client-uploads\/infobae-wp\/wp-content\/uploads\/2018\/11\/13105233\/Astrofotografia-22.jpg\" alt=\"\u201cNo somos m\u00e1s que polvo de estrellas\u201d:\u00a0se llama la foto. El nombre\u00a0hace alusi\u00f3n a la frase del gran cient\u00edfico Carl Sagan, adorado por ella.\" data-url=\"https:\/\/www.infobae.com\/fotos\/2018\/11\/14\/es-astrofotografa-vivio-un-ano-en-la-antartida-y-muestra-sus-fotos-por-primera-vez\/%23O32VZAGJYRCFJGZRUKJVMQOAB4\" data-original=\"https:\/\/s3.amazonaws.com\/arc-wordpress-client-uploads\/infobae-wp\/wp-content\/uploads\/2018\/11\/13105233\/Astrofotografia-22.jpg\" \/><\/p>\n<div class=\"shares share-holder\">\n<div class=\"share-button facebook\" data-url=\"https:\/\/www.infobae.com\/fotos\/2018\/11\/14\/es-astrofotografa-vivio-un-ano-en-la-antartida-y-muestra-sus-fotos-por-primera-vez\/%23O32VZAGJYRCFJGZRUKJVMQOAB4\" data-original=\"https:\/\/s3.amazonaws.com\/arc-wordpress-client-uploads\/infobae-wp\/wp-content\/uploads\/2018\/11\/13105233\/Astrofotografia-22.jpg\"><\/div>\n<\/div>\n<\/div>\n<p class=\"caption\">\u201cNo somos m\u00e1s que polvo de estrellas\u201d:\u00a0se llama la foto. El nombre\u00a0hace alusi\u00f3n a la frase del gran cient\u00edfico Carl Sagan, adorado por ella.<\/p>\n<\/figure>\n<\/div>\n<div class=\"row\">\n<figure class=\"element element-image\">\n<div class=\" fullwidthImg\"><img decoding=\"async\" src=\"https:\/\/s3.amazonaws.com\/arc-wordpress-client-uploads\/infobae-wp\/wp-content\/uploads\/2018\/11\/13143855\/Astrofotografia-81.jpg\" alt=\"\u201cOasis\u201d: \u201cEsa noche\u00a0el viento rondaba los 46 km\/h, la temperatura era de 15 grados bajo cero y la sensaci\u00f3n t\u00e9rmica de 25 bajo cero. El tiempo que se pod\u00eda estar afuera sin correr riesgo de congelamiento era inferior a una hora. La ventisca, que es nieve levantada por el viento,\u00a0volvi\u00f3 el paisaje blanco. De fondo, la luna que comenzaba a elevarse sobre el horizonte\u201d.\" data-url=\"https:\/\/www.infobae.com\/fotos\/2018\/11\/14\/es-astrofotografa-vivio-un-ano-en-la-antartida-y-muestra-sus-fotos-por-primera-vez\/%23G33IK4T7MBC4RKARWRCFLGEB2M\" data-original=\"https:\/\/s3.amazonaws.com\/arc-wordpress-client-uploads\/infobae-wp\/wp-content\/uploads\/2018\/11\/13143855\/Astrofotografia-81.jpg\" \/><\/p>\n<div class=\"shares share-holder\">\n<div class=\"share-button facebook\" data-url=\"https:\/\/www.infobae.com\/fotos\/2018\/11\/14\/es-astrofotografa-vivio-un-ano-en-la-antartida-y-muestra-sus-fotos-por-primera-vez\/%23G33IK4T7MBC4RKARWRCFLGEB2M\" data-original=\"https:\/\/s3.amazonaws.com\/arc-wordpress-client-uploads\/infobae-wp\/wp-content\/uploads\/2018\/11\/13143855\/Astrofotografia-81.jpg\"><\/div>\n<\/div>\n<\/div>\n<p class=\"caption\">\u201cOasis\u201d: \u201cEsa noche\u00a0el viento rondaba los 46 km\/h, la temperatura era de 15 grados bajo cero y la sensaci\u00f3n t\u00e9rmica de 25 bajo cero. El tiempo que se pod\u00eda estar afuera sin correr riesgo de congelamiento era inferior a una hora. La ventisca, que es nieve levantada por el viento,\u00a0volvi\u00f3 el paisaje blanco. De fondo, la luna que comenzaba a elevarse sobre el horizonte\u201d.<\/p>\n<\/figure>\n<\/div>\n","protected":false},"excerpt":{"rendered":"<p>En noviembre de 2017, Jorgelina \u00c1lvarez -30 a\u00f1os, meteor\u00f3loga- puso en pausa su trabajo en la Estaci\u00f3n Meteorol\u00f3gica La Plata para instalarse, durante un a\u00f1o completo, en la Base Marambio. Acaba de regresar a su hogar natal en Las Flores,\u00a0en Buenos Aires, pero\u00a0en la Ant\u00e1rtida dej\u00f3 su marca indeleble: \"\u00bfViste las fotos de Lina?\", fue\u00a0la [&hellip;]<\/p>\n","protected":false},"author":1,"featured_media":199040,"comment_status":"open","ping_status":"open","sticky":false,"template":"","format":"standard","meta":{"_stopmodifiedupdate":false,"_modified_date":"","inline_featured_image":false,"spay_email":"","jetpack_publicize_message":""},"categories":[13],"tags":[],"jetpack_featured_media_url":"https:\/\/notinor.com\/jujuy\/wp-content\/uploads\/2018\/11\/Astrofotografia-1.jpg","jetpack_publicize_connections":[],"_links":{"self":[{"href":"https:\/\/notinor.com\/jujuy\/wp-json\/wp\/v2\/posts\/199039"}],"collection":[{"href":"https:\/\/notinor.com\/jujuy\/wp-json\/wp\/v2\/posts"}],"about":[{"href":"https:\/\/notinor.com\/jujuy\/wp-json\/wp\/v2\/types\/post"}],"author":[{"embeddable":true,"href":"https:\/\/notinor.com\/jujuy\/wp-json\/wp\/v2\/users\/1"}],"replies":[{"embeddable":true,"href":"https:\/\/notinor.com\/jujuy\/wp-json\/wp\/v2\/comments?post=199039"}],"version-history":[{"count":1,"href":"https:\/\/notinor.com\/jujuy\/wp-json\/wp\/v2\/posts\/199039\/revisions"}],"predecessor-version":[{"id":199041,"href":"https:\/\/notinor.com\/jujuy\/wp-json\/wp\/v2\/posts\/199039\/revisions\/199041"}],"wp:featuredmedia":[{"embeddable":true,"href":"https:\/\/notinor.com\/jujuy\/wp-json\/wp\/v2\/media\/199040"}],"wp:attachment":[{"href":"https:\/\/notinor.com\/jujuy\/wp-json\/wp\/v2\/media?parent=199039"}],"wp:term":[{"taxonomy":"category","embeddable":true,"href":"https:\/\/notinor.com\/jujuy\/wp-json\/wp\/v2\/categories?post=199039"},{"taxonomy":"post_tag","embeddable":true,"href":"https:\/\/notinor.com\/jujuy\/wp-json\/wp\/v2\/tags?post=199039"}],"curies":[{"name":"wp","href":"https:\/\/api.w.org\/{rel}","templated":true}]}}