{"id":199037,"date":"2018-11-14T12:50:20","date_gmt":"2018-11-14T15:50:20","guid":{"rendered":"http:\/\/notinor.com\/jujuy\/?p=199037"},"modified":"2018-11-14T12:50:20","modified_gmt":"2018-11-14T15:50:20","slug":"dujovne-vamos-a-ganar-las-elecciones-presidenciales-los-pueblos-no-vuelven-hacia-atras","status":"publish","type":"post","link":"https:\/\/notinor.com\/jujuy\/dujovne-vamos-a-ganar-las-elecciones-presidenciales-los-pueblos-no-vuelven-hacia-atras\/","title":{"rendered":"Dujovne: \"Vamos a ganar las elecciones presidenciales, los pueblos no vuelven hacia atr\u00e1s\""},"content":{"rendered":"<p style=\"text-align: center;\"><a href=\"http:\/\/notinor.com\/jujuy\/segun-dujovne-el-salario-comenzara-a-recomponerse-en-noviembre\/dujovne1200\/\" rel=\"attachment wp-att-195563\"><img decoding=\"async\" loading=\"lazy\" class=\"alignnone size-medium wp-image-195563\" src=\"http:\/\/notinor.com\/jujuy\/wp-content\/uploads\/2018\/10\/dujovne1200-649x365.jpg\" alt=\"\" width=\"649\" height=\"365\" srcset=\"https:\/\/notinor.com\/jujuy\/wp-content\/uploads\/2018\/10\/dujovne1200-649x365.jpg 649w, https:\/\/notinor.com\/jujuy\/wp-content\/uploads\/2018\/10\/dujovne1200-500x280.jpg 500w, https:\/\/notinor.com\/jujuy\/wp-content\/uploads\/2018\/10\/dujovne1200-768x432.jpg 768w, https:\/\/notinor.com\/jujuy\/wp-content\/uploads\/2018\/10\/dujovne1200-840x473.jpg 840w, https:\/\/notinor.com\/jujuy\/wp-content\/uploads\/2018\/10\/dujovne1200.jpg 1200w\" sizes=\"(max-width: 649px) 100vw, 649px\" \/><\/a><\/p>\n<p>El ministro de Econom\u00eda, Nicol\u00e1s Dujovne, adelant\u00f3 una desaceleraci\u00f3n de la inflaci\u00f3n en noviembre, y afirm\u00f3 que el gobierno ganar\u00e1 las elecciones del a\u00f1o pr\u00f3ximo porque \"los pueblos no vuelven hacia atr\u00e1s\", al disertar hoy en el 50\u00b0 aniversario de la Comisi\u00f3n Nacional de Valores (CNV).<\/p>\n<p>En el terreno de la pol\u00edtica, Dujovne afirm\u00f3: \"Vamos a ganar las elecciones del a\u00f1o que viene\", porque \"los pueblos no vuelven hacia atr\u00e1s\".<\/p>\n<p>Durante su disertaci\u00f3n, en la que el economista Claudio Zuchovichi actu\u00f3 de interlocutor, el titular del Palacio de Hacienda afirm\u00f3 que en 2019 el gasto bajar\u00e1 10% en t\u00e9rminos reales, y que el ajuste fiscal incluir\u00e1 tambi\u00e9n suba de impuestos.<\/p>\n<p>\"Todo el ajuste que hemos hecho hasta 2018 fue del lado del gasto. El ajuste fiscal del a\u00f1o pr\u00f3ximo se hace mitad y mitad entre baja de gasto y suba de impuestos\", dijo el ministro.<\/p>\n<p>Seg\u00fan Dujovne, \"para converger a la meta fiscal que necesitamos no nos alcanzaba con el gasto. Hemos bajado 10% y el a\u00f1o que viene bajaremos otro 10% el gasto en t\u00e9rminos reales\".<\/p>\n<p>Tras afirmar que \"lo que se ha hecho en estos tres a\u00f1os no se ha hecho en la historia Argentina\", precis\u00f3 que \"la presi\u00f3n impositiva es ligeramente m\u00e1s baja que la que recibimos en 2015\", y que \"el gasto primario lo vamos a bajar cuatro puntos del PBI, de 24 puntos a 20 a fines del a\u00f1o pr\u00f3ximo\".<\/p>\n<p>\"Ya hemos bajado tres puntos el gasto primario, y el a\u00f1o que viene vamos a terminar en 20 puntos de gasto primario de la Administraci\u00f3n Nacional\", manifest\u00f3 Dujovne.<\/p>\n<p>Consultado sobre el bono de fin de a\u00f1o, indic\u00f3 que \"tiene un costo fiscal de 3.000 millones de pesos\", y remarc\u00f3 que \"de ninguna manera pone en riesgo toda la trayectoria fiscal que tenemos\".<\/p>\n<p>Se\u00f1al\u00f3 que el pa\u00eds entre este a\u00f1o y el pr\u00f3ximo est\u00e1 haciendo un ajuste fiscal de casi tres puntos del Producto, y destac\u00f3 que \"esto nunca se hab\u00eda hecho en Argentina sin que caiga el Gobierno, un ajuste fiscal de esta magnitud\".<\/p>\n<p>Respecto de la inflaci\u00f3n, dijo que la de octubre va a seguir siendo alta porque tiene un arrastre del mes de septiembre, pero adelant\u00f3 que \"en noviembre empezamos a ver una desaceleraci\u00f3n. La inflaci\u00f3n va a ser sustantivamente m\u00e1s baja que en octubre\".<\/p>\n","protected":false},"excerpt":{"rendered":"<p>El ministro de Econom\u00eda, Nicol\u00e1s Dujovne, adelant\u00f3 una desaceleraci\u00f3n de la inflaci\u00f3n en noviembre, y afirm\u00f3 que el gobierno ganar\u00e1 las elecciones del a\u00f1o pr\u00f3ximo porque \"los pueblos no vuelven hacia atr\u00e1s\", al disertar hoy en el 50\u00b0 aniversario de la Comisi\u00f3n Nacional de Valores (CNV). En el terreno de la pol\u00edtica, Dujovne afirm\u00f3: \"Vamos [&hellip;]<\/p>\n","protected":false},"author":1,"featured_media":195563,"comment_status":"open","ping_status":"open","sticky":false,"template":"","format":"standard","meta":{"_stopmodifiedupdate":false,"_modified_date":"","inline_featured_image":false,"spay_email":"","jetpack_publicize_message":""},"categories":[5],"tags":[],"jetpack_featured_media_url":"https:\/\/notinor.com\/jujuy\/wp-content\/uploads\/2018\/10\/dujovne1200.jpg","jetpack_publicize_connections":[],"_links":{"self":[{"href":"https:\/\/notinor.com\/jujuy\/wp-json\/wp\/v2\/posts\/199037"}],"collection":[{"href":"https:\/\/notinor.com\/jujuy\/wp-json\/wp\/v2\/posts"}],"about":[{"href":"https:\/\/notinor.com\/jujuy\/wp-json\/wp\/v2\/types\/post"}],"author":[{"embeddable":true,"href":"https:\/\/notinor.com\/jujuy\/wp-json\/wp\/v2\/users\/1"}],"replies":[{"embeddable":true,"href":"https:\/\/notinor.com\/jujuy\/wp-json\/wp\/v2\/comments?post=199037"}],"version-history":[{"count":1,"href":"https:\/\/notinor.com\/jujuy\/wp-json\/wp\/v2\/posts\/199037\/revisions"}],"predecessor-version":[{"id":199038,"href":"https:\/\/notinor.com\/jujuy\/wp-json\/wp\/v2\/posts\/199037\/revisions\/199038"}],"wp:featuredmedia":[{"embeddable":true,"href":"https:\/\/notinor.com\/jujuy\/wp-json\/wp\/v2\/media\/195563"}],"wp:attachment":[{"href":"https:\/\/notinor.com\/jujuy\/wp-json\/wp\/v2\/media?parent=199037"}],"wp:term":[{"taxonomy":"category","embeddable":true,"href":"https:\/\/notinor.com\/jujuy\/wp-json\/wp\/v2\/categories?post=199037"},{"taxonomy":"post_tag","embeddable":true,"href":"https:\/\/notinor.com\/jujuy\/wp-json\/wp\/v2\/tags?post=199037"}],"curies":[{"name":"wp","href":"https:\/\/api.w.org\/{rel}","templated":true}]}}