{"id":199034,"date":"2018-11-14T12:30:06","date_gmt":"2018-11-14T15:30:06","guid":{"rendered":"http:\/\/notinor.com\/jujuy\/?p=199034"},"modified":"2018-11-14T12:30:06","modified_gmt":"2018-11-14T15:30:06","slug":"es-oficial-jorge-triaca-deja-trabajo-y-manana-explicaran-como-sera-la-transicion","status":"publish","type":"post","link":"https:\/\/notinor.com\/jujuy\/es-oficial-jorge-triaca-deja-trabajo-y-manana-explicaran-como-sera-la-transicion\/","title":{"rendered":"Es oficial: Jorge Triaca deja Trabajo y ma\u00f1ana explicar\u00e1n c\u00f3mo ser\u00e1 la transici\u00f3n"},"content":{"rendered":"<p style=\"text-align: center;\"><a href=\"http:\/\/notinor.com\/jujuy\/jorge-triaca-hay-un-sector-de-la-economia-que-esta-creciendo\/jorgetriaca-368737\/\" rel=\"attachment wp-att-193181\"><img decoding=\"async\" loading=\"lazy\" class=\"alignnone size-medium wp-image-193181\" src=\"http:\/\/notinor.com\/jujuy\/wp-content\/uploads\/2018\/10\/jorgetriaca-368737-650x365.jpg\" alt=\"\" width=\"650\" height=\"365\" srcset=\"https:\/\/notinor.com\/jujuy\/wp-content\/uploads\/2018\/10\/jorgetriaca-368737-650x365.jpg 650w, https:\/\/notinor.com\/jujuy\/wp-content\/uploads\/2018\/10\/jorgetriaca-368737-500x280.jpg 500w, https:\/\/notinor.com\/jujuy\/wp-content\/uploads\/2018\/10\/jorgetriaca-368737-768x432.jpg 768w, https:\/\/notinor.com\/jujuy\/wp-content\/uploads\/2018\/10\/jorgetriaca-368737.jpg 840w\" sizes=\"(max-width: 650px) 100vw, 650px\" \/><\/a><\/p>\n<p>Tal como se anticip\u00f3, \u00a0Jorge Triaca oficializar\u00e1 este jueves su renuncia a la secretar\u00eda de Trabajo, aunque se quedar\u00e1 en el cargo hasta diciembre para permitir una transici\u00f3n ordenada. Su alejamiento le permitir\u00e1 al ministro\u00a0de Producci\u00f3n y Trabajo,\u00a0Dante Sica,\u00a0un rol m\u00e1s relevante en el di\u00e1logo con los gremios.<\/p>\n<p>Fuentes oficiales cercanas al actual secretario confirmaron la decisi\u00f3n a este medio y adelantaron que habr\u00e1 una conferencia de prensa para explicar los detalles y c\u00f3mo ser\u00e1 el proceso de su reemplazo.<\/p>\n<p>Triaca, quien form\u00f3 parte del Gobierno desde la asunci\u00f3n de Mauricio Macri en 2015, hab\u00eda quedado debilitado con la reestructuraci\u00f3n del Gabinete en septiembre y la\u00a0degradaci\u00f3n del entonces Ministerio de Trabajo a Secretar\u00eda.\u00a0Tambi\u00e9n hab\u00eda sufrido el desgaste por las negociaciones paritarias en un a\u00f1o de fuerte devaluaci\u00f3n e inflaci\u00f3n.<\/p>\n<p>La dimisi\u00f3n de Triaca es acordada, no solo con el propio Macri, sino con Sica, el funcionario que pas\u00f3 a ser su superior en los papeles desde los cambios en el Gabinete. De hecho,\u00a0es posible que le ofrezcan una embajada, aunque no est\u00e1 confirmado que el todav\u00eda funcionario lo acepte.<\/p>\n<p>Antes de la confirmaci\u00f3n la versi\u00f3n de la dimisi\u00f3n de Triaca hab\u00eda corrido\u00a0en la Casa Rosada con tal fuerza que la semana pasada el propio Sica sali\u00f3 a desmentirla. Aunque a medias: dijo que segu\u00eda trabajando junto a Triaca y que \u00e9l seguir\u00eda ocupando la Secretar\u00eda de Trabajo. Pero agreg\u00f3, con cierta picaresca: \u201cPor el momento\u201d.<\/p>\n<p>El ex ministro y hoy secretario es el interlocutor con los gremios del peronismo, cuyos principales jefes lo conocen desde chiquito por la relaci\u00f3n que ten\u00edan con su padre. Pero\u00a0pas\u00f3 a\u00f1os de v\u00e9rtigo en el Gabinete, fundamentalmente en este 2018. La situaci\u00f3n econ\u00f3mica, la inflaci\u00f3n, la recesi\u00f3n, y los despidos masivos en diferentes rubros del empresariado y las Pymes lo encontraron en el lugar que mejor se mueve pero en una situaci\u00f3n compleja.<\/p>\n<p>El propio Triaca cree que su ciclo en Trabajo est\u00e1 agotado. Su figura adem\u00e1s se vio envuelta en pol\u00e9micas generadas por acusaciones que ten\u00edan que ver con contrataciones en el Estado y en gremios intervenidos de parientes directos del funcionario, y tambi\u00e9n de empleados en el \u00e1mbito privado del antes ministro.<\/p>\n<p>Tambi\u00e9n qued\u00f3 en el centro de la escena por la denuncia de su ex empleada\u00a0Sandra Heredia, quien lo acus\u00f3 de maltrato, de echarla sin fundamentos y de tenerla en negro. Terminaron firmando un acuerdo y \u00e9l siempre neg\u00f3 que las acusaciones pudieran complicarlo judicialmente.<\/p>\n","protected":false},"excerpt":{"rendered":"<p>Tal como se anticip\u00f3, \u00a0Jorge Triaca oficializar\u00e1 este jueves su renuncia a la secretar\u00eda de Trabajo, aunque se quedar\u00e1 en el cargo hasta diciembre para permitir una transici\u00f3n ordenada. Su alejamiento le permitir\u00e1 al ministro\u00a0de Producci\u00f3n y Trabajo,\u00a0Dante Sica,\u00a0un rol m\u00e1s relevante en el di\u00e1logo con los gremios. Fuentes oficiales cercanas al actual secretario confirmaron [&hellip;]<\/p>\n","protected":false},"author":1,"featured_media":193181,"comment_status":"open","ping_status":"open","sticky":false,"template":"","format":"standard","meta":{"_stopmodifiedupdate":false,"_modified_date":"","inline_featured_image":false,"spay_email":"","jetpack_publicize_message":""},"categories":[5],"tags":[],"jetpack_featured_media_url":"https:\/\/notinor.com\/jujuy\/wp-content\/uploads\/2018\/10\/jorgetriaca-368737.jpg","jetpack_publicize_connections":[],"_links":{"self":[{"href":"https:\/\/notinor.com\/jujuy\/wp-json\/wp\/v2\/posts\/199034"}],"collection":[{"href":"https:\/\/notinor.com\/jujuy\/wp-json\/wp\/v2\/posts"}],"about":[{"href":"https:\/\/notinor.com\/jujuy\/wp-json\/wp\/v2\/types\/post"}],"author":[{"embeddable":true,"href":"https:\/\/notinor.com\/jujuy\/wp-json\/wp\/v2\/users\/1"}],"replies":[{"embeddable":true,"href":"https:\/\/notinor.com\/jujuy\/wp-json\/wp\/v2\/comments?post=199034"}],"version-history":[{"count":1,"href":"https:\/\/notinor.com\/jujuy\/wp-json\/wp\/v2\/posts\/199034\/revisions"}],"predecessor-version":[{"id":199036,"href":"https:\/\/notinor.com\/jujuy\/wp-json\/wp\/v2\/posts\/199034\/revisions\/199036"}],"wp:featuredmedia":[{"embeddable":true,"href":"https:\/\/notinor.com\/jujuy\/wp-json\/wp\/v2\/media\/193181"}],"wp:attachment":[{"href":"https:\/\/notinor.com\/jujuy\/wp-json\/wp\/v2\/media?parent=199034"}],"wp:term":[{"taxonomy":"category","embeddable":true,"href":"https:\/\/notinor.com\/jujuy\/wp-json\/wp\/v2\/categories?post=199034"},{"taxonomy":"post_tag","embeddable":true,"href":"https:\/\/notinor.com\/jujuy\/wp-json\/wp\/v2\/tags?post=199034"}],"curies":[{"name":"wp","href":"https:\/\/api.w.org\/{rel}","templated":true}]}}