{"id":199020,"date":"2018-11-14T10:52:13","date_gmt":"2018-11-14T13:52:13","guid":{"rendered":"http:\/\/notinor.com\/jujuy\/?p=199020"},"modified":"2018-11-14T10:52:13","modified_gmt":"2018-11-14T13:52:13","slug":"salvatierra-luciano","status":"publish","type":"post","link":"https:\/\/notinor.com\/jujuy\/salvatierra-luciano\/","title":{"rendered":"SALVATIERRA, Luciano"},"content":{"rendered":"<p>Falleci\u00f3 el d\u00eda 13 de noviembre de 2018, a hs. 05:30. C.A.S.R. y B.P. ala edad de 71 a\u00f1os.Su esposa. Nora Mendoza, sus hijos: Luciana, Horacio, Cristian, Gabriela, Mariana y Gisela, su hermana:Margarita Salvatierra, sus hermanos pol\u00edticos: Ram\u00f3n Mendoza y Marcos, sus sobrinos: Fabi\u00e1n, Nicolas, Alvaro, Rita, Rosa, Victoria, Macarena, Mercedes y Ariel, sus nietos: Luz, Zoe, Lautaro, Abigail, Morena, Mauro, Matias, Brenda, Mayra y Santiago y dem\u00e1s familiares invitan a sus amistades y personas piadosas a acompa\u00f1ar sus restos mortales hoy 14 de noviembre a hs. 15:00 al cementerio Parque El Jard\u00edn del Castillo. FAE. Casa de duelo: complejo velatorio Ramirez de Velazco 137, Sala 5. Servicio de tanatopraxia y ceremonial empresa Futuro SRL, Ramirez de Velazco 137, S.S. de Jujuy, tel. 0388-4240090-4232086. Para Caruso SA.<\/p>\n","protected":false},"excerpt":{"rendered":"<p>Falleci\u00f3 el d\u00eda 13 de noviembre de 2018, a hs. 05:30. C.A.S.R. y B.P. ala edad de 71 a\u00f1os.Su esposa. Nora Mendoza, sus hijos: Luciana, Horacio, Cristian, Gabriela, Mariana y Gisela, su hermana:Margarita Salvatierra, sus hermanos pol\u00edticos: Ram\u00f3n Mendoza y Marcos, sus sobrinos: Fabi\u00e1n, Nicolas, Alvaro, Rita, Rosa, Victoria, Macarena, Mercedes y Ariel, sus nietos: [&hellip;]<\/p>\n","protected":false},"author":5,"featured_media":130005,"comment_status":"open","ping_status":"open","sticky":false,"template":"","format":"standard","meta":{"_stopmodifiedupdate":false,"_modified_date":"","inline_featured_image":false,"spay_email":"","jetpack_publicize_message":""},"categories":[523],"tags":[],"jetpack_featured_media_url":"https:\/\/notinor.com\/jujuy\/wp-content\/uploads\/2017\/08\/Obituarios-1.jpg","jetpack_publicize_connections":[],"_links":{"self":[{"href":"https:\/\/notinor.com\/jujuy\/wp-json\/wp\/v2\/posts\/199020"}],"collection":[{"href":"https:\/\/notinor.com\/jujuy\/wp-json\/wp\/v2\/posts"}],"about":[{"href":"https:\/\/notinor.com\/jujuy\/wp-json\/wp\/v2\/types\/post"}],"author":[{"embeddable":true,"href":"https:\/\/notinor.com\/jujuy\/wp-json\/wp\/v2\/users\/5"}],"replies":[{"embeddable":true,"href":"https:\/\/notinor.com\/jujuy\/wp-json\/wp\/v2\/comments?post=199020"}],"version-history":[{"count":1,"href":"https:\/\/notinor.com\/jujuy\/wp-json\/wp\/v2\/posts\/199020\/revisions"}],"predecessor-version":[{"id":199021,"href":"https:\/\/notinor.com\/jujuy\/wp-json\/wp\/v2\/posts\/199020\/revisions\/199021"}],"wp:featuredmedia":[{"embeddable":true,"href":"https:\/\/notinor.com\/jujuy\/wp-json\/wp\/v2\/media\/130005"}],"wp:attachment":[{"href":"https:\/\/notinor.com\/jujuy\/wp-json\/wp\/v2\/media?parent=199020"}],"wp:term":[{"taxonomy":"category","embeddable":true,"href":"https:\/\/notinor.com\/jujuy\/wp-json\/wp\/v2\/categories?post=199020"},{"taxonomy":"post_tag","embeddable":true,"href":"https:\/\/notinor.com\/jujuy\/wp-json\/wp\/v2\/tags?post=199020"}],"curies":[{"name":"wp","href":"https:\/\/api.w.org\/{rel}","templated":true}]}}