{"id":199014,"date":"2018-11-14T08:30:22","date_gmt":"2018-11-14T11:30:22","guid":{"rendered":"http:\/\/notinor.com\/jujuy\/?p=199014"},"modified":"2018-11-14T08:30:22","modified_gmt":"2018-11-14T11:30:22","slug":"expectativa-en-brasil-por-el-nuevo-interrogatorio-a-lula-da-silva-en-el-marco-del-caso-lava-jato","status":"publish","type":"post","link":"https:\/\/notinor.com\/jujuy\/expectativa-en-brasil-por-el-nuevo-interrogatorio-a-lula-da-silva-en-el-marco-del-caso-lava-jato\/","title":{"rendered":"Expectativa en Brasil por el nuevo interrogatorio a Lula da Silva en el marco del caso Lava Jato"},"content":{"rendered":"<div class=\"row pb-content-type-image\">\n<figure class=\"element element-image col-xs-12\">\n<div class=\"single-image\"><img decoding=\"async\" loading=\"lazy\" id=\"AXWK4JPVPRGOFFOBDXLGQE3G24\" class=\"image-lazy\" src=\"https:\/\/www.infobae.com\/new-resizer\/Px9bXCTSNnYL_I7yo2cYhzK4c2Y=\/600x0\/filters:quality(100)\/s3.amazonaws.com\/arc-wordpress-client-uploads\/infobae-wp\/wp-content\/uploads\/2018\/04\/05200951\/Galeria-Lula-Da-Silva-4.jpg\" alt=\"Lula da Silva (AFP)\" width=\"750\" height=\"437.890625\" data-url=\"https:\/\/www.infobae.com\/america\/america-latina\/2018\/11\/14\/expectativa-en-brasil-por-el-nuevo-interrogatorio-a-lula-da-silva-en-el-marco-del-caso-lava-jato\/%23AXWK4JPVPRGOFFOBDXLGQE3G24\" data-original=\"https:\/\/www.infobae.com\/new-resizer\/Px9bXCTSNnYL_I7yo2cYhzK4c2Y=\/600x0\/filters:quality(100)\/s3.amazonaws.com\/arc-wordpress-client-uploads\/infobae-wp\/wp-content\/uploads\/2018\/04\/05200951\/Galeria-Lula-Da-Silva-4.jpg\" \/><\/div><figcaption class=\"\"><span class=\"credit\">Lula da Silva (AFP)<\/span><\/figcaption><\/figure>\n<\/div>\n<div class=\"row pb-content-type-text\">\n<div class=\"col-xs-12 col-print-12\">\n<p class=\"element element-paragraph\">El ex presidente brasile\u00f1o\u00a0Luiz In\u00e1cio Lula da Silva, preso en Curitiba (sur),\u00a0ser\u00e1 interrogado este mi\u00e9rcoles\u00a0en la sede de la Justicia Federal de esa ciudad, en medio de una gran expectaci\u00f3n y fuertes medidas de seguridad.<\/p>\n<\/div>\n<\/div>\n<div class=\"row pb-content-type-text\">\n<div class=\"col-xs-12 col-print-12\">\n<p class=\"element element-paragraph\">En su primera salida de la c\u00e1rcel, el ex mandatario de izquierda (2003-2010)\u00a0debe responder por el presunto beneficio de reformas pagadas por grandes constructoras entre 2010 y 2014 en una hacienda en Atibaia, interior de San Pablo, atribuida a \u00e9l a cambio de contratos con Petrobras.<\/p>\n<\/div>\n<\/div>\n<div class=\"row pb-content-type-text\">\n<div class=\"col-xs-12 col-print-12\">\n<p class=\"element element-paragraph\">La defensa de Lula mantiene su inocencia, asegura que la propiedad no le pertenece e\u00a0insiste en que la denuncia es parte de una campa\u00f1a de acoso\u00a0pol\u00edtico-judicial.<\/p>\n<\/div>\n<\/div>\n<div class=\"row pb-content-type-text\">\n<div class=\"col-xs-12 col-print-12\">\n<p class=\"element element-paragraph\">Frente a la sede de la Polic\u00eda Federal, donde el ex presidente de 73 a\u00f1os purga en una celda solitaria una condena de 12 a\u00f1os y un mes por corrupci\u00f3n pasiva y lavado de dinero,\u00a0una cincuentena de militantes participaron hasta el final de la tarde del martes en la Vigilia Lula Libre, que se mantiene desde que fue preso el 7 de abril.<\/p>\n<\/div>\n<\/div>\n<div class=\"row pb-content-type-text\">\n<div id=\"\" class=\"wrapper clearfix pb-feature pb-layout-item pb-f-ads-dfp left-align\">\"Es la primera vez que Lula ver\u00e1 nuestra vigilia. Nosotros hablamos con \u00e9l sin que nos vea, pero ma\u00f1ana (mi\u00e9rcoles) va a ver cu\u00e1nta gratitud el pueblo le est\u00e1 demostrando\", explica\u00a0Roberto Baggio, coordinador del Movimiento Sin Tierra (MST) en el estado Paran\u00e1, una de las organizaciones afines al Partido de los Trabajadores (PT) del ex mandatario.<\/div>\n<\/div>\n<div class=\"row pb-content-type-image\">\n<figure class=\"element element-image col-xs-12\">\n<div class=\"single-image\">\n<div class=\"shares\">\n<div class=\"share-button facebook\" data-url=\"https:\/\/www.infobae.com\/america\/america-latina\/2018\/11\/14\/expectativa-en-brasil-por-el-nuevo-interrogatorio-a-lula-da-silva-en-el-marco-del-caso-lava-jato\/%23U7THQSIS2JB4LLM5OWSM7QRFOA\" data-original=\"https:\/\/s3.amazonaws.com\/arc-wordpress-client-uploads\/infobae-wp\/wp-content\/uploads\/2018\/09\/12103937\/Fernando-Haddad-brasil-candidatura-1920-6.jpg\"><\/div>\n<\/div>\n<p><img decoding=\"async\" loading=\"lazy\" id=\"U7THQSIS2JB4LLM5OWSM7QRFOA\" class=\"image-lazy\" src=\"https:\/\/www.infobae.com\/new-resizer\/OxTPghjfFfJIaFhqC0W9rb1l2aE=\/600x0\/filters:quality(100)\/s3.amazonaws.com\/arc-wordpress-client-uploads\/infobae-wp\/wp-content\/uploads\/2018\/09\/12103937\/Fernando-Haddad-brasil-candidatura-1920-6.jpg\" alt=\"Simpatizantes de Lula en un acto de Haddad antes de las elecciones (Reuters)\" width=\"750\" height=\"421.875\" data-url=\"https:\/\/www.infobae.com\/america\/america-latina\/2018\/11\/14\/expectativa-en-brasil-por-el-nuevo-interrogatorio-a-lula-da-silva-en-el-marco-del-caso-lava-jato\/%23U7THQSIS2JB4LLM5OWSM7QRFOA\" data-original=\"https:\/\/www.infobae.com\/new-resizer\/OxTPghjfFfJIaFhqC0W9rb1l2aE=\/600x0\/filters:quality(100)\/s3.amazonaws.com\/arc-wordpress-client-uploads\/infobae-wp\/wp-content\/uploads\/2018\/09\/12103937\/Fernando-Haddad-brasil-candidatura-1920-6.jpg\" \/><\/div><figcaption class=\"\"><span class=\"credit\">Simpatizantes de Lula en un acto de Haddad antes de las elecciones (Reuters)<\/span><\/figcaption><\/figure>\n<\/div>\n<div class=\"row pb-content-type-text\">\n<div class=\"col-xs-12 col-print-12\">\n<p class=\"element element-paragraph\">Acompa\u00f1ar al ex presidente<\/p>\n<\/div>\n<\/div>\n<div class=\"row pb-content-type-text\">\n<div class=\"col-xs-12 col-print-12\">\n<p class=\"element element-paragraph\">El interrogatorio ser\u00e1 a las 14:00 locales (16:00 GMT) en la sede de la Justicia Federal, a pocos kil\u00f3metros, y estar\u00e1 conducido por la jueza\u00a0Gabriela Hardt, que comanda ahora la operaci\u00f3n anticorrupci\u00f3n Lava Jato en sustituci\u00f3n de Sergio Moro, futuro ministro de Justicia del presidente electo Jair Bolsonaro.<\/p>\n<\/div>\n<\/div>\n<div class=\"row pb-content-type-text\">\n<div class=\"col-xs-12 col-print-12\">\n<p class=\"element element-paragraph\">Seg\u00fan el PT, varias organizaciones sociales acompa\u00f1ar\u00e1n el interrogatorio y seguir\u00e1n el desplazamiento del ex mandatario, entre medidas de seguridad.<\/p>\n<\/div>\n<\/div>\n<div class=\"row pb-content-type-text\">\n<div class=\"col-xs-12 col-print-12\">\n<p class=\"element element-paragraph\">La Polic\u00eda Militar apoyar\u00e1 el despliegue de la Polic\u00eda Federal y de los agentes de tr\u00e1nsito en un operativo \"para garantizar que los procedimientos (\u2026) sean cumplidos con seguridad y tranquilidad\".<\/p>\n<\/div>\n<\/div>\n<div class=\"row pb-content-type-text\">\n<div class=\"col-xs-12 col-print-12\">\n<p class=\"element element-paragraph\">En la ma\u00f1ana, est\u00e1 previsto que Lula reciba la visita del ex candidato presidencial\u00a0Fernando Haddad, designado por el ex presidente tras ver invalidada su postulaci\u00f3n, y de\u00a0Gleisi Hoffmann, presidente del PT.<\/p>\n<\/div>\n<\/div>\n<div class=\"row pb-content-type-text\">\n<div class=\"col-xs-12 col-print-12\">\n<p class=\"element element-paragraph\">La condena actual de Lula es como beneficiario de un apartamento en el balneario paulista de Guaruja, igualmente a cambio de su mediaci\u00f3n en contratos de Petrobras.<\/p>\n<\/div>\n<\/div>\n<div class=\"row pb-content-type-text\">\n<div class=\"col-xs-12 col-print-12\">\n<p class=\"element element-paragraph\">Adem\u00e1s de estos dos casos, Lula tiene otros cuatro procesos en la Justicia. Se declara inocente en todos y denuncia una persecuci\u00f3n judicial.<\/p>\n<\/div>\n<\/div>\n","protected":false},"excerpt":{"rendered":"<p>Lula da Silva (AFP) El ex presidente brasile\u00f1o\u00a0Luiz In\u00e1cio Lula da Silva, preso en Curitiba (sur),\u00a0ser\u00e1 interrogado este mi\u00e9rcoles\u00a0en la sede de la Justicia Federal de esa ciudad, en medio de una gran expectaci\u00f3n y fuertes medidas de seguridad. En su primera salida de la c\u00e1rcel, el ex mandatario de izquierda (2003-2010)\u00a0debe responder por el [&hellip;]<\/p>\n","protected":false},"author":1,"featured_media":182564,"comment_status":"open","ping_status":"open","sticky":false,"template":"","format":"standard","meta":{"_stopmodifiedupdate":false,"_modified_date":"","inline_featured_image":false,"spay_email":"","jetpack_publicize_message":""},"categories":[6],"tags":[],"jetpack_featured_media_url":"https:\/\/notinor.com\/jujuy\/wp-content\/uploads\/2018\/07\/lula.jpeg","jetpack_publicize_connections":[],"_links":{"self":[{"href":"https:\/\/notinor.com\/jujuy\/wp-json\/wp\/v2\/posts\/199014"}],"collection":[{"href":"https:\/\/notinor.com\/jujuy\/wp-json\/wp\/v2\/posts"}],"about":[{"href":"https:\/\/notinor.com\/jujuy\/wp-json\/wp\/v2\/types\/post"}],"author":[{"embeddable":true,"href":"https:\/\/notinor.com\/jujuy\/wp-json\/wp\/v2\/users\/1"}],"replies":[{"embeddable":true,"href":"https:\/\/notinor.com\/jujuy\/wp-json\/wp\/v2\/comments?post=199014"}],"version-history":[{"count":1,"href":"https:\/\/notinor.com\/jujuy\/wp-json\/wp\/v2\/posts\/199014\/revisions"}],"predecessor-version":[{"id":199015,"href":"https:\/\/notinor.com\/jujuy\/wp-json\/wp\/v2\/posts\/199014\/revisions\/199015"}],"wp:featuredmedia":[{"embeddable":true,"href":"https:\/\/notinor.com\/jujuy\/wp-json\/wp\/v2\/media\/182564"}],"wp:attachment":[{"href":"https:\/\/notinor.com\/jujuy\/wp-json\/wp\/v2\/media?parent=199014"}],"wp:term":[{"taxonomy":"category","embeddable":true,"href":"https:\/\/notinor.com\/jujuy\/wp-json\/wp\/v2\/categories?post=199014"},{"taxonomy":"post_tag","embeddable":true,"href":"https:\/\/notinor.com\/jujuy\/wp-json\/wp\/v2\/tags?post=199014"}],"curies":[{"name":"wp","href":"https:\/\/api.w.org\/{rel}","templated":true}]}}