{"id":198883,"date":"2018-11-14T12:29:00","date_gmt":"2018-11-14T15:29:00","guid":{"rendered":"http:\/\/notinor.com\/jujuy\/?p=198883"},"modified":"2018-11-14T14:47:47","modified_gmt":"2018-11-14T17:47:47","slug":"suba-del-boleto-hoy-termina-el-procesos-participativo-y-la-semana-que-viene-se-discutiria","status":"publish","type":"post","link":"https:\/\/notinor.com\/jujuy\/suba-del-boleto-hoy-termina-el-procesos-participativo-y-la-semana-que-viene-se-discutiria\/","title":{"rendered":"Suba del boleto, se estima que ronde entre los 16 y 17 pesos"},"content":{"rendered":"<p><a href=\"http:\/\/notinor.com\/jujuy\/el-precio-del-boleto-de-colectivos-esta-dentro-del-promedio-nacional\/boleto-5\/\" rel=\"attachment wp-att-152555\"><img decoding=\"async\" loading=\"lazy\" class=\"alignnone size-full wp-image-152555\" src=\"http:\/\/notinor.com\/jujuy\/wp-content\/uploads\/2018\/01\/boleto.jpg\" alt=\"\" width=\"790\" height=\"543\" \/><\/a><\/p>\n<p>Lo confirmo el concejal Santiago Jubert, de la bancada oficialista.<\/p>\n<p>Luego de concluido el proceso de participaci\u00f3n publica escrita,\u00a0la Secretar\u00eda Parlamentaria elevar\u00e1 a los concejales un borrador con el total de las ponencias, una copia y un resumen de cada una de ellas para as\u00ed comenzar con la discusi\u00f3n entre los concejales, informo el funcionario.<\/p>\n<p>Adem\u00e1s asegur\u00f3 que la discusi\u00f3n llegar\u00e1 al recinto la semana pr\u00f3xima.<\/p>\n<p>En cuanto a la nueva tarifa desde la bancada oficialista volvieron a asegurar que el precio de\u00a0la nueva tarifa del transporte urbano podr\u00eda rondar los 16 y 17 pesos y comenzar\u00eda a regir desde el pr\u00f3ximo a\u00f1o.<\/p>\n","protected":false},"excerpt":{"rendered":"<p>Lo confirmo el concejal Santiago Jubert, de la bancada oficialista. Luego de concluido el proceso de participaci\u00f3n publica escrita,\u00a0la Secretar\u00eda Parlamentaria elevar\u00e1 a los concejales un borrador con el total de las ponencias, una copia y un resumen de cada una de ellas para as\u00ed comenzar con la discusi\u00f3n entre los concejales, informo el funcionario. [&hellip;]<\/p>\n","protected":false},"author":1,"featured_media":152555,"comment_status":"open","ping_status":"open","sticky":false,"template":"","format":"standard","meta":{"_stopmodifiedupdate":false,"_modified_date":"","inline_featured_image":false,"spay_email":"","jetpack_publicize_message":""},"categories":[2],"tags":[],"jetpack_featured_media_url":"https:\/\/notinor.com\/jujuy\/wp-content\/uploads\/2018\/01\/boleto.jpg","jetpack_publicize_connections":[],"_links":{"self":[{"href":"https:\/\/notinor.com\/jujuy\/wp-json\/wp\/v2\/posts\/198883"}],"collection":[{"href":"https:\/\/notinor.com\/jujuy\/wp-json\/wp\/v2\/posts"}],"about":[{"href":"https:\/\/notinor.com\/jujuy\/wp-json\/wp\/v2\/types\/post"}],"author":[{"embeddable":true,"href":"https:\/\/notinor.com\/jujuy\/wp-json\/wp\/v2\/users\/1"}],"replies":[{"embeddable":true,"href":"https:\/\/notinor.com\/jujuy\/wp-json\/wp\/v2\/comments?post=198883"}],"version-history":[{"count":4,"href":"https:\/\/notinor.com\/jujuy\/wp-json\/wp\/v2\/posts\/198883\/revisions"}],"predecessor-version":[{"id":199066,"href":"https:\/\/notinor.com\/jujuy\/wp-json\/wp\/v2\/posts\/198883\/revisions\/199066"}],"wp:featuredmedia":[{"embeddable":true,"href":"https:\/\/notinor.com\/jujuy\/wp-json\/wp\/v2\/media\/152555"}],"wp:attachment":[{"href":"https:\/\/notinor.com\/jujuy\/wp-json\/wp\/v2\/media?parent=198883"}],"wp:term":[{"taxonomy":"category","embeddable":true,"href":"https:\/\/notinor.com\/jujuy\/wp-json\/wp\/v2\/categories?post=198883"},{"taxonomy":"post_tag","embeddable":true,"href":"https:\/\/notinor.com\/jujuy\/wp-json\/wp\/v2\/tags?post=198883"}],"curies":[{"name":"wp","href":"https:\/\/api.w.org\/{rel}","templated":true}]}}