{"id":1970,"date":"2014-10-22T01:19:14","date_gmt":"2014-10-22T01:19:14","guid":{"rendered":"http:\/\/notinor.com\/jujuy\/?p=1970"},"modified":"2014-10-22T01:19:14","modified_gmt":"2014-10-22T01:19:14","slug":"massa-sello-su-alianza-electoral-con-cano-en-tucuman","status":"publish","type":"post","link":"https:\/\/notinor.com\/jujuy\/massa-sello-su-alianza-electoral-con-cano-en-tucuman\/","title":{"rendered":"Massa sell\u00f3 su alianza electoral con Cano en Tucum\u00e1n"},"content":{"rendered":"<p>El l\u00edder del Frente Renovador visit\u00f3 al candidato a gobernador de la UCR para acordar una agenda de trabajo. \"Se termina la Argentina dividida\", dijo<\/p>\n<p><!--more--><\/p>\n<p>El jefe del Frente Renovador, Sergio Massa, oficializ\u00f3 un acuerdo electoral con el principal candidato opositor a gobernador de Tucum\u00e1n, Jos\u00e9 Cano, en lo que constituy\u00f3 un nuevo paso de su estrategia para reunir respaldos del radicalismo para las elecciones presidenciales.<\/p>\n<p>\"Debemos trabajar juntos por el pa\u00eds, por Tucum\u00e1n y por el futuro tanto peronistas, radicales y socialistas como independientes. Hay una Argentina que se termina y es la Argentina dividida. Nace una nueva Argentina que es la de la unidad y la del trabajo al lado de la gente\", dijo Massa en la capital tucumana, tras su encuentro con el diputado radical.<\/p>\n<p>El ex intendente de Tigre y Cano se reunieron con productores agropecuarios y luego recorrieron una f\u00e1brica de pastas secas, perteneciente a Emilio Luque, uno de los principales empresarios de Tucum\u00e1n.<\/p>\n<p>Pese a que en los hechos significa un acuerdo electoral, el diputados evit\u00f3 referirse el encuentro con Cano como tal, y dijo que \"cada uno tiene su identidad, su historia, su militancia\" y que lo que los une \"es el futuro de la Argentina\". Y a\u00f1adi\u00f3: \"Dos dirigentes sent\u00e1ndose a hablar de los problemas del pa\u00eds y del futuro no puede sonar extra\u00f1o. Nace una etapa que es la de la democracia nueva, de los acuerdos, y que tiene que ver con trabajar para resolver los problemas de la gente. Hay que terminar con la Argentina de la pelea para pasar a la Argentina de las soluciones\".<\/p>\n<p>El encuentro de este martes entre Massa y Cano se suma a la foto que dos semanas atr\u00e1s se hab\u00eda sacado en Jujuy con el senador radical y tambi\u00e9n candidato a gobernador de su provincia, Gerardo Morales. El bonaerense tiene previsto continuar esta ronda de acuerdos con l\u00edderes radicales del interior en La Rioja, con el diputado Julio Mart\u00ednez, dentro de dos semanas; en Formosa, con Luis Petcoff Naidenoff o Ricardo Buryaile; en Santa Cruz, con Eduardo Costa; en Neuqu\u00e9n, con Horacio \"Pechi\" Quiroga, y en Tierra del Fuego, con Federico Sciurano.<\/p>\n<p>En todos los casos, el acuerdo consiste en que el compa\u00f1ero de f\u00f3rmula de los candidatos a gobernador del radicalismo sea un \"renovador\"; de esa manera, Massa se garantiza votos para las presidenciales y que \"no lo golpeen durante la campa\u00f1a\" por la Presidencia, analizaron los operadores del Frente Renovador.<\/p>\n<p>Tras el encuentro, Cano cuestion\u00f3 \"la l\u00f3gica de la confrontaci\u00f3n y el esquema de amigo-enemigo\" y resalt\u00f3 que el hecho de \"que un candidato a presidente que est\u00e1 en otro espacio pol\u00edtico acompa\u00f1e a un candidato a gobernador es novedoso\".<\/p>\n<p>\"Estamos cumpliendo con la responsabilidad que nos piden miles de tucumanos independientes, radicales y peronistas, que quieren vivir en un Tucum\u00e1n mejor y de todos\", argument\u00f3.<\/p>\n<p>El radical, quien se diferenci\u00f3 de la idea del FR de derogar leyes del kirchnerismo, ratific\u00f3 que, sin perjuicio de esa coincidencia con el ex intendente de Tigre, apoyar\u00e1 como candidato a presidente de la Naci\u00f3n al ganador de la interna del Frente Amplio Unen (FAU), ya que puntualmente trabaja por la postulaci\u00f3n del radical Ernesto Sanz.<\/p>\n<p>Junto al intendente de San Miguel, Joaqu\u00edn de la Torre, y al ex diputado nacional por Tucum\u00e1n del Frente para la Victoria y actual legislador provincial Ger\u00f3nimo Vargas Aignasse, Massa almorz\u00f3 con empresarios locales, visit\u00f3 al arzobispo de Tucum\u00e1n, Alfredo Zecca, y recorri\u00f3 la ciudad de Yerba Buena.<\/p>\n","protected":false},"excerpt":{"rendered":"<p>El l\u00edder del Frente Renovador visit\u00f3 al candidato a gobernador de la UCR para acordar una agenda de trabajo. \"Se termina la Argentina dividida\", dijo<\/p>\n","protected":false},"author":1,"featured_media":1971,"comment_status":"open","ping_status":"open","sticky":false,"template":"","format":"standard","meta":{"_stopmodifiedupdate":false,"_modified_date":"","inline_featured_image":false,"spay_email":"","jetpack_publicize_message":""},"categories":[5],"tags":[],"jetpack_featured_media_url":"https:\/\/notinor.com\/jujuy\/wp-content\/uploads\/2014\/10\/massa-cano.jpg","jetpack_publicize_connections":[],"_links":{"self":[{"href":"https:\/\/notinor.com\/jujuy\/wp-json\/wp\/v2\/posts\/1970"}],"collection":[{"href":"https:\/\/notinor.com\/jujuy\/wp-json\/wp\/v2\/posts"}],"about":[{"href":"https:\/\/notinor.com\/jujuy\/wp-json\/wp\/v2\/types\/post"}],"author":[{"embeddable":true,"href":"https:\/\/notinor.com\/jujuy\/wp-json\/wp\/v2\/users\/1"}],"replies":[{"embeddable":true,"href":"https:\/\/notinor.com\/jujuy\/wp-json\/wp\/v2\/comments?post=1970"}],"version-history":[{"count":1,"href":"https:\/\/notinor.com\/jujuy\/wp-json\/wp\/v2\/posts\/1970\/revisions"}],"predecessor-version":[{"id":1972,"href":"https:\/\/notinor.com\/jujuy\/wp-json\/wp\/v2\/posts\/1970\/revisions\/1972"}],"wp:featuredmedia":[{"embeddable":true,"href":"https:\/\/notinor.com\/jujuy\/wp-json\/wp\/v2\/media\/1971"}],"wp:attachment":[{"href":"https:\/\/notinor.com\/jujuy\/wp-json\/wp\/v2\/media?parent=1970"}],"wp:term":[{"taxonomy":"category","embeddable":true,"href":"https:\/\/notinor.com\/jujuy\/wp-json\/wp\/v2\/categories?post=1970"},{"taxonomy":"post_tag","embeddable":true,"href":"https:\/\/notinor.com\/jujuy\/wp-json\/wp\/v2\/tags?post=1970"}],"curies":[{"name":"wp","href":"https:\/\/api.w.org\/{rel}","templated":true}]}}