{"id":1967,"date":"2014-10-22T01:17:49","date_gmt":"2014-10-22T01:17:49","guid":{"rendered":"http:\/\/notinor.com\/jujuy\/?p=1967"},"modified":"2014-10-22T01:17:49","modified_gmt":"2014-10-22T01:17:49","slug":"con-fuertes-criticas-al-gobierno-ruralistas-volvieron-a-las-rutas-con-un-tractorazo","status":"publish","type":"post","link":"https:\/\/notinor.com\/jujuy\/con-fuertes-criticas-al-gobierno-ruralistas-volvieron-a-las-rutas-con-un-tractorazo\/","title":{"rendered":"Con fuertes cr\u00edticas al Gobierno, ruralistas volvieron a las rutas con un \"tractorazo\""},"content":{"rendered":"<p>Representantes de la Federaci\u00f3n Agraria protestaron en Chivilcoy contra la pol\u00edtica oficial. Denunciaron un plan contra el campo. Expresaron un fuerte rechazo al aumento del impuesto inmobiliario rural<\/p>\n<p><!--more--><\/p>\n<p>La Federaci\u00f3n Agraria cumpli\u00f3 con las advertencias que expresaba hace ya varios meses y volvi\u00f3 a protestar en las rutas. En este caso fue en la localidad bonaerense de Chivilcoy. En concreto, se trat\u00f3 de un \"tractorazo\" en el cruce de las rutas provinciales 30 y 51, el mismo escenario de las manifestaciones de 2008 en medio de la pol\u00e9mica que gener\u00f3 la Resoluci\u00f3n 125 sobre las retenciones m\u00f3viles.<\/p>\n<p>M\u00e1s de un centenar de productores se apostaron a la vera de la rutas con sus tractores y veh\u00edculos para hacer o\u00edr sus reclamos entre las 10 y las 16. El detonador de la medida fue el aumento del impuesto inmobiliario rural en la Provincia, que a entender de la FAA se vuelve particularmente injusto si se tiene en cuenta las dificultades que enfrenta la regi\u00f3n a causa de las inundaciones que ahogaron los campos en los \u00faltimos meses.<\/p>\n<p>\"En estos momentos donde los precios de nuestra producci\u00f3n caen en picada, el Estado provincial no parece enterarse y propone aumentar un 30% el impuesto inmobiliario rural, sin considerar que ya realiz\u00f3 un enorme reval\u00fao que engros\u00f3 las arcas del gobierno nacional pero no tuvo ninguna coparticipaci\u00f3n ni retribuci\u00f3n a los productores bonaerenses, que siempre estamos en la cola de pagar y nunca en la de recibir\", se quej\u00f3 Juan Carlos Herrero, ex secretario de coordinaci\u00f3n de la entidad, en declaraciones que recogi\u00f3 Infobacampo.com.<\/p>\n<p>Herrero fue muy duro con la gesti\u00f3n de Daniel Scioli: \"Con media provincia en emergencia por inundaciones, no se han tomado medidas contundentes para evitar la desaparici\u00f3n de cientos de peque\u00f1os y medianos productores que han perdido parte de lo sembrado, no van a poder volver a producir y est\u00e1n liquidando sus rodeos y tambos, ante la imposibilidad de mantenerlos; por el contrario, se anuncian paliativos que parecen m\u00e1s un salvavidas de plomo que una soluci\u00f3n en serio para la gente\".<\/p>\n<p>El acto, que se realiz\u00f3 en simult\u00e1neo con la presentaci\u00f3n en la Legislatura de la Ley de Presupuesto que incluye la suba del impuesto, fue cerrado por el titular de la FAA, Eduardo Buzzi. El dirigente no s\u00f3lo deplor\u00f3 esa medida del Ejecutivo bonaerense sino que ampli\u00f3 sus cr\u00edticas al gobierno nacional: insisti\u00f3 en los problemas financieros de los productores para sembrar, las retenciones y el mal estado de los caminos rurales.<\/p>\n<p>Consultado sobre la pol\u00edtica agropecuaria actual y la campa\u00f1a electoral del a\u00f1o que viene, dijo: \"El \u00fanico proyecto concreto para el campo es el que present\u00f3 Sergio Massa\".<\/p>\n<p>En la protesta no hubo integrantes del resto de la Mesa de Enlace, que integran tambi\u00e9n la Sociedad Rural, la CRA y Coninagro.<\/p>\n","protected":false},"excerpt":{"rendered":"<p>Representantes de la Federaci\u00f3n Agraria protestaron en Chivilcoy contra la pol\u00edtica oficial. Denunciaron un plan contra el campo. Expresaron un fuerte rechazo al aumento del impuesto inmobiliario rural<\/p>\n","protected":false},"author":1,"featured_media":1968,"comment_status":"open","ping_status":"open","sticky":false,"template":"","format":"standard","meta":{"_stopmodifiedupdate":false,"_modified_date":"","inline_featured_image":false,"spay_email":"","jetpack_publicize_message":""},"categories":[5],"tags":[],"jetpack_featured_media_url":"https:\/\/notinor.com\/jujuy\/wp-content\/uploads\/2014\/10\/tractorazo.jpg","jetpack_publicize_connections":[],"_links":{"self":[{"href":"https:\/\/notinor.com\/jujuy\/wp-json\/wp\/v2\/posts\/1967"}],"collection":[{"href":"https:\/\/notinor.com\/jujuy\/wp-json\/wp\/v2\/posts"}],"about":[{"href":"https:\/\/notinor.com\/jujuy\/wp-json\/wp\/v2\/types\/post"}],"author":[{"embeddable":true,"href":"https:\/\/notinor.com\/jujuy\/wp-json\/wp\/v2\/users\/1"}],"replies":[{"embeddable":true,"href":"https:\/\/notinor.com\/jujuy\/wp-json\/wp\/v2\/comments?post=1967"}],"version-history":[{"count":1,"href":"https:\/\/notinor.com\/jujuy\/wp-json\/wp\/v2\/posts\/1967\/revisions"}],"predecessor-version":[{"id":1969,"href":"https:\/\/notinor.com\/jujuy\/wp-json\/wp\/v2\/posts\/1967\/revisions\/1969"}],"wp:featuredmedia":[{"embeddable":true,"href":"https:\/\/notinor.com\/jujuy\/wp-json\/wp\/v2\/media\/1968"}],"wp:attachment":[{"href":"https:\/\/notinor.com\/jujuy\/wp-json\/wp\/v2\/media?parent=1967"}],"wp:term":[{"taxonomy":"category","embeddable":true,"href":"https:\/\/notinor.com\/jujuy\/wp-json\/wp\/v2\/categories?post=1967"},{"taxonomy":"post_tag","embeddable":true,"href":"https:\/\/notinor.com\/jujuy\/wp-json\/wp\/v2\/tags?post=1967"}],"curies":[{"name":"wp","href":"https:\/\/api.w.org\/{rel}","templated":true}]}}