{"id":193236,"date":"2018-09-30T23:12:41","date_gmt":"2018-10-01T02:12:41","guid":{"rendered":"http:\/\/notinor.com\/jujuy\/?p=193236"},"modified":"2018-10-01T09:17:56","modified_gmt":"2018-10-01T12:17:56","slug":"se-impuso-el-nombre-de-mario-lobo-a-la-cancha-del-nido","status":"publish","type":"post","link":"https:\/\/notinor.com\/jujuy\/se-impuso-el-nombre-de-mario-lobo-a-la-cancha-del-nido\/","title":{"rendered":"Se impuso el nombre de \"Mario Lobo\" a la cancha del NIDO"},"content":{"rendered":"<p><img decoding=\"async\" loading=\"lazy\" class=\"size-medium wp-image-193238 aligncenter\" src=\"http:\/\/notinor.com\/jujuy\/wp-content\/uploads\/2018\/10\/imposicion-nombre-cancha-mario-lobo-548x365.jpg\" alt=\"\" width=\"548\" height=\"365\" srcset=\"https:\/\/notinor.com\/jujuy\/wp-content\/uploads\/2018\/10\/imposicion-nombre-cancha-mario-lobo-548x365.jpg 548w, https:\/\/notinor.com\/jujuy\/wp-content\/uploads\/2018\/10\/imposicion-nombre-cancha-mario-lobo-720x480.jpg 720w, https:\/\/notinor.com\/jujuy\/wp-content\/uploads\/2018\/10\/imposicion-nombre-cancha-mario-lobo.jpg 750w, https:\/\/notinor.com\/jujuy\/wp-content\/uploads\/2018\/10\/imposicion-nombre-cancha-mario-lobo-400x266.jpg 400w\" sizes=\"(max-width: 548px) 100vw, 548px\" \/><\/p>\n<p>Con el reconocimiento del Deliberante Capitalino a trav\u00e9s de la Ordenanza N\u00b0 7137\/2017 y de la Municipalidad de San Salvador de Jujuy, se descubri\u00f3 una placa en su nombre.<\/p>\n<p style=\"font-weight: 400;\">Con la presencia masiva de ni\u00f1os de las escuelitas de f\u00fatbol, el secretario de Desarrollo Humano, Jos\u00e9 Luis S\u00e1nchez se refiri\u00f3 a la figura de Mario Lobo, \"trascendi\u00f3 los l\u00edmites de nuestra provincia y del pa\u00eds, llevando el nombre de Jujuy\". Luego dijo que Lobo sigue trabajando para que los chicos vean una salida en la pr\u00e1ctica deportiva, con el apoyo de las pol\u00edticas p\u00fablicas del municipio, alej\u00e1ndolos de los riesgos cotidianos y promoviendo h\u00e1bitos saludables.<\/p>\n<p style=\"font-weight: 400;\">En tanto Mario Lobo, con emoci\u00f3n, expres\u00f3 su gratitud \"es un honor y orgullo que este predio lleve mi nombre, son las actitudes que se llevan en el alma, lo voy a llevar en lo m\u00e1s profundo de mi coraz\u00f3n y de ahora en m\u00e1s incentivar el acompa\u00f1amiento, brindando la experiencia a lo largo de estos a\u00f1os\".<\/p>\n<p style=\"font-weight: 400;\">En este marco pidi\u00f3 a los pap\u00e1s que cuiden a sus hijos, que los incentiven a jugar, no para ser grandes deportistas sino por el derecho a divertirse, el f\u00fatbol es un juego, que participando tendr\u00e1n la posibilidad de cimentar valores, por ello es importante acompa\u00f1arlos para que alcancen sus sue\u00f1os \"no se olviden nunca que uno puede elegir en la vida ser lo que quiera, pero no se olviden de ser buena persona\".<\/p>\n<p style=\"font-weight: 400;\">El acto cont\u00f3 con la presencia del presidente del Concejo Deliberante, Lisandro Aguiar; concejales, Estela Flores; Patricia Moya; Marcelo Garc\u00eda; funcionarios provinciales y municipales, vecinos, representantes de instituciones barriales.<\/p>\n","protected":false},"excerpt":{"rendered":"<p>Con el reconocimiento del Deliberante Capitalino a trav\u00e9s de la Ordenanza N\u00b0 7137\/2017 y de la Municipalidad de San Salvador de Jujuy, se descubri\u00f3 una placa en su nombre. Con la presencia masiva de ni\u00f1os de las escuelitas de f\u00fatbol, el secretario de Desarrollo Humano, Jos\u00e9 Luis S\u00e1nchez se refiri\u00f3 a la figura de Mario [&hellip;]<\/p>\n","protected":false},"author":5,"featured_media":193237,"comment_status":"open","ping_status":"open","sticky":false,"template":"","format":"standard","meta":{"_stopmodifiedupdate":false,"_modified_date":"","inline_featured_image":false,"spay_email":"","jetpack_publicize_message":""},"categories":[490],"tags":[],"jetpack_featured_media_url":"https:\/\/notinor.com\/jujuy\/wp-content\/uploads\/2018\/10\/imposicion-nombre-cancha-mario-lobo-1.jpg","jetpack_publicize_connections":[],"_links":{"self":[{"href":"https:\/\/notinor.com\/jujuy\/wp-json\/wp\/v2\/posts\/193236"}],"collection":[{"href":"https:\/\/notinor.com\/jujuy\/wp-json\/wp\/v2\/posts"}],"about":[{"href":"https:\/\/notinor.com\/jujuy\/wp-json\/wp\/v2\/types\/post"}],"author":[{"embeddable":true,"href":"https:\/\/notinor.com\/jujuy\/wp-json\/wp\/v2\/users\/5"}],"replies":[{"embeddable":true,"href":"https:\/\/notinor.com\/jujuy\/wp-json\/wp\/v2\/comments?post=193236"}],"version-history":[{"count":1,"href":"https:\/\/notinor.com\/jujuy\/wp-json\/wp\/v2\/posts\/193236\/revisions"}],"predecessor-version":[{"id":193239,"href":"https:\/\/notinor.com\/jujuy\/wp-json\/wp\/v2\/posts\/193236\/revisions\/193239"}],"wp:featuredmedia":[{"embeddable":true,"href":"https:\/\/notinor.com\/jujuy\/wp-json\/wp\/v2\/media\/193237"}],"wp:attachment":[{"href":"https:\/\/notinor.com\/jujuy\/wp-json\/wp\/v2\/media?parent=193236"}],"wp:term":[{"taxonomy":"category","embeddable":true,"href":"https:\/\/notinor.com\/jujuy\/wp-json\/wp\/v2\/categories?post=193236"},{"taxonomy":"post_tag","embeddable":true,"href":"https:\/\/notinor.com\/jujuy\/wp-json\/wp\/v2\/tags?post=193236"}],"curies":[{"name":"wp","href":"https:\/\/api.w.org\/{rel}","templated":true}]}}