{"id":193216,"date":"2018-10-01T07:22:17","date_gmt":"2018-10-01T10:22:17","guid":{"rendered":"http:\/\/notinor.com\/jujuy\/?p=193216"},"modified":"2018-10-01T07:22:17","modified_gmt":"2018-10-01T10:22:17","slug":"el-regimen-irani-disparo-misiles-contra-un-campo-terrorista-en-siria-en-represalia-por-el-atentado-en-ahvaz","status":"publish","type":"post","link":"https:\/\/notinor.com\/jujuy\/el-regimen-irani-disparo-misiles-contra-un-campo-terrorista-en-siria-en-represalia-por-el-atentado-en-ahvaz\/","title":{"rendered":"El r\u00e9gimen iran\u00ed dispar\u00f3 misiles contra un campo \"terrorista\" en Siria en represalia por el atentado en Ahvaz"},"content":{"rendered":"<div class=\"row pb-content-type-image\">\n<figure class=\"element element-image col-xs-12\">\n<div class=\"single-image\"><img decoding=\"async\" loading=\"lazy\" id=\"5ADCXO5XR5AJDEISQZ2EO7QHNM\" class=\"image-lazy\" src=\"https:\/\/www.infobae.com\/new-resizer\/0kB4it7WRRDAqp0gi9nPg2oNBVs=\/600x0\/filters:quality(100)\/s3.amazonaws.com\/arc-wordpress-client-uploads\/infobae-wp\/wp-content\/uploads\/2018\/10\/01051406\/AP_18274180639092.jpg\" alt=\"En esta imagen del lunes 1 de octubre de 2018 difundida por la Guardia Revolucionaria Iran\u00ed, se observan misiles disparados desde la ciudad de Kermanshah, en el oeste de Ir\u00e1n, en contra del grupo Estado Isl\u00e1mico en Siria. (Sepahnews via AP)\" width=\"750\" height=\"535.7142857142858\" data-url=\"https:\/\/www.infobae.com\/america\/mundo\/2018\/10\/01\/el-regimen-irani-anuncio-haber-disparado-misiles-contra-un-campo-terrorista-en-siria-en-represalia-contra-el-atentado-en-ahvaz\/%235ADCXO5XR5AJDEISQZ2EO7QHNM\" data-original=\"https:\/\/www.infobae.com\/new-resizer\/0kB4it7WRRDAqp0gi9nPg2oNBVs=\/600x0\/filters:quality(100)\/s3.amazonaws.com\/arc-wordpress-client-uploads\/infobae-wp\/wp-content\/uploads\/2018\/10\/01051406\/AP_18274180639092.jpg\" \/><\/div><figcaption class=\"\"><span class=\"credit\">En esta imagen del lunes 1 de octubre de 2018 difundida por la Guardia Revolucionaria Iran\u00ed, se observan misiles disparados desde la ciudad de Kermanshah, en el oeste de Ir\u00e1n, en contra del grupo Estado Isl\u00e1mico en Siria. (Sepahnews via AP)<\/span><\/figcaption><\/figure>\n<\/div>\n<div class=\"row pb-content-type-text\">\n<div class=\"col-xs-12 col-print-12\">\n<p class=\"element element-paragraph\"><strong>Los Guardianes de la Revoluci\u00f3n iran\u00edes anunciaron este lunes por la ma\u00f1ana haber atacado<\/strong>, sirvi\u00e9ndose de \"misiles bal\u00edsticos\",<strong>\u00a0un \"cuartel general\" de \"terroristas\" en Siria<\/strong>, en represalia contra el atentado del 22 de septiembre contra la ciudad iran\u00ed de Ahvaz.<\/p>\n<\/div>\n<\/div>\n<div class=\"row pb-content-type-text\">\n<div class=\"col-xs-12 col-print-12\">\n<p class=\"element element-paragraph\"><strong>\"El cuartel general de los responsables del crimen terrorista de Ahvaz fue atacado hace unos minutos al este del \u00c9ufrates por varios misiles bal\u00edsticos disparados por la rama aeroespacial de los Guardianes de la Revoluci\u00f3n\"<\/strong>, indic\u00f3 el cuerpo de \u00e9lite de la Rep\u00fablica Isl\u00e1mica en su portal oficial.<\/p>\n<\/div>\n<\/div>\n<div class=\"row pb-content-type-text\">\n<div class=\"col-xs-12 col-print-12\">\n<p class=\"element element-paragraph\"><strong>\"Seg\u00fan las primeras informaciones, numerosos terroristas takfiri y jefes responsables del crimen terrorista de Ahvaz fueron abatidos o heridos en este ataque con misiles\"<\/strong>, a\u00f1adieron los Guardianes.\u00a0<strong>No precisaron, sin embargo, desde d\u00f3nde se lanzaron los misiles.<\/strong><\/p>\n<\/div>\n<\/div>\n<div class=\"row pb-content-type-text\">\n<div class=\"col-xs-12 col-print-12\">\n<p class=\"element element-paragraph\"><strong>Las autoridades iran\u00edes emplean el t\u00e9rmino \"takfiri\" para referirse a los yihadistas sunitas<\/strong>. Deriva de la palabra \u00e1rabe \"takfir\" (anatema), una acusaci\u00f3n empleada por esos extremistas como justificaci\u00f3n de la violencia contra quienes consideran imp\u00edos.<\/p>\n<\/div>\n<\/div>\n<div class=\"row pb-content-type-image\">\n<div id=\"\" class=\"wrapper clearfix pb-feature pb-layout-item pb-f-ads-dfp left-align\"><\/div>\n<figure class=\"element element-image col-xs-12\">\n<div class=\"single-image\">\n<div class=\"shares\">\n<div class=\"share-button facebook\" data-url=\"https:\/\/www.infobae.com\/america\/mundo\/2018\/10\/01\/el-regimen-irani-anuncio-haber-disparado-misiles-contra-un-campo-terrorista-en-siria-en-represalia-contra-el-atentado-en-ahvaz\/%23VIVLRMTRWRDM5MQSL5IP4W6SUE\" data-original=\"https:\/\/s3.amazonaws.com\/arc-wordpress-client-uploads\/infobae-wp\/wp-content\/uploads\/2018\/10\/01032505\/2018-09-23T233756Z_533211987_RC1FFFFF2A10_RTRMADP_3_IRAN-MILITARY-ATTACK.jpg\"><\/div>\n<\/div>\n<p><img decoding=\"async\" loading=\"lazy\" id=\"VIVLRMTRWRDM5MQSL5IP4W6SUE\" class=\"image-lazy\" src=\"https:\/\/www.infobae.com\/new-resizer\/o0iKk1QnuiVngHic7C1tb3EVRgY=\/600x0\/filters:quality(100)\/s3.amazonaws.com\/arc-wordpress-client-uploads\/infobae-wp\/wp-content\/uploads\/2018\/10\/01032505\/2018-09-23T233756Z_533211987_RC1FFFFF2A10_RTRMADP_3_IRAN-MILITARY-ATTACK.jpg\" alt=\"Un herido durante el atentado en Ahvaz (ISNA\/Iranian Students\u2019 News Agency\/Social Media\/via REUTERS)\" width=\"750\" height=\"500.25\" data-url=\"https:\/\/www.infobae.com\/america\/mundo\/2018\/10\/01\/el-regimen-irani-anuncio-haber-disparado-misiles-contra-un-campo-terrorista-en-siria-en-represalia-contra-el-atentado-en-ahvaz\/%23VIVLRMTRWRDM5MQSL5IP4W6SUE\" data-original=\"https:\/\/www.infobae.com\/new-resizer\/o0iKk1QnuiVngHic7C1tb3EVRgY=\/600x0\/filters:quality(100)\/s3.amazonaws.com\/arc-wordpress-client-uploads\/infobae-wp\/wp-content\/uploads\/2018\/10\/01032505\/2018-09-23T233756Z_533211987_RC1FFFFF2A10_RTRMADP_3_IRAN-MILITARY-ATTACK.jpg\" \/><\/div><figcaption class=\"\"><span class=\"credit\">Un herido durante el atentado en Ahvaz (ISNA\/Iranian Students\u2019 News Agency\/Social Media\/via REUTERS)<\/span><\/figcaption><\/figure>\n<\/div>\n<div class=\"row pb-content-type-text\">\n<div class=\"col-xs-12 col-print-12\">\n<p class=\"element element-paragraph\">Seg\u00fan la agencia de prensa iran\u00ed Fars, pr\u00f3xima a los conservadores, se utilizaron dos tipos de misiles:\u00a0<strong>Zolfaghar<\/strong>\u00a0(de 750 km de alcance) y\u00a0<strong>Qiam<\/strong>\u00a0(800 km).<\/p>\n<\/div>\n<\/div>\n<div class=\"row pb-content-type-image\">\n<figure class=\"element element-image col-xs-12\">\n<div class=\"single-image\">\n<div class=\"shares\">\n<div class=\"share-button facebook\" data-url=\"https:\/\/www.infobae.com\/america\/mundo\/2018\/10\/01\/el-regimen-irani-anuncio-haber-disparado-misiles-contra-un-campo-terrorista-en-siria-en-represalia-contra-el-atentado-en-ahvaz\/%23DZ2VBUOAMBEDREUVMR3HQ3TR7M\" data-original=\"https:\/\/s3.amazonaws.com\/arc-wordpress-client-uploads\/infobae-wp\/wp-content\/uploads\/2018\/10\/01051415\/AP_18274181896403.jpg\"><\/div>\n<\/div>\n<p><img decoding=\"async\" loading=\"lazy\" id=\"DZ2VBUOAMBEDREUVMR3HQ3TR7M\" class=\"image-lazy\" src=\"https:\/\/www.infobae.com\/new-resizer\/8f5e5SCFDPW3J2nDJgd6Hx5EvkY=\/600x0\/filters:quality(100)\/s3.amazonaws.com\/arc-wordpress-client-uploads\/infobae-wp\/wp-content\/uploads\/2018\/10\/01051415\/AP_18274181896403.jpg\" alt=\"Uno de los misiles lanzados por Ir\u00e1n\u00a0 (Sepahnews via AP)\" width=\"750\" height=\"499.10714285714283\" data-url=\"https:\/\/www.infobae.com\/america\/mundo\/2018\/10\/01\/el-regimen-irani-anuncio-haber-disparado-misiles-contra-un-campo-terrorista-en-siria-en-represalia-contra-el-atentado-en-ahvaz\/%23DZ2VBUOAMBEDREUVMR3HQ3TR7M\" data-original=\"https:\/\/www.infobae.com\/new-resizer\/8f5e5SCFDPW3J2nDJgd6Hx5EvkY=\/600x0\/filters:quality(100)\/s3.amazonaws.com\/arc-wordpress-client-uploads\/infobae-wp\/wp-content\/uploads\/2018\/10\/01051415\/AP_18274181896403.jpg\" \/><\/div><figcaption class=\"\"><span class=\"credit\">Uno de los misiles lanzados por Ir\u00e1n\u00a0 (Sepahnews via AP)<\/span><\/figcaption><\/figure>\n<\/div>\n<div class=\"row pb-content-type-text\">\n<div class=\"col-xs-12 col-print-12\">\n<p class=\"element element-paragraph\">El 22 de septiembre,\u00a024 personas fueron abatidas por un comando de cinco personas que abrieron fuego contra un desfile militar en Ahvaz, en el suroeste de Ir\u00e1n.<\/p>\n<\/div>\n<\/div>\n<div class=\"row pb-content-type-image\">\n<figure class=\"element element-image col-xs-12\">\n<div class=\"single-image\">\n<div class=\"shares\">\n<div class=\"share-button facebook\" data-url=\"https:\/\/www.infobae.com\/america\/mundo\/2018\/10\/01\/el-regimen-irani-anuncio-haber-disparado-misiles-contra-un-campo-terrorista-en-siria-en-represalia-contra-el-atentado-en-ahvaz\/%23CSNNT2OGB5AYXHIYPB4PU4CYNU\" data-original=\"https:\/\/s3.amazonaws.com\/arc-wordpress-client-uploads\/infobae-wp\/wp-content\/uploads\/2018\/10\/01032510\/2018-09-24T083440Z_426726162_RC1858F26520_RTRMADP_3_IRAN-MILITARY-ATTACK.jpg\"><\/div>\n<\/div>\n<p><img decoding=\"async\" loading=\"lazy\" id=\"CSNNT2OGB5AYXHIYPB4PU4CYNU\" class=\"image-lazy\" src=\"https:\/\/www.infobae.com\/new-resizer\/xLhIeLEhXNFDuEvmEA9QgojITdQ=\/600x0\/filters:quality(100)\/s3.amazonaws.com\/arc-wordpress-client-uploads\/infobae-wp\/wp-content\/uploads\/2018\/10\/01032510\/2018-09-24T083440Z_426726162_RC1858F26520_RTRMADP_3_IRAN-MILITARY-ATTACK.jpg\" alt=\"Un momento del ataque contra una parada militar en Ahvaz, Iran (ISNA\/Iranian Students\u2019 News Agency\/ Social Media via REUTERS)\" width=\"750\" height=\"500.25\" data-url=\"https:\/\/www.infobae.com\/america\/mundo\/2018\/10\/01\/el-regimen-irani-anuncio-haber-disparado-misiles-contra-un-campo-terrorista-en-siria-en-represalia-contra-el-atentado-en-ahvaz\/%23CSNNT2OGB5AYXHIYPB4PU4CYNU\" data-original=\"https:\/\/www.infobae.com\/new-resizer\/xLhIeLEhXNFDuEvmEA9QgojITdQ=\/600x0\/filters:quality(100)\/s3.amazonaws.com\/arc-wordpress-client-uploads\/infobae-wp\/wp-content\/uploads\/2018\/10\/01032510\/2018-09-24T083440Z_426726162_RC1858F26520_RTRMADP_3_IRAN-MILITARY-ATTACK.jpg\" \/><\/div><figcaption class=\"\"><span class=\"credit\">Un momento del ataque contra una parada militar en Ahvaz, Iran (ISNA\/Iranian Students\u2019 News Agency\/ Social Media via REUTERS)<\/span><\/figcaption><\/figure>\n<\/div>\n<div class=\"row pb-content-type-image\">\n<figure class=\"element element-image col-xs-12\">\n<div class=\"single-image\">\n<div class=\"shares\">\n<div class=\"share-button facebook\" data-url=\"https:\/\/www.infobae.com\/america\/mundo\/2018\/10\/01\/el-regimen-irani-anuncio-haber-disparado-misiles-contra-un-campo-terrorista-en-siria-en-represalia-contra-el-atentado-en-ahvaz\/%23SBD4QCNSX5B33JCWOS4LZCVP7M\" data-original=\"https:\/\/s3.amazonaws.com\/arc-wordpress-client-uploads\/infobae-wp\/wp-content\/uploads\/2018\/10\/01032610\/2018-09-23T233644Z_1269238883_RC138FDE2D20_RTRMADP_3_IRAN-MILITARY-ATTACK.jpg\"><\/div>\n<\/div>\n<p><img decoding=\"async\" loading=\"lazy\" id=\"SBD4QCNSX5B33JCWOS4LZCVP7M\" class=\"image-lazy\" src=\"https:\/\/www.infobae.com\/new-resizer\/6IBT8BtnfW2pNzoqmintT57MZ_E=\/600x0\/filters:quality(100)\/s3.amazonaws.com\/arc-wordpress-client-uploads\/infobae-wp\/wp-content\/uploads\/2018\/10\/01032610\/2018-09-23T233644Z_1269238883_RC138FDE2D20_RTRMADP_3_IRAN-MILITARY-ATTACK.jpg\" alt=\"(\u00a0ISNA\/Iranian Students\u2019 News Agency\/Social Media\/via REUTERS)\" width=\"750\" height=\"500.25\" data-url=\"https:\/\/www.infobae.com\/america\/mundo\/2018\/10\/01\/el-regimen-irani-anuncio-haber-disparado-misiles-contra-un-campo-terrorista-en-siria-en-represalia-contra-el-atentado-en-ahvaz\/%23SBD4QCNSX5B33JCWOS4LZCVP7M\" data-original=\"https:\/\/www.infobae.com\/new-resizer\/6IBT8BtnfW2pNzoqmintT57MZ_E=\/600x0\/filters:quality(100)\/s3.amazonaws.com\/arc-wordpress-client-uploads\/infobae-wp\/wp-content\/uploads\/2018\/10\/01032610\/2018-09-23T233644Z_1269238883_RC138FDE2D20_RTRMADP_3_IRAN-MILITARY-ATTACK.jpg\" \/><\/div><figcaption class=\"\"><span class=\"credit\">(\u00a0ISNA\/Iranian Students\u2019 News Agency\/Social Media\/via REUTERS)<\/span><\/figcaption><\/figure>\n<\/div>\n<div class=\"row pb-content-type-text\">\n<div class=\"col-xs-12 col-print-12\">\n<p class=\"element element-paragraph\"><strong>El atentado fue reivindicado por el grupo yihadista Estado Isl\u00e1mico<\/strong>\u00a0(EI), contra el que Ir\u00e1n act\u00faa en Siria junto a las autoridades de Damasco.<\/p>\n<\/div>\n<\/div>\n<div class=\"row pb-content-type-text\">\n<div class=\"col-xs-12 col-print-12\">\n<p class=\"element element-paragraph\">El mismo d\u00eda del ataque, el presidente iran\u00ed,\u00a0<strong>Hasan Rohani,<\/strong>\u00a0prometi\u00f3 vengarlo con una respuesta \"terrible\".<\/p>\n<\/div>\n<\/div>\n<div class=\"row pb-content-type-text\">\n<div class=\"col-xs-12 col-print-12\">\n<p class=\"element element-paragraph\">(Con informaci\u00f3n de\u00a0<em>AFP<\/em>)<\/p>\n<\/div>\n<\/div>\n","protected":false},"excerpt":{"rendered":"<p>En esta imagen del lunes 1 de octubre de 2018 difundida por la Guardia Revolucionaria Iran\u00ed, se observan misiles disparados desde la ciudad de Kermanshah, en el oeste de Ir\u00e1n, en contra del grupo Estado Isl\u00e1mico en Siria. (Sepahnews via AP) Los Guardianes de la Revoluci\u00f3n iran\u00edes anunciaron este lunes por la ma\u00f1ana haber atacado, [&hellip;]<\/p>\n","protected":false},"author":1,"featured_media":173268,"comment_status":"open","ping_status":"open","sticky":false,"template":"","format":"standard","meta":{"_stopmodifiedupdate":false,"_modified_date":"","inline_featured_image":false,"spay_email":"","jetpack_publicize_message":""},"categories":[6],"tags":[],"jetpack_featured_media_url":"https:\/\/notinor.com\/jujuy\/wp-content\/uploads\/2018\/05\/misiles-sobre-israel.jpg","jetpack_publicize_connections":[],"_links":{"self":[{"href":"https:\/\/notinor.com\/jujuy\/wp-json\/wp\/v2\/posts\/193216"}],"collection":[{"href":"https:\/\/notinor.com\/jujuy\/wp-json\/wp\/v2\/posts"}],"about":[{"href":"https:\/\/notinor.com\/jujuy\/wp-json\/wp\/v2\/types\/post"}],"author":[{"embeddable":true,"href":"https:\/\/notinor.com\/jujuy\/wp-json\/wp\/v2\/users\/1"}],"replies":[{"embeddable":true,"href":"https:\/\/notinor.com\/jujuy\/wp-json\/wp\/v2\/comments?post=193216"}],"version-history":[{"count":1,"href":"https:\/\/notinor.com\/jujuy\/wp-json\/wp\/v2\/posts\/193216\/revisions"}],"predecessor-version":[{"id":193217,"href":"https:\/\/notinor.com\/jujuy\/wp-json\/wp\/v2\/posts\/193216\/revisions\/193217"}],"wp:featuredmedia":[{"embeddable":true,"href":"https:\/\/notinor.com\/jujuy\/wp-json\/wp\/v2\/media\/173268"}],"wp:attachment":[{"href":"https:\/\/notinor.com\/jujuy\/wp-json\/wp\/v2\/media?parent=193216"}],"wp:term":[{"taxonomy":"category","embeddable":true,"href":"https:\/\/notinor.com\/jujuy\/wp-json\/wp\/v2\/categories?post=193216"},{"taxonomy":"post_tag","embeddable":true,"href":"https:\/\/notinor.com\/jujuy\/wp-json\/wp\/v2\/tags?post=193216"}],"curies":[{"name":"wp","href":"https:\/\/api.w.org\/{rel}","templated":true}]}}