{"id":193209,"date":"2018-10-01T07:00:33","date_gmt":"2018-10-01T10:00:33","guid":{"rendered":"http:\/\/notinor.com\/jujuy\/?p=193209"},"modified":"2018-10-01T07:00:33","modified_gmt":"2018-10-01T10:00:33","slug":"el-vicegobernador-presente-en-los-festejos-patronales-de-yuto","status":"publish","type":"post","link":"https:\/\/notinor.com\/jujuy\/el-vicegobernador-presente-en-los-festejos-patronales-de-yuto\/","title":{"rendered":"El vicegobernador presente en los festejos patronales de Yuto"},"content":{"rendered":"<div><\/div>\n<div><a href=\"http:\/\/notinor.com\/jujuy\/el-vicegobernador-presente-en-los-festejos-patronales-de-yuto\/yuto1\/\" rel=\"attachment wp-att-193210\"><img decoding=\"async\" loading=\"lazy\" class=\"size-medium wp-image-193210 aligncenter\" src=\"http:\/\/notinor.com\/jujuy\/wp-content\/uploads\/2018\/10\/yuto1-548x365.jpg\" alt=\"\" width=\"548\" height=\"365\" srcset=\"https:\/\/notinor.com\/jujuy\/wp-content\/uploads\/2018\/10\/yuto1-548x365.jpg 548w, https:\/\/notinor.com\/jujuy\/wp-content\/uploads\/2018\/10\/yuto1-768x512.jpg 768w, https:\/\/notinor.com\/jujuy\/wp-content\/uploads\/2018\/10\/yuto1-720x480.jpg 720w, https:\/\/notinor.com\/jujuy\/wp-content\/uploads\/2018\/10\/yuto1-400x266.jpg 400w, https:\/\/notinor.com\/jujuy\/wp-content\/uploads\/2018\/10\/yuto1.jpg 1100w\" sizes=\"(max-width: 548px) 100vw, 548px\" \/><\/a><\/div>\n<div>El vicegobernador CPN Carlos Guillermo Haquim particip\u00f3 el \u00faltimo s\u00e1bado de las fiestas patronales de la localidad de Yuto, en honor a San Miguel Arc\u00e1ngel, felicitando a autoridades locales y pobladores por la celebraci\u00f3n y valorando el trabajo que realizan por el bienestar de toda la poblaci\u00f3n de ese lugar y El Bananal.<\/div>\n<div><\/div>\n<div>Adem\u00e1s de Haquim, estuvieron los diputados provinciales Dra. Lourdes Navarro e Ing. Olver Legal, los intendentes de Yuto, Alfredo Valdiviezo; de Libertador, Ing. Oscar Jayat; de Fraile Pintado, Iv\u00e1n Poncio, de Calilegua, Elsa Flores, y de El Talar, Juan Carlos Ruiz, como as\u00ed tambi\u00e9n el secretario de Asuntos Municipales de la Provincia, Diego Rotela, y el comisionado de Vinalito, Andr\u00e9s Acu\u00f1a, entre otras autoridades.<\/div>\n<div><\/div>\n<div>Luego de ser recibido por el jefe comunal Alfredo Valdiviezo y los otros intendentes, Haquim tom\u00f3 parte de la misa central que ofici\u00f3 en la parroquia de la localidad el obispo C\u00e9sar Daniel Fern\u00e1ndez, tras la cual se cumpli\u00f3 un acto protocolar en la plaza central de Yuto. Luego del mismo, se llev\u00f3 a cabo el desfile c\u00edvico, militar y gaucho, oportunidad en la que el titular del Poder Legislativo juje\u00f1o recibi\u00f3 un presente por parte del jard\u00edn de infantes \"Peque\u00f1os Agricultores\".<\/div>\n<div><\/div>\n<div>En su mensaje, el vicegobernador hizo suyas las palabras del obispo Fern\u00e1ndez de que todos los juje\u00f1os deben trabajar por un objetivo com\u00fan, dejando en segundo plano lo partidario e ideol\u00f3gico, para hacer grande a la Provincia y la localidad de Yuto, agradeciendo al intendente Valdiviezo la invitaci\u00f3n para participar de la fiesta patronal y el acompa\u00f1amiento de los dem\u00e1s intendentes de los municipios del departamento Ledesma.<\/div>\n<div><\/div>\n<div>Por su parte, Valdiviezo agradeci\u00f3 la presencia de Haquim y felicit\u00f3 a toda la comunidad por el festejo patronal, manifestando que la fe en San Miguel Arc\u00e1ngel \"nos ayudar\u00e1 a sobrellevar y superar la crisis por la que actualmente se encuentra todo el pa\u00eds, en especial a los vecinos de Yuto, que conforman una comunidad que quiere seguir creciendo\".<\/div>\n<div><\/div>\n<div>Cabe se\u00f1alar que en horas de la tarde se cumpli\u00f3 la procesi\u00f3n y en horas de la noche un festival musical con importantes artistas.<\/div>\n","protected":false},"excerpt":{"rendered":"<p>El vicegobernador CPN Carlos Guillermo Haquim particip\u00f3 el \u00faltimo s\u00e1bado de las fiestas patronales de la localidad de Yuto, en honor a San Miguel Arc\u00e1ngel, felicitando a autoridades locales y pobladores por la celebraci\u00f3n y valorando el trabajo que realizan por el bienestar de toda la poblaci\u00f3n de ese lugar y El Bananal. Adem\u00e1s de [&hellip;]<\/p>\n","protected":false},"author":1,"featured_media":193210,"comment_status":"open","ping_status":"open","sticky":false,"template":"","format":"standard","meta":{"_stopmodifiedupdate":false,"_modified_date":"","inline_featured_image":false,"spay_email":"","jetpack_publicize_message":""},"categories":[4],"tags":[],"jetpack_featured_media_url":"https:\/\/notinor.com\/jujuy\/wp-content\/uploads\/2018\/10\/yuto1.jpg","jetpack_publicize_connections":[],"_links":{"self":[{"href":"https:\/\/notinor.com\/jujuy\/wp-json\/wp\/v2\/posts\/193209"}],"collection":[{"href":"https:\/\/notinor.com\/jujuy\/wp-json\/wp\/v2\/posts"}],"about":[{"href":"https:\/\/notinor.com\/jujuy\/wp-json\/wp\/v2\/types\/post"}],"author":[{"embeddable":true,"href":"https:\/\/notinor.com\/jujuy\/wp-json\/wp\/v2\/users\/1"}],"replies":[{"embeddable":true,"href":"https:\/\/notinor.com\/jujuy\/wp-json\/wp\/v2\/comments?post=193209"}],"version-history":[{"count":2,"href":"https:\/\/notinor.com\/jujuy\/wp-json\/wp\/v2\/posts\/193209\/revisions"}],"predecessor-version":[{"id":193212,"href":"https:\/\/notinor.com\/jujuy\/wp-json\/wp\/v2\/posts\/193209\/revisions\/193212"}],"wp:featuredmedia":[{"embeddable":true,"href":"https:\/\/notinor.com\/jujuy\/wp-json\/wp\/v2\/media\/193210"}],"wp:attachment":[{"href":"https:\/\/notinor.com\/jujuy\/wp-json\/wp\/v2\/media?parent=193209"}],"wp:term":[{"taxonomy":"category","embeddable":true,"href":"https:\/\/notinor.com\/jujuy\/wp-json\/wp\/v2\/categories?post=193209"},{"taxonomy":"post_tag","embeddable":true,"href":"https:\/\/notinor.com\/jujuy\/wp-json\/wp\/v2\/tags?post=193209"}],"curies":[{"name":"wp","href":"https:\/\/api.w.org\/{rel}","templated":true}]}}