{"id":193205,"date":"2018-10-01T06:58:39","date_gmt":"2018-10-01T09:58:39","guid":{"rendered":"http:\/\/notinor.com\/jujuy\/?p=193205"},"modified":"2018-10-01T06:58:39","modified_gmt":"2018-10-01T09:58:39","slug":"comienzan-los-preparativos-del-predio-para-la-expojuy-2018","status":"publish","type":"post","link":"https:\/\/notinor.com\/jujuy\/comienzan-los-preparativos-del-predio-para-la-expojuy-2018\/","title":{"rendered":"Comienzan los preparativos del predio para la Expojuy 2018"},"content":{"rendered":"<p><a href=\"http:\/\/notinor.com\/jujuy\/comienzan-los-preparativos-del-predio-para-la-expojuy-2018\/expojuy-2018\/\" rel=\"attachment wp-att-193206\"><img decoding=\"async\" loading=\"lazy\" class=\"aligncenter wp-image-193206 size-full\" src=\"http:\/\/notinor.com\/jujuy\/wp-content\/uploads\/2018\/10\/EXPOJUY-2018.jpg\" alt=\"\" width=\"1072\" height=\"712\" srcset=\"https:\/\/notinor.com\/jujuy\/wp-content\/uploads\/2018\/10\/EXPOJUY-2018.jpg 1072w, https:\/\/notinor.com\/jujuy\/wp-content\/uploads\/2018\/10\/EXPOJUY-2018-550x365.jpg 550w, https:\/\/notinor.com\/jujuy\/wp-content\/uploads\/2018\/10\/EXPOJUY-2018-768x510.jpg 768w, https:\/\/notinor.com\/jujuy\/wp-content\/uploads\/2018\/10\/EXPOJUY-2018-723x480.jpg 723w, https:\/\/notinor.com\/jujuy\/wp-content\/uploads\/2018\/10\/EXPOJUY-2018-400x266.jpg 400w\" sizes=\"(max-width: 1072px) 100vw, 1072px\" \/><\/a><\/p>\n<p>En este sentido el directivo se\u00f1al\u00f3 que, tras la finalizaci\u00f3n del exitoso desfile de carrozas, esta semana \u201cla comisi\u00f3n organizadora de la Expojuy junto a su equipo t\u00e9cnico y con el apoyo de los ministerios del gobierno comenzar\u00e1 un trabajo intensivo sobre los preparativos de la muestra que este a\u00f1o se realizar\u00e1 con un nuevo dise\u00f1o y planificaci\u00f3n en la Ciudad Cultural\u201d, adelant\u00f3.<\/p>\n<p>\u201cVamos a tratar de mostrar al pa\u00eds y al mundo, el crecimiento que ha logrado en los \u00faltimos a\u00f1os todo el potencial productivo, agroindustrial, tur\u00edstico y cultural que posee la regi\u00f3n\u201d, remarc\u00f3.<\/p>\n<p>Para ello desde la C\u00e1mara \u201chemos realizado un dise\u00f1o moderno y organizado el predio de tal manera que todas las empresas e instituciones y organismos p\u00fablicos y privados tanto de Jujuy como de otras de la regi\u00f3n, del centro del pa\u00eds y de pa\u00edses vecinos, puedan contar con las condiciones necesarias para una buena exposici\u00f3n e intercambio, y albergar a la gran cantidad de visitantes que concurre todos los a\u00f1os durante los diez d\u00edas de la muestra\u201d, asegur\u00f3.<\/p>\n<p>Destac\u00f3 que \u201cla muestra contar\u00e1 con varios sectores importantes lo cuales se dividir\u00e1n en espacios cubiertos, descubiertos, de artesanos y micro emprendedores\u201d.<\/p>\n<p>En cuanto a la respuesta del empresariado, revel\u00f3 \u201cestamos muy contentos por el gran inter\u00e9s que ha despertado la Expojuy tanto del empresariado local como regional y de pa\u00edses vecinos como as\u00ed tambi\u00e9n de los diferentes municipios y organismos del estado que ya confirmaron su presencia\u201d, afirm\u00f3.<\/p>\n<p>Por \u00faltimo adelant\u00f3 que \u201cel p\u00fablico podr\u00e1 visitar la muestra en el horario de 17 a 23 hs de martes a jueves, los viernes de 17 a 24 horas, mientras que los s\u00e1bados, domingos y feriado ser\u00e1 de 16 a 24hs\u201d. Asimismo que \u201cla muestra abrir\u00e1 sus puertas el jueves 12 de octubre a horas 17:00 y el acto oficial de inauguraci\u00f3n con la presencia de autoridades provinciales y nacionales est\u00e1 previsto para el s\u00e1bado 13 a horas 18:00\u201d, finaliz\u00f3.<\/p>\n","protected":false},"excerpt":{"rendered":"<p>En este sentido el directivo se\u00f1al\u00f3 que, tras la finalizaci\u00f3n del exitoso desfile de carrozas, esta semana \u201cla comisi\u00f3n organizadora de la Expojuy junto a su equipo t\u00e9cnico y con el apoyo de los ministerios del gobierno comenzar\u00e1 un trabajo intensivo sobre los preparativos de la muestra que este a\u00f1o se realizar\u00e1 con un nuevo [&hellip;]<\/p>\n","protected":false},"author":1,"featured_media":193206,"comment_status":"open","ping_status":"open","sticky":false,"template":"","format":"standard","meta":{"_stopmodifiedupdate":false,"_modified_date":"","inline_featured_image":false,"spay_email":"","jetpack_publicize_message":""},"categories":[514],"tags":[],"jetpack_featured_media_url":"https:\/\/notinor.com\/jujuy\/wp-content\/uploads\/2018\/10\/EXPOJUY-2018.jpg","jetpack_publicize_connections":[],"_links":{"self":[{"href":"https:\/\/notinor.com\/jujuy\/wp-json\/wp\/v2\/posts\/193205"}],"collection":[{"href":"https:\/\/notinor.com\/jujuy\/wp-json\/wp\/v2\/posts"}],"about":[{"href":"https:\/\/notinor.com\/jujuy\/wp-json\/wp\/v2\/types\/post"}],"author":[{"embeddable":true,"href":"https:\/\/notinor.com\/jujuy\/wp-json\/wp\/v2\/users\/1"}],"replies":[{"embeddable":true,"href":"https:\/\/notinor.com\/jujuy\/wp-json\/wp\/v2\/comments?post=193205"}],"version-history":[{"count":2,"href":"https:\/\/notinor.com\/jujuy\/wp-json\/wp\/v2\/posts\/193205\/revisions"}],"predecessor-version":[{"id":193208,"href":"https:\/\/notinor.com\/jujuy\/wp-json\/wp\/v2\/posts\/193205\/revisions\/193208"}],"wp:featuredmedia":[{"embeddable":true,"href":"https:\/\/notinor.com\/jujuy\/wp-json\/wp\/v2\/media\/193206"}],"wp:attachment":[{"href":"https:\/\/notinor.com\/jujuy\/wp-json\/wp\/v2\/media?parent=193205"}],"wp:term":[{"taxonomy":"category","embeddable":true,"href":"https:\/\/notinor.com\/jujuy\/wp-json\/wp\/v2\/categories?post=193205"},{"taxonomy":"post_tag","embeddable":true,"href":"https:\/\/notinor.com\/jujuy\/wp-json\/wp\/v2\/tags?post=193205"}],"curies":[{"name":"wp","href":"https:\/\/api.w.org\/{rel}","templated":true}]}}