{"id":193199,"date":"2018-10-01T05:47:18","date_gmt":"2018-10-01T08:47:18","guid":{"rendered":"http:\/\/notinor.com\/jujuy\/?p=193199"},"modified":"2018-10-01T06:50:49","modified_gmt":"2018-10-01T09:50:49","slug":"el-defensor-del-pueblo-aclaro-que-no-habra-quita-de-pensiones-por-discapacidad","status":"publish","type":"post","link":"https:\/\/notinor.com\/jujuy\/el-defensor-del-pueblo-aclaro-que-no-habra-quita-de-pensiones-por-discapacidad\/","title":{"rendered":"El Defensor del pueblo aclar\u00f3 que no habr\u00e1 quita de pensiones por discapacidad"},"content":{"rendered":"<p style=\"font-weight: 400;\"><a href=\"http:\/\/notinor.com\/jujuy\/defensoria-del-pueblo-mulqui-nos-aseguro-que-el-servicio-se-restableceria-la-semana-proxima\/javier-de-bedia-defensor-del-pueblo\/\" rel=\"attachment wp-att-135264\"><img decoding=\"async\" loading=\"lazy\" class=\"aligncenter wp-image-135264 size-full\" src=\"http:\/\/notinor.com\/jujuy\/wp-content\/uploads\/2017\/09\/javier-de-bedia-defensor-del-pueblo.jpg\" alt=\"\" width=\"1200\" height=\"800\" srcset=\"https:\/\/notinor.com\/jujuy\/wp-content\/uploads\/2017\/09\/javier-de-bedia-defensor-del-pueblo.jpg 1200w, https:\/\/notinor.com\/jujuy\/wp-content\/uploads\/2017\/09\/javier-de-bedia-defensor-del-pueblo-300x200.jpg 300w, https:\/\/notinor.com\/jujuy\/wp-content\/uploads\/2017\/09\/javier-de-bedia-defensor-del-pueblo-800x533.jpg 800w\" sizes=\"(max-width: 1200px) 100vw, 1200px\" \/><\/a><\/p>\n<p style=\"font-weight: 400;\">\"No se van a suspender las pensiones por discapacidad\", asegur\u00f3 el ombudsman juje\u00f1o al explicar que esa noticia fue confirmada por las propias autoridades de la ANSES a nivel central, en respuesta a una requisitoria de la Defensor\u00eda. Refiri\u00f3 que desde el organismo nacional le indicaron que se va a iniciar un proceso de revisi\u00f3n del sistema de otorgamiento del beneficio.<\/p>\n<p style=\"font-weight: 400;\">\"Desde la ANSES nos comunicaron que se har\u00e1 una exhaustiva evaluaci\u00f3n del sistema a fin de evitar las certificaciones dudosas y que para ello se les cursar\u00e1 una invitaci\u00f3n a los beneficiarios con un plazo de d\u00edas para que presenten los requisitos correspondientes\", apunt\u00f3. Al mismo tiempo, aclar\u00f3 que cumplido el plazo\u00a0 establecido y de no presentar la documentaci\u00f3n exigida,\u00a0 reci\u00e9n all\u00ed\u00a0 el beneficio ser\u00e1 suprimido.<\/p>\n<p style=\"font-weight: 400;\">\"Se trata de un control para ver verdaderamente qui\u00e9nes est\u00e1n habilitados para recibir el beneficio\", puntualiz\u00f3 y volvi\u00f3 a insistir que lo informado por la ANSES no dejaba lugar a dudas, aunque reconoci\u00f3 que el bolet\u00edn del gobierno informando sobre la medida se present\u00f3 confuso, generando malestar y preocupaci\u00f3n en la poblaci\u00f3n que recibe la ayuda.<\/p>\n<p style=\"font-weight: 400;\">Por \u00faltimo de Bedia remarc\u00f3 que la resoluci\u00f3n que caus\u00f3 la pol\u00e9mica apunta a la realizaci\u00f3n de un relevamiento de datos y que la premisa es efectuar una certificaci\u00f3n de las pensiones por discapacidad.<\/p>\n","protected":false},"excerpt":{"rendered":"<p>\"No se van a suspender las pensiones por discapacidad\", asegur\u00f3 el ombudsman juje\u00f1o al explicar que esa noticia fue confirmada por las propias autoridades de la ANSES a nivel central, en respuesta a una requisitoria de la Defensor\u00eda. Refiri\u00f3 que desde el organismo nacional le indicaron que se va a iniciar un proceso de revisi\u00f3n [&hellip;]<\/p>\n","protected":false},"author":1,"featured_media":133749,"comment_status":"open","ping_status":"open","sticky":false,"template":"","format":"standard","meta":{"_stopmodifiedupdate":false,"_modified_date":"","inline_featured_image":false,"spay_email":"","jetpack_publicize_message":""},"categories":[2],"tags":[],"jetpack_featured_media_url":"https:\/\/notinor.com\/jujuy\/wp-content\/uploads\/2017\/09\/discapacidad.jpg","jetpack_publicize_connections":[],"_links":{"self":[{"href":"https:\/\/notinor.com\/jujuy\/wp-json\/wp\/v2\/posts\/193199"}],"collection":[{"href":"https:\/\/notinor.com\/jujuy\/wp-json\/wp\/v2\/posts"}],"about":[{"href":"https:\/\/notinor.com\/jujuy\/wp-json\/wp\/v2\/types\/post"}],"author":[{"embeddable":true,"href":"https:\/\/notinor.com\/jujuy\/wp-json\/wp\/v2\/users\/1"}],"replies":[{"embeddable":true,"href":"https:\/\/notinor.com\/jujuy\/wp-json\/wp\/v2\/comments?post=193199"}],"version-history":[{"count":2,"href":"https:\/\/notinor.com\/jujuy\/wp-json\/wp\/v2\/posts\/193199\/revisions"}],"predecessor-version":[{"id":193201,"href":"https:\/\/notinor.com\/jujuy\/wp-json\/wp\/v2\/posts\/193199\/revisions\/193201"}],"wp:featuredmedia":[{"embeddable":true,"href":"https:\/\/notinor.com\/jujuy\/wp-json\/wp\/v2\/media\/133749"}],"wp:attachment":[{"href":"https:\/\/notinor.com\/jujuy\/wp-json\/wp\/v2\/media?parent=193199"}],"wp:term":[{"taxonomy":"category","embeddable":true,"href":"https:\/\/notinor.com\/jujuy\/wp-json\/wp\/v2\/categories?post=193199"},{"taxonomy":"post_tag","embeddable":true,"href":"https:\/\/notinor.com\/jujuy\/wp-json\/wp\/v2\/tags?post=193199"}],"curies":[{"name":"wp","href":"https:\/\/api.w.org\/{rel}","templated":true}]}}