{"id":193195,"date":"2018-10-01T05:43:06","date_gmt":"2018-10-01T08:43:06","guid":{"rendered":"http:\/\/notinor.com\/jujuy\/?p=193195"},"modified":"2018-10-01T06:45:32","modified_gmt":"2018-10-01T09:45:32","slug":"jujuy-el-la-feria-internacional-de-turismo-en-buenos-aires","status":"publish","type":"post","link":"https:\/\/notinor.com\/jujuy\/jujuy-el-la-feria-internacional-de-turismo-en-buenos-aires\/","title":{"rendered":"Jujuy el la Feria Internacional de Turismo en Buenos Aires"},"content":{"rendered":"<div class=\"container-inner\">\n<div class=\"row\">\n<div class=\"span12\">\n<div class=\"post-header\"><\/div>\n<\/div>\n<\/div>\n<\/div>\n<div class=\"post-content\">\n<figure id=\"attachment_44269\" class=\"wp-caption aligncenter\"><img decoding=\"async\" loading=\"lazy\" class=\"size-full wp-image-44269\" src=\"http:\/\/prensa.jujuy.gob.ar\/wp-content\/uploads\/sites\/37\/2018\/09\/1.jpeg\" sizes=\"(max-width: 817px) 100vw, 817px\" srcset=\"http:\/\/prensa.jujuy.gob.ar\/wp-content\/uploads\/sites\/37\/2018\/09\/1.jpeg 817w, http:\/\/prensa.jujuy.gob.ar\/wp-content\/uploads\/sites\/37\/2018\/09\/1-300x144.jpeg 300w, http:\/\/prensa.jujuy.gob.ar\/wp-content\/uploads\/sites\/37\/2018\/09\/1-768x368.jpeg 768w, http:\/\/prensa.jujuy.gob.ar\/wp-content\/uploads\/sites\/37\/2018\/09\/1-600x287.jpeg 600w, http:\/\/prensa.jujuy.gob.ar\/wp-content\/uploads\/sites\/37\/2018\/09\/1-480x230.jpeg 480w\" alt=\"Ministro Posadas en stand de Jujuy.\" width=\"817\" height=\"391\" \/><figcaption class=\"wp-caption-text\">Ministro Posadas en stand de Jujuy.<\/figcaption><\/figure>\n<p>El Ministro de Cultura y Turismo, Federico Posadas, en referencia al inicio de la FIT 2018 y la presencia de Jujuy en la misma, indic\u00f3 que se arranc\u00f3 con m\u00e1s de 30 empresarios, con 15 municipios representados, y que en el stand provincial se cont\u00f3 con vinos juje\u00f1os, con gastronom\u00eda y cervezas artesanales.<\/p>\n<p>Adem\u00e1s, el funcionario provincial coment\u00f3 que en el marco de la realizaci\u00f3n de dicho evento se procedi\u00f3 a la entrega de los certificados de los dos destinos que van a representar a Jujuy en la elecci\u00f3n de las 7 maravillas naturales de Argentina. Cabe mencionar que son las Serran\u00edas del Hornocal y las Salinas Grandes los paisajes juje\u00f1os en dicha elecci\u00f3n.<\/p>\n<p>Posadas explic\u00f3 que las dimensiones del stand de Jujuy se duplicaron en relaci\u00f3n a a\u00f1os anteriores. \u201cEstamos con mucha visibilidad en uno de los encuentros m\u00e1s importantes del turismo en todo el a\u00f1o\u201d, destac\u00f3 el titular de la cartera de Cultura y Turismo.<\/p>\n<p>Sobre la FIT<\/p>\n<p>Del\u00a029 de septiembre al 2 de octubre\u00a0se realiza la 23\u00b0 edici\u00f3n de la\u00a0Feria Internacional de Turismo (FIT)\u00a0m\u00e1s importante de Am\u00e9rica Latina, que\u00a0se hace en el predio ferial de Palermo y que re\u00fane a todo el turismo, la innovaci\u00f3n y la tecnolog\u00eda en un solo lugar.<\/p>\n<p>La Feria Internacional de Turismo recibe miles de visitantes que disfrutar\u00e1n de las mejores opciones tur\u00edsticas, renovados destinos, shows, degustaciones y atracciones especiales, con la presencia de las\u00a024 provincias argentinas y 49 pa\u00edses\u00a0(este a\u00f1o se incorporan Grecia y Portugal) en 34.625 metros cuadrados\u00a0totales disponibles, adem\u00e1s de tour operadores, hoteles, aerol\u00edneas, y empresas del sector.<\/p>\n<\/div>\n","protected":false},"excerpt":{"rendered":"<p>Ministro Posadas en stand de Jujuy. El Ministro de Cultura y Turismo, Federico Posadas, en referencia al inicio de la FIT 2018 y la presencia de Jujuy en la misma, indic\u00f3 que se arranc\u00f3 con m\u00e1s de 30 empresarios, con 15 municipios representados, y que en el stand provincial se cont\u00f3 con vinos juje\u00f1os, con [&hellip;]<\/p>\n","protected":false},"author":1,"featured_media":193197,"comment_status":"open","ping_status":"open","sticky":false,"template":"","format":"standard","meta":{"_stopmodifiedupdate":false,"_modified_date":"","inline_featured_image":false,"spay_email":"","jetpack_publicize_message":""},"categories":[2,5],"tags":[],"jetpack_featured_media_url":"https:\/\/notinor.com\/jujuy\/wp-content\/uploads\/2018\/10\/fit-turismo.jpeg","jetpack_publicize_connections":[],"_links":{"self":[{"href":"https:\/\/notinor.com\/jujuy\/wp-json\/wp\/v2\/posts\/193195"}],"collection":[{"href":"https:\/\/notinor.com\/jujuy\/wp-json\/wp\/v2\/posts"}],"about":[{"href":"https:\/\/notinor.com\/jujuy\/wp-json\/wp\/v2\/types\/post"}],"author":[{"embeddable":true,"href":"https:\/\/notinor.com\/jujuy\/wp-json\/wp\/v2\/users\/1"}],"replies":[{"embeddable":true,"href":"https:\/\/notinor.com\/jujuy\/wp-json\/wp\/v2\/comments?post=193195"}],"version-history":[{"count":2,"href":"https:\/\/notinor.com\/jujuy\/wp-json\/wp\/v2\/posts\/193195\/revisions"}],"predecessor-version":[{"id":193198,"href":"https:\/\/notinor.com\/jujuy\/wp-json\/wp\/v2\/posts\/193195\/revisions\/193198"}],"wp:featuredmedia":[{"embeddable":true,"href":"https:\/\/notinor.com\/jujuy\/wp-json\/wp\/v2\/media\/193197"}],"wp:attachment":[{"href":"https:\/\/notinor.com\/jujuy\/wp-json\/wp\/v2\/media?parent=193195"}],"wp:term":[{"taxonomy":"category","embeddable":true,"href":"https:\/\/notinor.com\/jujuy\/wp-json\/wp\/v2\/categories?post=193195"},{"taxonomy":"post_tag","embeddable":true,"href":"https:\/\/notinor.com\/jujuy\/wp-json\/wp\/v2\/tags?post=193195"}],"curies":[{"name":"wp","href":"https:\/\/api.w.org\/{rel}","templated":true}]}}