{"id":193188,"date":"2018-10-01T06:34:35","date_gmt":"2018-10-01T09:34:35","guid":{"rendered":"http:\/\/notinor.com\/jujuy\/?p=193188"},"modified":"2018-10-01T06:34:35","modified_gmt":"2018-10-01T09:34:35","slug":"nueva-era-en-la-corte-suprema-carlos-rosenkrantz-asume-la-presidencia","status":"publish","type":"post","link":"https:\/\/notinor.com\/jujuy\/nueva-era-en-la-corte-suprema-carlos-rosenkrantz-asume-la-presidencia\/","title":{"rendered":"Nueva era en la Corte Suprema: Carlos Rosenkrantz asume la presidencia"},"content":{"rendered":"<p style=\"text-align: center;\"><a href=\"http:\/\/notinor.com\/jujuy\/nueva-era-en-la-corte-suprema-carlos-rosenkrantz-asume-la-presidencia\/un-hombre-de-macri-a-la-cabeza-de-la-corte-suprema-de-justicia-364843\/\" rel=\"attachment wp-att-193189\"><img decoding=\"async\" loading=\"lazy\" class=\"alignnone size-medium wp-image-193189\" src=\"http:\/\/notinor.com\/jujuy\/wp-content\/uploads\/2018\/10\/un-hombre-de-macri-a-la-cabeza-de-la-corte-suprema-de-justicia-364843-650x365.jpg\" alt=\"\" width=\"650\" height=\"365\" srcset=\"https:\/\/notinor.com\/jujuy\/wp-content\/uploads\/2018\/10\/un-hombre-de-macri-a-la-cabeza-de-la-corte-suprema-de-justicia-364843-650x365.jpg 650w, https:\/\/notinor.com\/jujuy\/wp-content\/uploads\/2018\/10\/un-hombre-de-macri-a-la-cabeza-de-la-corte-suprema-de-justicia-364843-500x280.jpg 500w, https:\/\/notinor.com\/jujuy\/wp-content\/uploads\/2018\/10\/un-hombre-de-macri-a-la-cabeza-de-la-corte-suprema-de-justicia-364843-768x432.jpg 768w, https:\/\/notinor.com\/jujuy\/wp-content\/uploads\/2018\/10\/un-hombre-de-macri-a-la-cabeza-de-la-corte-suprema-de-justicia-364843.jpg 840w\" sizes=\"(max-width: 650px) 100vw, 650px\" \/><\/a><\/p>\n<p>El saludo que reciban en la puerta a sus respectivas llegadas al Palacio de Tribunales Carlos Rosenkrantz y Ricardo Lorenzetti marcar\u00e1 el primer cambio que a partir de este lunes 1\u00ba de octubre se vivir\u00e1 all\u00ed. A Rosenkrantz lo saludar\u00e1n como lo que es: el nuevo Presidente de la Corte, y a Lorenzetti, como lo que volvi\u00f3 a ser, uno de los Ministros que componen el m\u00e1ximo tribunal.<\/p>\n<p>\u201cLorenzetti perdi\u00f3 la Majestad de la Corte\u201d, ejemplificaron fuentes del edificio de la calle Talcahuano para resumir lo que pasar\u00e1 all\u00ed a partir del cambio de autoridades que se vot\u00f3 el 11 de septiembre y que puso fin, casualmente, a 11 de a\u00f1os del rafaelino como titular del tribunal. La expresi\u00f3n no es casual.<\/p>\n<p>La Corte tiene un fuerte protocolo que se plasma desde saludos hasta las posiciones en las im\u00e1genes o audiencias,\u00a0lo cual graficar\u00e1 un cambio que se ver\u00e1, sobre todo, en el manejo del Supremo Tribunal. \u201cEl gran desaf\u00edo a partir de ahora es, como pas\u00f3 en el Ejecutivo, que opci\u00f3n se tomar\u00e1: gradualismo o shock. Pero el paralelismo ser\u00e1 el desaf\u00edo\u201d, resumieron para mostrar los escenarios que se abren en la cabeza del Poder Judicial.<\/p>\n<p>Esos cambios ser\u00e1n los que comiencen a dejar plasmados el cambio de mandos en una estructura en la que, desde que se concret\u00f3 la votaci\u00f3n en la que se decidi\u00f3 la elecci\u00f3n de Rosenkrantz, se habla del pase de una Corte \u201cpresidencialista\u201d a una \u201cparlamentarista\u201d.<\/p>\n<p>Qui\u00e9n es Carlos Rosenkrantz, el juez que reemplazar\u00e1 a Ricardo Lorenzetti<\/p>\n<p>Seg\u00fan pudo saber PERFIL, en el ambiente del Palacio hay tensi\u00f3n por saber c\u00f3mo seguir\u00e1 su camino como ministro Lorenzetti, pero tambi\u00e9n mucha expectativa por lo que traer\u00e1 Rosenkrantz. Quienes conocen de cerca los movimientos del cuarto piso del Palacio -donde est\u00e1n los despachos de los cinco cortesanos- se muestran optimistas y expectantes.<\/p>\n<p>Conf\u00edan en los nuevos aires y creen que ahora, a diferencia de la gesti\u00f3n anterior, habr\u00e1 m\u00e1s horizontalidad. En detrimento de la verticalidad que, relatan, se impuso durante la etapa de Lorenzetti como presidente. Gran parte de las especulaciones, tanto adentro del edificio como afuera, est\u00e1n puestas en c\u00f3mo seguir\u00e1 la administraci\u00f3n de la Corte, hoy en manos de H\u00e9ctor Marchi, hombre del entorno cercano de Lorenzetti. Se trata de una de las \u00e1reas que m\u00e1s dudas despierta y suma tensiones al interior de un ambiente ya tensionado.<\/p>\n<p>La asunci\u00f3n de Rosenkrantz y los gestos de un cambio en marcha \u201cLos actos administrativos formales ya est\u00e1n cumplidos: primero la acordada con el anuncio y luego la publicaci\u00f3n de la designaci\u00f3n en el Bolet\u00edn Oficial\u201d, explicaron desde el tribunal para detallar c\u00f3mo ser\u00e1 todo a partir de este lunes respecto de la asunci\u00f3n de Rosenkrantz.<\/p>\n<p>\u201cEl show no est\u00e1 previsto\u201d, agregaron para despejar dudas sobre un posible acto y agregaron que no es algo que se acostumbre a hacer y que tampoco lo hubo en ocasiones anteriores. El primer discurso de Rosenkrantz est\u00e1 previsto que sea en el encuentro del J-20 -la cita que convoca a juristas que acompa\u00f1a al G-20-. Eso ser\u00e1 el pr\u00f3ximo 10 de octubre y all\u00ed, el nuevo presidente ocupar\u00e1 la foto con sus pares de distintas partes del mundo. El de las im\u00e1genes no es un tema menor.<\/p>\n<p>En cada foto que haya de ahora en m\u00e1s de los cinco ministros del m\u00e1ximo tribunal, Rosenkrantz estar\u00e1 ubicado en el medio. Lo mismo cuando haya visitas al Palacio. En tanto que Lorenzetti quedar\u00e1 en una de las puntas y en la otra, Rosatti. Se trata del protocolo que ubica al Presidente en el centro, a \u00e9l o la vice presidente, en este caso Elena Highton de Nolasco a un costado, y al miembro m\u00e1s antiguo al otro. Los restantes, en los dos extremos.<\/p>\n<p>En la Corte conf\u00edan en los nuevos aires y creen que ahora, a diferencia de la gesti\u00f3n anterior, habr\u00e1 m\u00e1s horizontalidad.<\/p>\n<p>Lo mismo suceder\u00e1 a la hora de sentarse en las audiencias y en las acordadas. En el caso de la audiencia p\u00fablica por Farmacity, de la que Rosenkrantz se excus\u00f3 de participar, el lugar de la presidencia ser\u00e1 ocupado por Elena Highton de Nolasco y, Lorenzetti quedar\u00e1 a un costado. Al igual que Juan Carlos Maqueda, porque Horacio Rosatti tampoco participar\u00e1 del c\u00f3nclave. Resoluciones por firmar En los \u00faltimos d\u00edas trascendieron algunas versiones que daban cuenta de potenciales conflictos por dos resoluciones que quedaron sin firmar antes de la salida de Lorenzetti.<\/p>\n<p>Seg\u00fan pudo saber PERFIL, se trata de dos listados que tienen que ver con personal que lleva m\u00e1s de cuatro a\u00f1os trabajando all\u00ed y que deben ser efictivizados. Se trata de un tipo de firma que se hace habitualmente para esta \u00e9poca del a\u00f1o. Y mientras que el jueves pasado -\u00faltimo encuentro en el que Lorenzetti fue presidente- se firm\u00f3 una vinculada a gente que trabaja en dependencias del interior del pa\u00eds, a la hora de firmar otras dos surgieron dudas que motivaron que se ordene la revisi\u00f3n de los listados.<\/p>\n<p>Fue luego de que se encontraran datos de personas sobre los que hab\u00eda duda respecto de si contaban con los cuatro a\u00f1os exigidos para pasar a ser personal permanente. Por eso se pidi\u00f3 el chequeo de los datos para comprobar que no existieran irregularidades. \u201cNo es que no se van a firmar esas listas, se va a hacer, pero una vez que se hayan repasados los casos\u201d, aseguraron a este medio\u00a0desde el m\u00e1ximo tribunal.<\/p>\n<p>Quiz\u00e1 como una primera muestra del cambio de \u00e9poca es que en los listados que quedaron a la espera de revisi\u00f3n y firma hay nombres como los de Reynaldo Rota, secretario de Lorenzetti, o Magal\u00ed Mazzuca, esposa de Ariel Lijo. Ambos tienen los a\u00f1os requeridos, pero sus efectivizaciones quedaron pendientes hasta tanto se hayan chequeado los datos de todos quienes figuran junto a ellos en las listas.<\/p>\n","protected":false},"excerpt":{"rendered":"<p>El saludo que reciban en la puerta a sus respectivas llegadas al Palacio de Tribunales Carlos Rosenkrantz y Ricardo Lorenzetti marcar\u00e1 el primer cambio que a partir de este lunes 1\u00ba de octubre se vivir\u00e1 all\u00ed. A Rosenkrantz lo saludar\u00e1n como lo que es: el nuevo Presidente de la Corte, y a Lorenzetti, como lo [&hellip;]<\/p>\n","protected":false},"author":1,"featured_media":193189,"comment_status":"open","ping_status":"open","sticky":false,"template":"","format":"standard","meta":{"_stopmodifiedupdate":false,"_modified_date":"","inline_featured_image":false,"spay_email":"","jetpack_publicize_message":""},"categories":[5],"tags":[],"jetpack_featured_media_url":"https:\/\/notinor.com\/jujuy\/wp-content\/uploads\/2018\/10\/un-hombre-de-macri-a-la-cabeza-de-la-corte-suprema-de-justicia-364843.jpg","jetpack_publicize_connections":[],"_links":{"self":[{"href":"https:\/\/notinor.com\/jujuy\/wp-json\/wp\/v2\/posts\/193188"}],"collection":[{"href":"https:\/\/notinor.com\/jujuy\/wp-json\/wp\/v2\/posts"}],"about":[{"href":"https:\/\/notinor.com\/jujuy\/wp-json\/wp\/v2\/types\/post"}],"author":[{"embeddable":true,"href":"https:\/\/notinor.com\/jujuy\/wp-json\/wp\/v2\/users\/1"}],"replies":[{"embeddable":true,"href":"https:\/\/notinor.com\/jujuy\/wp-json\/wp\/v2\/comments?post=193188"}],"version-history":[{"count":2,"href":"https:\/\/notinor.com\/jujuy\/wp-json\/wp\/v2\/posts\/193188\/revisions"}],"predecessor-version":[{"id":193191,"href":"https:\/\/notinor.com\/jujuy\/wp-json\/wp\/v2\/posts\/193188\/revisions\/193191"}],"wp:featuredmedia":[{"embeddable":true,"href":"https:\/\/notinor.com\/jujuy\/wp-json\/wp\/v2\/media\/193189"}],"wp:attachment":[{"href":"https:\/\/notinor.com\/jujuy\/wp-json\/wp\/v2\/media?parent=193188"}],"wp:term":[{"taxonomy":"category","embeddable":true,"href":"https:\/\/notinor.com\/jujuy\/wp-json\/wp\/v2\/categories?post=193188"},{"taxonomy":"post_tag","embeddable":true,"href":"https:\/\/notinor.com\/jujuy\/wp-json\/wp\/v2\/tags?post=193188"}],"curies":[{"name":"wp","href":"https:\/\/api.w.org\/{rel}","templated":true}]}}