{"id":193184,"date":"2018-10-01T06:30:44","date_gmt":"2018-10-01T09:30:44","guid":{"rendered":"http:\/\/notinor.com\/jujuy\/?p=193184"},"modified":"2018-10-01T06:30:44","modified_gmt":"2018-10-01T09:30:44","slug":"menem-vaticino-que-la-alternativa-de-massa-y-urtubey-va-a-ganar-las-presidenciales","status":"publish","type":"post","link":"https:\/\/notinor.com\/jujuy\/menem-vaticino-que-la-alternativa-de-massa-y-urtubey-va-a-ganar-las-presidenciales\/","title":{"rendered":"Menem vaticin\u00f3 que la \"Alternativa\" de Massa y Urtubey va a ganar las presidenciales"},"content":{"rendered":"<p style=\"text-align: center;\"><a href=\"http:\/\/notinor.com\/jujuy\/menem-vaticino-que-la-alternativa-de-massa-y-urtubey-va-a-ganar-las-presidenciales\/carlosmenem-368740\/\" rel=\"attachment wp-att-193185\"><img decoding=\"async\" loading=\"lazy\" class=\"alignnone size-medium wp-image-193185\" src=\"http:\/\/notinor.com\/jujuy\/wp-content\/uploads\/2018\/10\/carlosmenem-368740-650x365.jpg\" alt=\"\" width=\"650\" height=\"365\" srcset=\"https:\/\/notinor.com\/jujuy\/wp-content\/uploads\/2018\/10\/carlosmenem-368740-650x365.jpg 650w, https:\/\/notinor.com\/jujuy\/wp-content\/uploads\/2018\/10\/carlosmenem-368740-500x280.jpg 500w, https:\/\/notinor.com\/jujuy\/wp-content\/uploads\/2018\/10\/carlosmenem-368740-768x432.jpg 768w, https:\/\/notinor.com\/jujuy\/wp-content\/uploads\/2018\/10\/carlosmenem-368740.jpg 840w\" sizes=\"(max-width: 650px) 100vw, 650px\" \/><\/a><\/p>\n<p>Carlos Menem augur\u00f3 este domingo que Alternativa Argentina \u2014el espacio pol\u00edtico creado por el gobernador de Salta, Juan Manuel Urtubey, y el l\u00edder del Frente Renovador, Sergio Massa, entre otros\u2014 \"va a ganar\" las pr\u00f3ximas elecciones presidenciales de 2019.<\/p>\n<p>En di\u00e1logo con Radio 10, el expresidente reconoci\u00f3 que \"siempre el peronismo tuvo problemas\", pero que cuando llega el momento de los comicios \"se unen todos\". De esta manera, el riojano dio un espaldarazo al encuentro que la semana pasada celebraron Urtubey y Massa con el gobernador de C\u00f3rdoba, Juan Schiaretti, y al jefe del bloque Justicialista en el Senado, Miguel \u00c1ngel Pichetto.<\/p>\n<p>\"Con esos nombres creo que vamos a hacer una excelente campa\u00f1a y que vamos a ganar las primarias y las presidenciales. Esos cuatro son excelentes as\u00ed que el candidato lo va a decidir la gente\", opin\u00f3 Menem. De tormas, el exmandatario se\u00f1al\u00f3 que el postulante principal deber\u00eda ser Pichetto.<\/p>\n<p>En cuanto a Marcelo Tinelli, a quien algunos ven como cercano a este frente, el dirigente justicialista fue menos elogioso: \"Tiene toda la libertad habida y por haber para presentarse, aunque, honestamente, no lo votar\u00eda\".<\/p>\n<p>El ahora senador nacional por La Rioja afirm\u00f3\u00a0que su gesti\u00f3n no tiene \"absolutamente nada que ver\" con la actual administraci\u00f3n de Mauricio Macri. \"Estamos mal. Espero que pronto mejoremos y podamos salir de esta dif\u00edcil situaci\u00f3n. El pueblo argentino merece un bienestar no enorme pero que le d\u00e9 la posibilidad de crecer a trav\u00e9s de lo que hace el gobierno\", agreg\u00f3 Menem.<\/p>\n","protected":false},"excerpt":{"rendered":"<p>Carlos Menem augur\u00f3 este domingo que Alternativa Argentina \u2014el espacio pol\u00edtico creado por el gobernador de Salta, Juan Manuel Urtubey, y el l\u00edder del Frente Renovador, Sergio Massa, entre otros\u2014 \"va a ganar\" las pr\u00f3ximas elecciones presidenciales de 2019. En di\u00e1logo con Radio 10, el expresidente reconoci\u00f3 que \"siempre el peronismo tuvo problemas\", pero que [&hellip;]<\/p>\n","protected":false},"author":1,"featured_media":193185,"comment_status":"open","ping_status":"open","sticky":false,"template":"","format":"standard","meta":{"_stopmodifiedupdate":false,"_modified_date":"","inline_featured_image":false,"spay_email":"","jetpack_publicize_message":""},"categories":[5],"tags":[],"jetpack_featured_media_url":"https:\/\/notinor.com\/jujuy\/wp-content\/uploads\/2018\/10\/carlosmenem-368740.jpg","jetpack_publicize_connections":[],"_links":{"self":[{"href":"https:\/\/notinor.com\/jujuy\/wp-json\/wp\/v2\/posts\/193184"}],"collection":[{"href":"https:\/\/notinor.com\/jujuy\/wp-json\/wp\/v2\/posts"}],"about":[{"href":"https:\/\/notinor.com\/jujuy\/wp-json\/wp\/v2\/types\/post"}],"author":[{"embeddable":true,"href":"https:\/\/notinor.com\/jujuy\/wp-json\/wp\/v2\/users\/1"}],"replies":[{"embeddable":true,"href":"https:\/\/notinor.com\/jujuy\/wp-json\/wp\/v2\/comments?post=193184"}],"version-history":[{"count":2,"href":"https:\/\/notinor.com\/jujuy\/wp-json\/wp\/v2\/posts\/193184\/revisions"}],"predecessor-version":[{"id":193187,"href":"https:\/\/notinor.com\/jujuy\/wp-json\/wp\/v2\/posts\/193184\/revisions\/193187"}],"wp:featuredmedia":[{"embeddable":true,"href":"https:\/\/notinor.com\/jujuy\/wp-json\/wp\/v2\/media\/193185"}],"wp:attachment":[{"href":"https:\/\/notinor.com\/jujuy\/wp-json\/wp\/v2\/media?parent=193184"}],"wp:term":[{"taxonomy":"category","embeddable":true,"href":"https:\/\/notinor.com\/jujuy\/wp-json\/wp\/v2\/categories?post=193184"},{"taxonomy":"post_tag","embeddable":true,"href":"https:\/\/notinor.com\/jujuy\/wp-json\/wp\/v2\/tags?post=193184"}],"curies":[{"name":"wp","href":"https:\/\/api.w.org\/{rel}","templated":true}]}}