{"id":193180,"date":"2018-10-01T06:28:25","date_gmt":"2018-10-01T09:28:25","guid":{"rendered":"http:\/\/notinor.com\/jujuy\/?p=193180"},"modified":"2018-10-01T06:28:25","modified_gmt":"2018-10-01T09:28:25","slug":"jorge-triaca-hay-un-sector-de-la-economia-que-esta-creciendo","status":"publish","type":"post","link":"https:\/\/notinor.com\/jujuy\/jorge-triaca-hay-un-sector-de-la-economia-que-esta-creciendo\/","title":{"rendered":"Jorge Triaca: \"Hay un sector de la econom\u00eda que est\u00e1 creciendo\""},"content":{"rendered":"<p style=\"text-align: center;\"><a href=\"http:\/\/notinor.com\/jujuy\/jorge-triaca-hay-un-sector-de-la-economia-que-esta-creciendo\/jorgetriaca-368737\/\" rel=\"attachment wp-att-193181\"><img decoding=\"async\" loading=\"lazy\" class=\"alignnone size-medium wp-image-193181\" src=\"http:\/\/notinor.com\/jujuy\/wp-content\/uploads\/2018\/10\/jorgetriaca-368737-650x365.jpg\" alt=\"\" width=\"650\" height=\"365\" srcset=\"https:\/\/notinor.com\/jujuy\/wp-content\/uploads\/2018\/10\/jorgetriaca-368737-650x365.jpg 650w, https:\/\/notinor.com\/jujuy\/wp-content\/uploads\/2018\/10\/jorgetriaca-368737-500x280.jpg 500w, https:\/\/notinor.com\/jujuy\/wp-content\/uploads\/2018\/10\/jorgetriaca-368737-768x432.jpg 768w, https:\/\/notinor.com\/jujuy\/wp-content\/uploads\/2018\/10\/jorgetriaca-368737.jpg 840w\" sizes=\"(max-width: 650px) 100vw, 650px\" \/><\/a><\/p>\n<p>El secretario de Trabajo de la Naci\u00f3n, Jorge Triaca, admiti\u00f3 este domingo que hay un \"clima adverso\" pero pidi\u00f3 que se mire que \"hay un sector de la econom\u00eda que est\u00e1 creciendo\". \"La tarea del Gobierno es estar con los que m\u00e1s les cuesta\", asegur\u00f3 el otrora ministro del sector, que tambi\u00e9n reconoci\u00f3 que\u00a0la gesti\u00f3n requiere tomar decisiones que muchas veces son \"impopulares\" y que hay que pensarlas \"para el mediano y largo plazo\".<\/p>\n<p>El funcionario, ahora bajo la \u00f3rbita del Ministerio de Producci\u00f3n que conduce Dante Sica, resalt\u00f3 que es necesaria \"una dirigencia pol\u00edtica que resuelva los problemas de fondo y que no se vanaglorie de una situaci\u00f3n coyuntural\".<\/p>\n<p>En declaraciones con\u00a0Radio Mitre,\u00a0Triaca tambi\u00e9n record\u00f3 los problemas externos que, seg\u00fan su \u00f3ptica, debieron afrontar a lo largo de este a\u00f1o: \"Tuvimos\u00a0una sequ\u00eda que afect\u00f3 el 30% de la producci\u00f3n, se cambiaron las reglas de juego internacionales y el Gobierno anterior nos dej\u00f3 una dependencia energ\u00e9tica, por lo que tenemos que importar\".<\/p>\n<p>La CGT exige 'apriete' a los empresarios y m\u00e1s paritarias mes a mes<\/p>\n<p>En lo espec\u00edfico de su cartera, el secretario de Trabajo detall\u00f3 que \"todav\u00eda hay un tercio de los trabajadores que est\u00e1 en negro\" y consider\u00f3 que \"si no se enfrenta ese desaf\u00edo\", la Argentina \"no va a crecer\". Tambi\u00e9n agreg\u00f3 que el Gobierno tiene\u00a0que trabajar por \"esa peque\u00f1a empresa que paga sus impuestos\" y\u00a0 sentenci\u00f3: \"El que trabaja en la informalidad tiene que ser combativo, discutamos eso\".<\/p>\n<p>Asimismo, el secretario de Trabajo opin\u00f3 que el presidente Mauricio Macri \"est\u00e1 haciendo las cosas que hay que hacer\" y sostuvo que tiene \"la energ\u00eda para llevarlas adelante\".<\/p>\n<p>A pesar de los aumentos en naftas, Triaca apoy\u00f3 las pol\u00edticas del Gobierno en materia de combustibles:\u00a0\"Cuando no liber\u00e1s el precio lo pag\u00e1s con subsidios\", destac\u00f3. Adem\u00e1s, defendi\u00f3 las pol\u00edticas monetarias y econ\u00f3micas del Gobierno.<\/p>\n","protected":false},"excerpt":{"rendered":"<p>El secretario de Trabajo de la Naci\u00f3n, Jorge Triaca, admiti\u00f3 este domingo que hay un \"clima adverso\" pero pidi\u00f3 que se mire que \"hay un sector de la econom\u00eda que est\u00e1 creciendo\". \"La tarea del Gobierno es estar con los que m\u00e1s les cuesta\", asegur\u00f3 el otrora ministro del sector, que tambi\u00e9n reconoci\u00f3 que\u00a0la gesti\u00f3n [&hellip;]<\/p>\n","protected":false},"author":1,"featured_media":193181,"comment_status":"open","ping_status":"open","sticky":false,"template":"","format":"standard","meta":{"_stopmodifiedupdate":false,"_modified_date":"","inline_featured_image":false,"spay_email":"","jetpack_publicize_message":""},"categories":[5],"tags":[],"jetpack_featured_media_url":"https:\/\/notinor.com\/jujuy\/wp-content\/uploads\/2018\/10\/jorgetriaca-368737.jpg","jetpack_publicize_connections":[],"_links":{"self":[{"href":"https:\/\/notinor.com\/jujuy\/wp-json\/wp\/v2\/posts\/193180"}],"collection":[{"href":"https:\/\/notinor.com\/jujuy\/wp-json\/wp\/v2\/posts"}],"about":[{"href":"https:\/\/notinor.com\/jujuy\/wp-json\/wp\/v2\/types\/post"}],"author":[{"embeddable":true,"href":"https:\/\/notinor.com\/jujuy\/wp-json\/wp\/v2\/users\/1"}],"replies":[{"embeddable":true,"href":"https:\/\/notinor.com\/jujuy\/wp-json\/wp\/v2\/comments?post=193180"}],"version-history":[{"count":2,"href":"https:\/\/notinor.com\/jujuy\/wp-json\/wp\/v2\/posts\/193180\/revisions"}],"predecessor-version":[{"id":193183,"href":"https:\/\/notinor.com\/jujuy\/wp-json\/wp\/v2\/posts\/193180\/revisions\/193183"}],"wp:featuredmedia":[{"embeddable":true,"href":"https:\/\/notinor.com\/jujuy\/wp-json\/wp\/v2\/media\/193181"}],"wp:attachment":[{"href":"https:\/\/notinor.com\/jujuy\/wp-json\/wp\/v2\/media?parent=193180"}],"wp:term":[{"taxonomy":"category","embeddable":true,"href":"https:\/\/notinor.com\/jujuy\/wp-json\/wp\/v2\/categories?post=193180"},{"taxonomy":"post_tag","embeddable":true,"href":"https:\/\/notinor.com\/jujuy\/wp-json\/wp\/v2\/tags?post=193180"}],"curies":[{"name":"wp","href":"https:\/\/api.w.org\/{rel}","templated":true}]}}