{"id":193173,"date":"2018-10-01T00:17:52","date_gmt":"2018-10-01T03:17:52","guid":{"rendered":"http:\/\/notinor.com\/jujuy\/?p=193173"},"modified":"2018-10-01T22:14:06","modified_gmt":"2018-10-02T01:14:06","slug":"el-diagnostico-de-la-semana-27","status":"publish","type":"post","link":"https:\/\/notinor.com\/jujuy\/el-diagnostico-de-la-semana-27\/","title":{"rendered":"El Diagn\u00f3stico de la Semana"},"content":{"rendered":"<p><strong>Por Gabriel Guti\u00e9rrez ||<\/strong> Se termina septiembre, ese mes an\u00f3malo que en Jujuy significa una tregua forzada y retiro a los cuarteles de invierno, tanto de fuerzas pol\u00edticas como de fuerzas gremiales en pugna, mientras dura la Fiesta de los Estudiantes.<\/p>\n<p>Entramos a octubre y los problemas que hab\u00edan quedado pendientes, o barridos bajo la alfombra, afloran mientras empezamos a transitar la recta final del a\u00f1o que representa el tercer y fat\u00eddico cuarto trimestre, \u00e9poca de trazar l\u00edneas y sincerar las estad\u00edsticas.<\/p>\n<p><img decoding=\"async\" loading=\"lazy\" class=\"size-full wp-image-169428 alignleft\" src=\"http:\/\/notinor.com\/jujuy\/wp-content\/uploads\/2018\/04\/gabi-2.jpg\" alt=\"\" width=\"180\" height=\"180\" srcset=\"https:\/\/notinor.com\/jujuy\/wp-content\/uploads\/2018\/04\/gabi-2.jpg 180w, https:\/\/notinor.com\/jujuy\/wp-content\/uploads\/2018\/04\/gabi-2-100x100.jpg 100w, https:\/\/notinor.com\/jujuy\/wp-content\/uploads\/2018\/04\/gabi-2-75x75.jpg 75w\" sizes=\"(max-width: 180px) 100vw, 180px\" \/><\/p>\n<p>Tambi\u00e9n es la \u00e9poca en que a nivel nacional se negocia la ley de Presupuesto, cosa que, en nuestra provincia y por consiguiente en los municipios, llega, casi siempre, a \u00faltimo momento en diciembre cuando el panorama nacional est\u00e1 m\u00e1s claro.<\/p>\n<p>A pesar del rumbo a la deriva al que fuerza la marcha de la Econom\u00eda a la Argentina, el primer mundo ha cerrado filas para mostrar un decidido apoyo al presidente Macri en su reciente viaje a EEUU, a pesar del papel\u00f3n que signific\u00f3 el portazo de Luis \"Toto\" Caputo justo en el momento en que el presidente estaba en Nueva York tratando de convencer al mundo financiero que \u201cahora <em>si <\/em>somos serios\u201d.<\/p>\n<p>Con la Casa Blanca a la cabeza, las principales potencias europeas dejaron por un momento la guerra comercial a un lado y coincidieron en respaldar financieramente a la Argentina, desde el marco del acuerdo recientemente retocado con el Fondo Monetario Internacional.\u00a0 Las principales potencias econ\u00f3micas le picaron el boleto al populismo en Latinoam\u00e9rica y no permitir\u00e1n su regreso.\u00a0 Quiz\u00e1s el verdadero motivo sea el deseo de frenar la penetraci\u00f3n china en el patio trasero. pero lo cierto es que Trump, Macron, May y Merkel dejaron de lado sus diferencias en cuanto a la geopol\u00edtica sudamericana y decidieron sostener a Macri y a la Argentina.<\/p>\n<p>Sin los Castros y sin posibilidad de exportaci\u00f3n revolucionaria, Cuba va volviendo poco a poco a tomar la forma de destino tur\u00edstico y puticlub caribe\u00f1o.<\/p>\n<p>Lula est\u00e1 preso y muy lejos de volver al poder, aunque Haddad llegue a imponerse sobre Bolsonaro.\u00a0 Rafael Correa anda ahora por el mundo exagerando un supuesto exilio, que en realidad es un flagrante desacato a la Justicia del pa\u00eds que gobern\u00f3, hecho que lo convierte m\u00e1s en pr\u00f3fugo m\u00e1s que en rebelde.\u00a0 Daniel Ortega resiste sus \u00faltimos d\u00edas convertido en el Somoza que hace a\u00f1os logr\u00f3 derrocar.\u00a0 Cristina Kirchner, aunque sigue siendo la \u00fanica cabeza de la oposici\u00f3n con serios argumentos electorales, est\u00e1 cada vez m\u00e1s cerca de las quedar tras las rejas, desde donde nunca m\u00e1s volver\u00e1.<\/p>\n<p>Queda en pie, con cierta altura moral, es Evo Morales, aunque no hay que olvidar que el presidente boliviano sucumbi\u00f3 ante la tentaci\u00f3n de atornillarse al poder, a pesar de que un referendum se apeg\u00f3 a la letra constitucional que le proh\u00edbe aspirar a un cuarto mandato.\u00a0 Pese a ello, Morales buscar\u00e1 ese cuarto mandato y no duda en aplicar pol\u00edticas proscritivas en contra de su principal rival, Carlos Mesa, a quien se busca inhabilitar reavivando viejas causas judiciales.<\/p>\n<p>El r\u00e9gimen chavista de Venezuela caer\u00e1 por su propio peso.\u00a0 No habr\u00e1 intervenciones militares de EEUU, como denuncian desesperados sectores de la izquierda o desde el propio r\u00e9gimen alimentando las teor\u00edas conspirativas para la paranoia antinorteamericana, sino un premeditado laissez faire laissez passer.\u00a0 Se dejar\u00e1 que la crisis siga carcomiendo al r\u00e9gimen como una gangrena... hasta que el pueblo se harte y termine la cabeza de Nicol\u00e1s Maduro en una pica adornando el palacio de Miraflores, al mejor estilo del final de Nicolae Ceau\u0219escu.\u00a0 El final del r\u00e9gimen en Venezuela, desde donde hizo met\u00e1stasis el Socialismo del Siglo XXI, ser\u00e1 un espect\u00e1culo para aleccionar nuevamente al mundo sobre el hecho de que el socialismo simplemente no funciona, y termina en tragedia.<\/p>\n<h2><strong>PANORAMA NACIONAL<\/strong><\/h2>\n<p>La salida de Luis Caputo del equipo econ\u00f3mico supone un fortalecimiento de Nicol\u00e1s Dujovne y quiz\u00e1s la \u00faltima palada de tierra sobre la tumba de Surzenegger.<\/p>\n<p>El flamante titular del BCRA, Guido Sandleris, de quien mucho se habl\u00f3 y se dijo en d\u00edas pasados, debut\u00f3 con una de las autocr\u00edticas menos edulcoradas que se escuch\u00f3 en mucho tiempo desde el Gobierno Admiti\u00f3 que en materia monetaria e inflacionaria se erraron los pron\u00f3sticos y las recetas adoptadas.<\/p>\n<p>Palabras m\u00e1s, palabras menos, Sandleris vino a confirmar lo que muchos analistas ven\u00edan criticando, tanto a Caputo como a Sturzenegger, sobre el uso de reservas para sostener un precio artificial mente bajo del d\u00f3lar.<\/p>\n<p>El FMI nos presta los U$S 50 mil millones -y U$S 7 mil millones de yapa- para financiar la baja del d\u00e9ficit fiscal, para garantizar los vencimientos de deuda y evitar otro default.\u00a0 Este acuerdo viene a salvarnos de un nuevo default, siempre que la Argentina cumpla con las cl\u00e1usulas y lleguemos, idealmente, a junio del a\u00f1o que viene, con el esperado d\u00e9ficit cero.\u00a0 Habr\u00e1 tambi\u00e9n una cantidad limitada, unos mil millones de d\u00f3lares, que se podr\u00e1n usar para permitir la libre flotaci\u00f3n entre $34 y $44.\u00a0 Pero no se comprometer\u00e1, de las reservas, m\u00e1s que eso.<\/p>\n<p>El acuerdo con el FMI que rubric\u00f3 y logr\u00f3 renegociar el gobierno, es lo mejor que le pudo pasar al pa\u00eds.\u00a0 De lo contrario se hubiera tenido que salir a pedir una refinanciaci\u00f3n de la deuda.<\/p>\n<p>El prop\u00f3sito de la administraci\u00f3n es que el pa\u00eds recupere la capacidad con creaci\u00f3n genuina de la riqueza.\u00a0 Pero tambi\u00e9n habr\u00e1 que estabilizar el precio del d\u00f3lar, solo que en este caso el dinero destinado a tal fin ser\u00e1 administrado por el Banco Naci\u00f3n y no por el BCRA.\u00a0 Es una importante correcci\u00f3n de la pol\u00edtica monetaria.<\/p>\n<p>Esto quiere decir, que el panorama inmediato nos augura meses de recesi\u00f3n, duros ajustes en el gasto p\u00fablico y, l\u00f3gicamente, esto despierta la resistencia de los ajustados que ya puede apreciarse en la conflictividad callejera que se ve por estos d\u00edas.<\/p>\n<p>Se denuncia al gobierno de aplicar tijeretazos en los sectores m\u00e1s vulnerables.\u00a0\u00a0 La realidad qued\u00f3 muy bien graficada en una columna de Jorge Lanata, de este s\u00e1bado pasado.\u00a0 En ella el periodista repasa los n\u00fameros de un gasto social que fue inflado exponencialmente durante los a\u00f1os de la \"d\u00e9cada ganada\".<\/p>\n<p>Por ejemplo, las pensiones no contributivas por invalidez crecieron de 170.000 beneficiarios en 2006 a m\u00e1s de 1.046.000 en 2015.\u00a0 Es decir que en menos de diez a\u00f1os se agregaron 876.000 inv\u00e1lidos, el doble que los muertos americanos en la Segunda Guerra Mundial: fueron 405.399.\u00a0 El incremento en la cantidad de pensiones no contributivas por invalidez laboral fue, desde 2006, de m\u00e1s de 500%, significan 88.000 millones de pesos al a\u00f1o.\u00a0 El periodista da otros ejemplos que suceden en las provincias y en organismos estatales, con los plus salariales, adscripciones, etc.<\/p>\n<p>Fogoneados por el sector m\u00e1s recalcitrante del kirchnerismo, muchos de los beneficiarios de estos privilegios que indefectiblemente van a revisarse, salen a las calles denunciando el ajuste brutal de \"la dictadura\", intentando instalar la idea que todas las pensiones ser\u00e1n cortadas.\u00a0 Nada m\u00e1s alejado de la realidad ya que lo \u00fanico que habr\u00e1, por ahora, es una masiva revisi\u00f3n.<\/p>\n<p>Dirigentes kirchneristas y de la izquierda profundizar\u00e1n los reclamos sociales alentando acciones destituyentes o intentando forzar la salida de Macri y un eventual adelantamiento de las elecciones.\u00a0 Las manifestaciones de la semana pasada, mientras Macri estaba en Nueva York, son prueba de la estrategia golpista que seguir\u00e1n estos sectores antidemocr\u00e1ticos.\u00a0 En los pr\u00f3ximos d\u00edas se esperan m\u00e1s protestas con manifestaciones anti G-20.\u00a0 M\u00e1s aullidos a la luna.<\/p>\n<p>Macri, por ahora planea sobre el piso de su popularidad y necesita con urgencia mejorar el panorama porque el a\u00f1o electoral lo empieza a acuciar.\u00a0 Por eso, coinciden los analistas, el acuerdo con el FMI es quiz\u00e1s la \u00faltima mano ganadora del gobierno.\u00a0 Tambi\u00e9n habr\u00e1 que confiar en la cintura pol\u00edtica que ha demostrado el Gobierno a la hora de conseguir acuerdos legislativos sin gozar de mayor\u00edas parlamentarias.<\/p>\n<p>Cristina seguir\u00e1, por ahora, como la rival predilecta del gobierno.\u00a0 Ese 25-30% de voluntades electorales recalcitrantes que sostienen a Unidad Ciudadana constituyen un serio escollo para la unidad del justicialismo que comenz\u00f3 a dejar trascender las conversaciones entre sus principales figuras.<\/p>\n<p>Justamente, el peronismo racional, atribuye los inconvenientes para organizarse a la presencia inmanente de Cristina Kirchner.\u00a0 Los pretextos, como los lugares comunes, se acumulan a la vez que los postulantes buscan construir una identidad en el distanciamiento con el kirchnerismo.\u00a0 Desde Pichetto hasta Urtubey, el abanico contiene a U\u00f1ac, a Manzur, a Perotti, difusamente a Schiaretti, a Sol\u00e1 y a Lavagna.\u00a0 Operando con estos dos \u00faltimos, aparece la figura de Sergio Massa que podr\u00eda ser la clave en un eventual acuerdo con el kirchnerismo.\u00a0 Cada vez son m\u00e1s fuertes los rumores sobre acuerdos entre el tigrense y la matancera Magario para una eventual f\u00f3rmula en Buenos Aires para destronar a Vidal.<\/p>\n<p>El problema de los kirchneristas vergonzantes, como los llama el vicegobernador de Jujuy Carlos Haquim, es que la mayor parte de ellos fue c\u00f3mplice, por inacci\u00f3n, de esa pol\u00edtica. Casi todos se mantuvieron firmes hasta el \u00faltimo mes de 2015.\u00a0 Urtubey hab\u00eda saltado unos pocos meses antes. Dos a\u00f1os antes, hab\u00eda saltado Sergio Massa, pero no hay que olvidar que el hombre fue jefe de Gabinete de Crsitina y, dif\u00edcilmente, pueda argumentar inocencia o desconocimiento de las maniobras de corrupci\u00f3n, so riesgo de quedar como un verdadero palurdo. De la Sota y Schiaretti estuvieron aceptablemente ausentes del kirchnerismo por lo que son los que tendr\u00edan, en principio, las manos m\u00e1s limpias. Pero la mayor parte \u201cbanc\u00f3 el proyecto\u201d, o su falta. Convivieron en silencio... como socios o como c\u00f3mplices.<\/p>\n<h2><strong>PANORAMA PROVINCIAL<\/strong><\/h2>\n<p>Una semana que comenz\u00f3 algo accidentada por la coincidencia del D\u00eda del Empleado de Comercio y las jornadas de lucha decretadas por la CTA y la CGT -lunes y martes-, en el balance result\u00f3 altamente positiva por el viaje de negocios y promoci\u00f3n a Francia que encabez\u00f3 en persona el gobernador Gerardo Morales.<\/p>\n<p>Si bien el lunes se esperaba una actividad muy menguada por el D\u00eda del Empleado de Comercio, hubo medidas de fuerza de parte de los estatales que se hicieron sentir con m\u00e1s impetu el d\u00eda martes debido, principalmente, al paro en el transporte, factor que result\u00f3 decisivo a la hora de la evaluaci\u00f3n del acatamiento.<\/p>\n<p>Las jornadas de lucha se hicieron sentir con fuerza en los sectores p\u00fablicos; sin embargo, no faltaron quienes buscaron la forma de llegar al trabajo.\u00a0 El d\u00eda martes la actividad comercial fue casi normal. La semana estudiantil fue tambi\u00e9n motivo de que, al menos en los establecimientos secundarios, se note muy poca actividad \u00e1ulica.<\/p>\n<p>Fuera de ello, la semana fue altamente positiva para Jujuy por cuanto el gobernador Gerardo Morales encabezando la comitiva de negocios en Francia logr\u00f3 importantes acuerdos que se traducir\u00e1n en grandes beneficios para algunas actividades industriales y comerciales.\u00a0 La intensa agenda que mantuvo en Francia el gobernador est\u00e1 devolviendo resultados positivos para promover el crecimiento econ\u00f3mico de Jujuy, generar m\u00e1s fuentes de empleo y lograr una mejor calidad de vida para los juje\u00f1os<\/p>\n<p>En este sentido cabe mencionar el acuerdo rubricado con la Agencia Francesa de Desarrollo con la que se acord\u00f3 una l\u00ednea de financiamiento para la ejecuci\u00f3n de un nuevo proyecto de energ\u00eda renovable, que se traducir\u00e1 en la construcci\u00f3n de una planta solar con capacidad de generaci\u00f3n de 85 Mw.<\/p>\n<p>Cabe destacar tambi\u00e9n la apertura del evento denominado Sal\u00f3n del Vino y la Gastronom\u00eda Juje\u00f1a en Par\u00eds, desarrollado en la sede de Embajada Argentina en Paris.\u00a0 Dicho evento tambi\u00e9n fue encabezado por el Gobernador Gerardo Morales, junto al Secretario de Turismo de la Naci\u00f3n, Gustavo Santos, y el titular de la cartera de Cultura y Turismo de Jujuy, Federico Posadas.<\/p>\n<p>Como parte del evento, el chef juje\u00f1o de reconocimiento internacional, Walter Leal, present\u00f3 platos andinos que contaron con ingredientes aut\u00e9nticos de Jujuy, como la qu\u00ednoa, el ma\u00edz y una diversidad de papas andinas.\u00a0 Ezequiel Bellone, titular del Consejo Vitivin\u00edcola provincial, present\u00f3 la gran variedad de vinos juje\u00f1os, y coment\u00f3 sobre la diversidad bodegas, los suelos, los paisajes y las cepas de alt\u00edsima calidad, que convergen para que la vitivinicultura tenga un crecimiento exponencial en Jujuy.<\/p>\n<p>En la TOP Resa 2018, el mandatario juje\u00f1o junto al embajador de Argentina en Francia, Mario Ver\u00f3n Guerra; el secretario de Turismo de Naci\u00f3n, Gustavo Santos y el Ministro de Cultura y Turismo de Jujuy, Federico Posadas, se reunieron con tour operadores que realizan viajes de alta gama al norte argentino.<\/p>\n<p>Por \u00faltimo, pero no menos importante, el gobernador juje\u00f1o y su par de la Vienne, Bruno Belin, mantuvieron un encuentro en el que abordaron proyectos y acciones en salud, ambiente, turismo y sobre capacitaci\u00f3n en emergencias.<\/p>\n<p>En este importante encuentro se abordaron temas referidos al medio ambiente, con la intenci\u00f3n que Jujuy participe como socio de cooperaci\u00f3n de la Vienne en la Convenci\u00f3n de Ambiente 2020; de Salud, con el objetivo de cerrar la transferencia de equipamiento y el intercambio de conocimientos de profesionales franceses a los juje\u00f1os y de Turismo, para cerrar el Concurso Fotogr\u00e1fico de Vi\u00f1edos la Vienne Jujuy, concluido en julio, adem\u00e1s de abordar otros proyectos de intercambios.<\/p>\n<p>En ausencia del gobernador, asumi\u00f3 interinamente el Ejecutivo el vicegobernador Carlos Haquim, quien tuvo una destacada participaci\u00f3n en los eventos de la semana.\u00a0 Participando activamente con su presencia de la Fiesta de los Estudiantes, tanto en desfiles como en elecciones, marcando el acompa\u00f1amiento del Gobierno de la Provincia a tan importante y caro evento para los juje\u00f1os, aunque sin politizar la fiesta como ocurr\u00eda en a\u00f1os anteriores.<\/p>\n<p>Entre las actividades que tuvo que el vicegobernador a cargo del Ejecutivo cabe destacar la participaci\u00f3n, este viernes, en el Hotel Altos de la Vi\u00f1a de la reuni\u00f3n del Directorio de la Confederaci\u00f3n de Pymes Constructoras de la Rep\u00fablica Argentina, evento que re\u00fane a medio millar de empresas del pa\u00eds.\u00a0 All\u00ed destac\u00f3 la labor del Gobierno juje\u00f1o en la regularizaci\u00f3n de la situaci\u00f3n de cooperativas de trabajo, de apoyo a la actividad productiva, en la que se encuentra la construcci\u00f3n, y a las peque\u00f1as y medianas empresas juje\u00f1as.<\/p>\n<p>Tambi\u00e9n presidi\u00f3 este mi\u00e9rcoles el acto de entrega de subsidios del Proyecto de Inclusi\u00f3n Socio Econ\u00f3mica de \u00c1reas Rurales (PISEAR) con los que se beneficiaron a la Cooperativa Agr\u00edcola Unida de Aguas Calientes y la comunidad aborigen de Chorrillos y Churcal, del departamento Humahuaca, subsidios de 2.219.000 y 2.448.837 pesos, respectivamente.<\/p>\n<p>Fuera de estos importantes eventos, la nota c\u00f3mica de la semana estuvo a cargo de Milagro Sala, quien luego de acusar al gobierno de tratar de matarla, seg\u00fan lo asegur\u00f3 en una entrevista radial con el youtuber Roberto Navarro, asegur\u00f3 que se presentar\u00e1 como candidata a gobernadora en el 2019.\u00a0 Ser\u00eda una buena oportunidad para el pueblo juje\u00f1o de poder sepultar en las urnas a la vieja pol\u00edtica y consagrar el camino del cambio, de la uni\u00f3n la paz y el trabajo que se eligi\u00f3 en el 2015.<\/p>\n<p>Si bien esta semana casi se incendia el polvor\u00edn tras trascender que las empresas de transporte de pasajeros estar\u00edan en la b\u00fasqueda de una readecuaci\u00f3n tarifaria que alcanzar\u00eda los $30 por viaje, prudente y convenientemente los empresarios no quisieron hablar de cifras concretas.\u00a0 Sin embargo, se espera que esta discusi\u00f3n cobre vigencia en los pr\u00f3ximos d\u00edas, sobre todo luego de los recientes aumentos de combustible que encarecieron los precios de manera alarmante.<\/p>\n","protected":false},"excerpt":{"rendered":"<p>Por Gabriel Guti\u00e9rrez || Se termina septiembre, ese mes an\u00f3malo que en Jujuy significa una tregua forzada y retiro a los cuarteles de invierno, tanto de fuerzas pol\u00edticas como de fuerzas gremiales en pugna, mientras dura la Fiesta de los Estudiantes. Entramos a octubre y los problemas que hab\u00edan quedado pendientes, o barridos bajo la [&hellip;]<\/p>\n","protected":false},"author":1,"featured_media":0,"comment_status":"open","ping_status":"open","sticky":false,"template":"","format":"standard","meta":{"_stopmodifiedupdate":false,"_modified_date":"","inline_featured_image":false,"spay_email":"","jetpack_publicize_message":""},"categories":[501],"tags":[],"jetpack_featured_media_url":"","jetpack_publicize_connections":[],"_links":{"self":[{"href":"https:\/\/notinor.com\/jujuy\/wp-json\/wp\/v2\/posts\/193173"}],"collection":[{"href":"https:\/\/notinor.com\/jujuy\/wp-json\/wp\/v2\/posts"}],"about":[{"href":"https:\/\/notinor.com\/jujuy\/wp-json\/wp\/v2\/types\/post"}],"author":[{"embeddable":true,"href":"https:\/\/notinor.com\/jujuy\/wp-json\/wp\/v2\/users\/1"}],"replies":[{"embeddable":true,"href":"https:\/\/notinor.com\/jujuy\/wp-json\/wp\/v2\/comments?post=193173"}],"version-history":[{"count":2,"href":"https:\/\/notinor.com\/jujuy\/wp-json\/wp\/v2\/posts\/193173\/revisions"}],"predecessor-version":[{"id":193175,"href":"https:\/\/notinor.com\/jujuy\/wp-json\/wp\/v2\/posts\/193173\/revisions\/193175"}],"wp:attachment":[{"href":"https:\/\/notinor.com\/jujuy\/wp-json\/wp\/v2\/media?parent=193173"}],"wp:term":[{"taxonomy":"category","embeddable":true,"href":"https:\/\/notinor.com\/jujuy\/wp-json\/wp\/v2\/categories?post=193173"},{"taxonomy":"post_tag","embeddable":true,"href":"https:\/\/notinor.com\/jujuy\/wp-json\/wp\/v2\/tags?post=193173"}],"curies":[{"name":"wp","href":"https:\/\/api.w.org\/{rel}","templated":true}]}}