{"id":190920,"date":"2018-09-07T10:44:24","date_gmt":"2018-09-07T13:44:24","guid":{"rendered":"http:\/\/notinor.com\/jujuy\/?p=190920"},"modified":"2018-09-12T10:50:14","modified_gmt":"2018-09-12T13:50:14","slug":"reordenamiento-del-transito-en-plaza-de-los-inmigrantes-2","status":"publish","type":"post","link":"https:\/\/notinor.com\/jujuy\/reordenamiento-del-transito-en-plaza-de-los-inmigrantes-2\/","title":{"rendered":"Reordenamiento del tr\u00e1nsito en Plaza de los Inmigrantes"},"content":{"rendered":"<p>\u201cSe trata de la quinta etapa de un Plan que se extiende por sectores donde hay problemas de congestionamiento vehicular y esto significa ver a la ciudad como un todo, para integrarla y hacerla m\u00e1s amigable e inclusiva\u201d.<\/p>\n<p>En este sentido, el secretario de Servicios P\u00fablicos, Guillermo Marenco, a\u00f1adi\u00f3 que se concreta la obra civil, de la quinta etapa del PIRTRA, que involucraba la calle Alem, avenida Pueyrred\u00f3n, Puente Tucum\u00e1n, avenida Italia y Martearena, que \u201cuna vez finalizadas las evaluaciones de los planes piloto y d\u00e1ndole la forma definitiva, se generar\u00e1 sobre Pueyrred\u00f3n un carril exclusivo para los \u00f3mnibus y una circulaci\u00f3n exclusiva para veh\u00edculos particulares\u201d.<\/p>\n<p>A ello se suma la semaforizaci\u00f3n que se va a generar a la altura de Almirante Brown e Yrigoyen para darle en forma definitiva la transitabilidad de doble sentido.<\/p>\n","protected":false},"excerpt":{"rendered":"<p>\u201cSe trata de la quinta etapa de un Plan que se extiende por sectores donde hay problemas de congestionamiento vehicular y esto significa ver a la ciudad como un todo, para integrarla y hacerla m\u00e1s amigable e inclusiva\u201d. En este sentido, el secretario de Servicios P\u00fablicos, Guillermo Marenco, a\u00f1adi\u00f3 que se concreta la obra civil, [&hellip;]<\/p>\n","protected":false},"author":5,"featured_media":190921,"comment_status":"open","ping_status":"open","sticky":false,"template":"","format":"standard","meta":{"_stopmodifiedupdate":false,"_modified_date":"","inline_featured_image":false},"categories":[490],"tags":[],"jetpack_featured_media_url":"https:\/\/notinor.com\/jujuy\/wp-content\/uploads\/2018\/09\/PIRTRA-2.jpg","_links":{"self":[{"href":"https:\/\/notinor.com\/jujuy\/wp-json\/wp\/v2\/posts\/190920"}],"collection":[{"href":"https:\/\/notinor.com\/jujuy\/wp-json\/wp\/v2\/posts"}],"about":[{"href":"https:\/\/notinor.com\/jujuy\/wp-json\/wp\/v2\/types\/post"}],"author":[{"embeddable":true,"href":"https:\/\/notinor.com\/jujuy\/wp-json\/wp\/v2\/users\/5"}],"replies":[{"embeddable":true,"href":"https:\/\/notinor.com\/jujuy\/wp-json\/wp\/v2\/comments?post=190920"}],"version-history":[{"count":1,"href":"https:\/\/notinor.com\/jujuy\/wp-json\/wp\/v2\/posts\/190920\/revisions"}],"predecessor-version":[{"id":190922,"href":"https:\/\/notinor.com\/jujuy\/wp-json\/wp\/v2\/posts\/190920\/revisions\/190922"}],"wp:featuredmedia":[{"embeddable":true,"href":"https:\/\/notinor.com\/jujuy\/wp-json\/wp\/v2\/media\/190921"}],"wp:attachment":[{"href":"https:\/\/notinor.com\/jujuy\/wp-json\/wp\/v2\/media?parent=190920"}],"wp:term":[{"taxonomy":"category","embeddable":true,"href":"https:\/\/notinor.com\/jujuy\/wp-json\/wp\/v2\/categories?post=190920"},{"taxonomy":"post_tag","embeddable":true,"href":"https:\/\/notinor.com\/jujuy\/wp-json\/wp\/v2\/tags?post=190920"}],"curies":[{"name":"wp","href":"https:\/\/api.w.org\/{rel}","templated":true}]}}