{"id":190384,"date":"2018-09-07T12:19:20","date_gmt":"2018-09-07T15:19:20","guid":{"rendered":"http:\/\/notinor.com\/jujuy\/?p=190384"},"modified":"2018-09-07T12:19:20","modified_gmt":"2018-09-07T15:19:20","slug":"adelantaron-el-pago-se-sueldos-a-docentes-cobraran-el-sabado","status":"publish","type":"post","link":"https:\/\/notinor.com\/jujuy\/adelantaron-el-pago-se-sueldos-a-docentes-cobraran-el-sabado\/","title":{"rendered":"Adelantaron el pago se sueldos a docentes: cobrar\u00e1n el s\u00e1bado"},"content":{"rendered":"<p><a href=\"http:\/\/notinor.com\/jujuy\/sabado-3-inicia-cronograma-pagos\/cajero-314x224-3\/\" rel=\"attachment wp-att-161942\"><img decoding=\"async\" loading=\"lazy\" class=\"size-medium wp-image-161942 aligncenter\" src=\"http:\/\/notinor.com\/jujuy\/wp-content\/uploads\/2018\/03\/cajero-314x224-646x365.jpg\" alt=\"\" width=\"646\" height=\"365\" srcset=\"https:\/\/notinor.com\/jujuy\/wp-content\/uploads\/2018\/03\/cajero-314x224-646x365.jpg 646w, https:\/\/notinor.com\/jujuy\/wp-content\/uploads\/2018\/03\/cajero-314x224-768x434.jpg 768w, https:\/\/notinor.com\/jujuy\/wp-content\/uploads\/2018\/03\/cajero-314x224.jpg 800w\" sizes=\"(max-width: 646px) 100vw, 646px\" \/><\/a><\/p>\n<p>Los docentes estatales de todos los niveles educativos provinciales tendr\u00e1n acreditados sus haberes correspondientes al mes de agosto el s\u00e1bado 8 de septiembre, as\u00ed lo confirmaron desde tesorer\u00eda de la provincia.<\/p>\n<p>Cabe destacar que luego de la pol\u00e9mica que desato que los docentes cobrar\u00edan sus sueldos el martes, \u00faltimo d\u00eda del cronograma de pagos, el gobierno revi\u00f3 la situaci\u00f3n y acredito el pago para el s\u00e1bado.<\/p>\n","protected":false},"excerpt":{"rendered":"<p>Los docentes estatales de todos los niveles educativos provinciales tendr\u00e1n acreditados sus haberes correspondientes al mes de agosto el s\u00e1bado 8 de septiembre, as\u00ed lo confirmaron desde tesorer\u00eda de la provincia. Cabe destacar que luego de la pol\u00e9mica que desato que los docentes cobrar\u00edan sus sueldos el martes, \u00faltimo d\u00eda del cronograma de pagos, el [&hellip;]<\/p>\n","protected":false},"author":1,"featured_media":135238,"comment_status":"open","ping_status":"open","sticky":false,"template":"","format":"standard","meta":{"_stopmodifiedupdate":false,"_modified_date":"","inline_featured_image":false},"categories":[2],"tags":[],"jetpack_featured_media_url":"https:\/\/notinor.com\/jujuy\/wp-content\/uploads\/2017\/09\/cajero-314x224.jpg","_links":{"self":[{"href":"https:\/\/notinor.com\/jujuy\/wp-json\/wp\/v2\/posts\/190384"}],"collection":[{"href":"https:\/\/notinor.com\/jujuy\/wp-json\/wp\/v2\/posts"}],"about":[{"href":"https:\/\/notinor.com\/jujuy\/wp-json\/wp\/v2\/types\/post"}],"author":[{"embeddable":true,"href":"https:\/\/notinor.com\/jujuy\/wp-json\/wp\/v2\/users\/1"}],"replies":[{"embeddable":true,"href":"https:\/\/notinor.com\/jujuy\/wp-json\/wp\/v2\/comments?post=190384"}],"version-history":[{"count":1,"href":"https:\/\/notinor.com\/jujuy\/wp-json\/wp\/v2\/posts\/190384\/revisions"}],"predecessor-version":[{"id":190385,"href":"https:\/\/notinor.com\/jujuy\/wp-json\/wp\/v2\/posts\/190384\/revisions\/190385"}],"wp:featuredmedia":[{"embeddable":true,"href":"https:\/\/notinor.com\/jujuy\/wp-json\/wp\/v2\/media\/135238"}],"wp:attachment":[{"href":"https:\/\/notinor.com\/jujuy\/wp-json\/wp\/v2\/media?parent=190384"}],"wp:term":[{"taxonomy":"category","embeddable":true,"href":"https:\/\/notinor.com\/jujuy\/wp-json\/wp\/v2\/categories?post=190384"},{"taxonomy":"post_tag","embeddable":true,"href":"https:\/\/notinor.com\/jujuy\/wp-json\/wp\/v2\/tags?post=190384"}],"curies":[{"name":"wp","href":"https:\/\/api.w.org\/{rel}","templated":true}]}}