{"id":190377,"date":"2018-09-07T10:00:37","date_gmt":"2018-09-07T13:00:37","guid":{"rendered":"http:\/\/notinor.com\/jujuy\/?p=190377"},"modified":"2018-09-07T10:00:37","modified_gmt":"2018-09-07T13:00:37","slug":"sugranes-raquel-cristina","status":"publish","type":"post","link":"https:\/\/notinor.com\/jujuy\/sugranes-raquel-cristina\/","title":{"rendered":"SUGRA\u00d1ES, Raquel Cristina"},"content":{"rendered":"<p>Falleci\u00f3 el d\u00eda 06 de septiembre de 2018, a hs. 16:30. C.A.S.R. y B.P. a la edad de 63 a\u00f1os. Su hermano: Luis Eduardo Sugra\u00f1es, su hermana pol\u00edtica: Mar\u00eda Marta C\u00e1ceres, sus sobrinos: Alejandra Letizia, Luis Francisco, Juan Pablo y Eduardo Jos\u00e9 Suga\u00f1es y dem\u00e1s familiares participan con profundo dolor su fallecimiento e invitan a sus amistades y dem\u00e1s personas piadosas al sepelio de sus restos hoy 07 de septiembre a hs. 15:00, en el cementerio El Salvador. FAE. Casa de duelo Ram\u00edrez de Velazco 566 B\u00b0 Centro, Jujuy. Ritual y homenaje empresa La Piedad SA. Salta 727, Tel.0388-4222487, l\u00ednea gratuita 0800-444-5274.<\/p>\n","protected":false},"excerpt":{"rendered":"<p>Falleci\u00f3 el d\u00eda 06 de septiembre de 2018, a hs. 16:30. C.A.S.R. y B.P. a la edad de 63 a\u00f1os. Su hermano: Luis Eduardo Sugra\u00f1es, su hermana pol\u00edtica: Mar\u00eda Marta C\u00e1ceres, sus sobrinos: Alejandra Letizia, Luis Francisco, Juan Pablo y Eduardo Jos\u00e9 Suga\u00f1es y dem\u00e1s familiares participan con profundo dolor su fallecimiento e invitan a [&hellip;]<\/p>\n","protected":false},"author":5,"featured_media":130005,"comment_status":"open","ping_status":"open","sticky":false,"template":"","format":"standard","meta":{"_stopmodifiedupdate":false,"_modified_date":"","inline_featured_image":false},"categories":[523],"tags":[],"jetpack_featured_media_url":"https:\/\/notinor.com\/jujuy\/wp-content\/uploads\/2017\/08\/Obituarios-1.jpg","_links":{"self":[{"href":"https:\/\/notinor.com\/jujuy\/wp-json\/wp\/v2\/posts\/190377"}],"collection":[{"href":"https:\/\/notinor.com\/jujuy\/wp-json\/wp\/v2\/posts"}],"about":[{"href":"https:\/\/notinor.com\/jujuy\/wp-json\/wp\/v2\/types\/post"}],"author":[{"embeddable":true,"href":"https:\/\/notinor.com\/jujuy\/wp-json\/wp\/v2\/users\/5"}],"replies":[{"embeddable":true,"href":"https:\/\/notinor.com\/jujuy\/wp-json\/wp\/v2\/comments?post=190377"}],"version-history":[{"count":1,"href":"https:\/\/notinor.com\/jujuy\/wp-json\/wp\/v2\/posts\/190377\/revisions"}],"predecessor-version":[{"id":190378,"href":"https:\/\/notinor.com\/jujuy\/wp-json\/wp\/v2\/posts\/190377\/revisions\/190378"}],"wp:featuredmedia":[{"embeddable":true,"href":"https:\/\/notinor.com\/jujuy\/wp-json\/wp\/v2\/media\/130005"}],"wp:attachment":[{"href":"https:\/\/notinor.com\/jujuy\/wp-json\/wp\/v2\/media?parent=190377"}],"wp:term":[{"taxonomy":"category","embeddable":true,"href":"https:\/\/notinor.com\/jujuy\/wp-json\/wp\/v2\/categories?post=190377"},{"taxonomy":"post_tag","embeddable":true,"href":"https:\/\/notinor.com\/jujuy\/wp-json\/wp\/v2\/tags?post=190377"}],"curies":[{"name":"wp","href":"https:\/\/api.w.org\/{rel}","templated":true}]}}