{"id":190353,"date":"2018-09-07T09:30:38","date_gmt":"2018-09-07T12:30:38","guid":{"rendered":"http:\/\/notinor.com\/jujuy\/?p=190353"},"modified":"2018-09-07T09:30:38","modified_gmt":"2018-09-07T12:30:38","slug":"nuevo-rumbo-para-el-hospital-materno-infantil","status":"publish","type":"post","link":"https:\/\/notinor.com\/jujuy\/nuevo-rumbo-para-el-hospital-materno-infantil\/","title":{"rendered":"Nuevo rumbo para el Hospital Materno Infantil"},"content":{"rendered":"<p><img decoding=\"async\" loading=\"lazy\" class=\"size-medium wp-image-190371 aligncenter\" src=\"http:\/\/notinor.com\/jujuy\/wp-content\/uploads\/2018\/09\/hospital-materno2-446x365.jpg\" alt=\"\" width=\"446\" height=\"365\" srcset=\"https:\/\/notinor.com\/jujuy\/wp-content\/uploads\/2018\/09\/hospital-materno2-446x365.jpg 446w, https:\/\/notinor.com\/jujuy\/wp-content\/uploads\/2018\/09\/hospital-materno2-587x480.jpg 587w, https:\/\/notinor.com\/jujuy\/wp-content\/uploads\/2018\/09\/hospital-materno2.jpg 730w\" sizes=\"(max-width: 446px) 100vw, 446px\" \/><\/p>\n<p>\u201cConsideramos que el Hospital Materno infantil debe tener una sola mirada y no una mirada separada en lo que respecta a la parte obst\u00e9trica de la parte pedi\u00e1trica\u201d, sostuvo el Ministro de Salud, Gustavo Bouhid, al referirse a los nuevos cambios que emprende el Hospital H\u00e9ctor Quintana. Luego agreg\u00f3 que \u201cdesde la fusi\u00f3n de los servicios de maternidad, neonatolog\u00eda y pediatr\u00eda los equipos nunca lograron unirse, con lo cual creemos que es tiempo de caminar todos juntos para brindar la mejor respuesta hacia la comunidad\u201d, acentu\u00f3 el funcionario provincial.<\/p>\n<p>En tanto, la Direcci\u00f3n del Hospital Materno infantil, H\u00e9ctor Quintana, estar\u00e1 conducida en la parte m\u00e9dica por la ginec\u00f3loga y obstetra, Alice Vargas, y la Direcci\u00f3n Administrativa, a cargo del Contador P\u00fablico Nacional y Abogado, Javier Reinaga.<\/p>\n<p>En la oportunidad, Alice Vargas expres\u00f3 su \u201cagradecimiento al Ministro Bouhid por depositar la confianza en nosotros ya que no es f\u00e1cil conducir este hospital que abarca una manzana completa y contiene 1.800 trabajadores\u201d, indic\u00f3 la nueva Directora M\u00e9dica y agreg\u00f3 que el \u201cnuevo funcionamiento estar\u00e1 centrado, en principio, en lograr la uni\u00f3n de dos grandes hospitales que se encontraban separados y unificar los criterios de atenci\u00f3n hacia la comunidad que debe ser la principal beneficiada, dejando de lado las cuestiones personales y haciendo foco primero en la gente\u201d, concluy\u00f3.<\/p>\n<p>El Directorio y los jefes de servicios participaron en el an\u00e1lisis de los procesos del Hospital<\/p>\n","protected":false},"excerpt":{"rendered":"<p>\u201cConsideramos que el Hospital Materno infantil debe tener una sola mirada y no una mirada separada en lo que respecta a la parte obst\u00e9trica de la parte pedi\u00e1trica\u201d, sostuvo el Ministro de Salud, Gustavo Bouhid, al referirse a los nuevos cambios que emprende el Hospital H\u00e9ctor Quintana. Luego agreg\u00f3 que \u201cdesde la fusi\u00f3n de los [&hellip;]<\/p>\n","protected":false},"author":5,"featured_media":190367,"comment_status":"open","ping_status":"open","sticky":false,"template":"","format":"standard","meta":{"_stopmodifiedupdate":false,"_modified_date":"","inline_featured_image":false},"categories":[13],"tags":[],"jetpack_featured_media_url":"https:\/\/notinor.com\/jujuy\/wp-content\/uploads\/2018\/09\/hospital-materno1.jpg","_links":{"self":[{"href":"https:\/\/notinor.com\/jujuy\/wp-json\/wp\/v2\/posts\/190353"}],"collection":[{"href":"https:\/\/notinor.com\/jujuy\/wp-json\/wp\/v2\/posts"}],"about":[{"href":"https:\/\/notinor.com\/jujuy\/wp-json\/wp\/v2\/types\/post"}],"author":[{"embeddable":true,"href":"https:\/\/notinor.com\/jujuy\/wp-json\/wp\/v2\/users\/5"}],"replies":[{"embeddable":true,"href":"https:\/\/notinor.com\/jujuy\/wp-json\/wp\/v2\/comments?post=190353"}],"version-history":[{"count":2,"href":"https:\/\/notinor.com\/jujuy\/wp-json\/wp\/v2\/posts\/190353\/revisions"}],"predecessor-version":[{"id":190372,"href":"https:\/\/notinor.com\/jujuy\/wp-json\/wp\/v2\/posts\/190353\/revisions\/190372"}],"wp:featuredmedia":[{"embeddable":true,"href":"https:\/\/notinor.com\/jujuy\/wp-json\/wp\/v2\/media\/190367"}],"wp:attachment":[{"href":"https:\/\/notinor.com\/jujuy\/wp-json\/wp\/v2\/media?parent=190353"}],"wp:term":[{"taxonomy":"category","embeddable":true,"href":"https:\/\/notinor.com\/jujuy\/wp-json\/wp\/v2\/categories?post=190353"},{"taxonomy":"post_tag","embeddable":true,"href":"https:\/\/notinor.com\/jujuy\/wp-json\/wp\/v2\/tags?post=190353"}],"curies":[{"name":"wp","href":"https:\/\/api.w.org\/{rel}","templated":true}]}}