{"id":18898,"date":"2015-03-08T22:48:41","date_gmt":"2015-03-09T01:48:41","guid":{"rendered":"http:\/\/notinor.com\/jujuy\/?p=18898"},"modified":"2015-03-12T08:32:22","modified_gmt":"2015-03-12T11:32:22","slug":"sin-mazzon-fellner-podria-adelantar-las-elecciones","status":"publish","type":"post","link":"https:\/\/notinor.com\/jujuy\/sin-mazzon-fellner-podria-adelantar-las-elecciones\/","title":{"rendered":"Sin Mazz\u00f3n, Fellner podr\u00eda adelantar las elecciones"},"content":{"rendered":"<p><strong>En Mendoza Paco P\u00e9rez sac\u00f3 una ley para evitar listas espejos, pero Eduardo Fellner sabe que la medida no puede derrumbar una norma nacional, entonces la \u00fanica manera de evitar que Gerardo Morales adhiera a mas de un presidenciable sin conformar frentes, ser\u00eda adelantando las elecciones 2015.<\/strong><\/p>\n<p>08.03.2015 ||\u00a0 El partido justicialista de Jujuy sac\u00f3 un tibio comunicado, donde asegura que no incluir\u00e1 La Ley de Lemas como parte de la estrategia electoral.<\/p>\n<p>Dejo entrever que posibles colectoras, unas PASO provinciales y un Frente Electoral ser\u00edan las bases de una estrategia para definir las reglas de juego de las \u00a0elecciones 2015.<\/p>\n<p>Sin embargo el desvelo de Eduardo Fellner es la actual ley electoral nacional cuyos grises permiten que un candidato puede estar adherido a m\u00e1s de una categor\u00eda; concretamente; Gerardo Morales podr\u00eda ser el gobernador no solo del Frente Renovador, tambi\u00e9n de la UCR, del PRO y de la Izquierda, conservando esos partidos sus candidatos a presidentes, con lo cual evitan constituir un Frente Electoral, herramienta que pulverizar\u00eda a Eduardo Fellner.<\/p>\n<p>Sobre la opci\u00f3n hay jurisprudencia, ya sucedi\u00f3 con Mart\u00edn Sabbatella que obtuvo un fallo a favor cuando llev\u00f3 en su boleta a Cristina Kirchner, como tambi\u00e9n lo hac\u00eda el candidato oficial Daniel Scioli. Si bi\u00e9n Jorge Landau \u00a0asegura que la actual legislaci\u00f3n\u00a0\"no permite mezclar alianzas\", algo que para nada es compartido por la oposici\u00f3n donde en varias provincias se trabajan armados pol\u00edticos para derrotar al kirchnerismo que pretenden la confluencia de la UCR, el PRO, el massismo y hasta la izquierda inclusive.<\/p>\n<p>Esta posibilidad llev\u00f3 a los viejos gobernadores del PJ a no dar descanso a CFK para que por decreto al menos intervenga sobre la disposici\u00f3n o acerque de manera formal, un proyecto de reforma que ya esta en manos de la diputada ultra K Juliana Di Tullio, pero que todav\u00eda no es presentado.<\/p>\n<p>Se supo que el Ministro de Gobierno y Justicia de la Provincia Alberto Matuk, hace todo lo posible porque desde naci\u00f3n impulsen la reforma, pero esta conceptuado al igual que los urgidos gobernadores conservadores, de sciolistas, por lo cual el kirchnerismo, poco aputo demuestra por sacarles el problema a los muchachos naranjas.<\/p>\n<p>Tal vez, sea una chicana para que apoye a Florencio Randazzo, ya que si la ley persiste, en Jujuy Eduardo Fellner queda obligado a desdoblar las elecciones, adelant\u00e1ndolas, con una ley de pasos provinciales, para salir de la encrucijada.<\/p>\n<p>Pero esta medida, que es facultad del gobernador, tampoco lo exime del panorama oscuro que se mont\u00f3 sobre el FPV en Jujuy. Sin embargo ser\u00eda una salida para enfrentar con mas chances al senador de la UCR.<\/p>\n<p>El plazo para esta decisi\u00f3n es el 31 de marzo, ya que luego de esa fecha, se impone la ley electoral nacional, cuyos tiempos para cada una de las etapas comienzan a correr.<\/p>\n<p>Hoy Jujuy puede enfrentar un escenario, sin frentes electorales, pero con partidos que coinciden en la categor\u00eda gobernador, instrumento so\u00f1ado para Morales, que permite que cada sector conserve identidad, y compartir un proyecto pol\u00edtico para desterrar al fellnerismo del poder.<\/p>\n<p>En este caso, el PRO, la izquierda y los partidos del FR, no necesitan candidatos a gobernador, podr\u00eda ser Gerardo Morales, con lo cual la victoria en Jujuy de parte de la oposici\u00f3n estar\u00eda casi asegurada.<\/p>\n<p>En este sentido la convenci\u00f3n del 14 de marzo de la UCR en Gualeguaych\u00fa, de traducirse en una gran primaria, dar\u00eda dos espadas a Gerardo Morales en Jujuy, \u00a0lo que derivar\u00eda en un adelantamiento inexorable del FPV, ya que no podr\u00eda superar esta alternativa en el cronograma nacional, acudiendo a limitar a la UCR con reformas a la ley electoral provincial y cuantas tretas haya a mano.<\/p>\n<p>Sin embargo, el fellnerismo, insiste junto a otros gobernadores oficialistas, en que la reforma electoral se produzca para tener un problema menos, en este rosario de piedras negras que cosecha todos los d\u00edas el kirchnerismo.<\/p>\n","protected":false},"excerpt":{"rendered":"<p>En Mendoza Paco P\u00e9rez sac\u00f3 una ley para evitar listas espejos, pero Eduardo Fellner sabe que la medida no puede derrumbar una norma nacional, entonces la \u00fanica manera de evitar que Gerardo Morales adhiera a mas de un presidenciable sin conformar frentes, ser\u00eda adelantando las elecciones 2015. 08.03.2015 ||\u00a0 El partido justicialista de Jujuy sac\u00f3 [&hellip;]<\/p>\n","protected":false},"author":1,"featured_media":18901,"comment_status":"open","ping_status":"open","sticky":false,"template":"","format":"standard","meta":{"_stopmodifiedupdate":false,"_modified_date":"","inline_featured_image":false,"spay_email":"","jetpack_publicize_message":""},"categories":[489],"tags":[],"jetpack_featured_media_url":"https:\/\/notinor.com\/jujuy\/wp-content\/uploads\/2015\/03\/5271266318e98.jpg","jetpack_publicize_connections":[],"_links":{"self":[{"href":"https:\/\/notinor.com\/jujuy\/wp-json\/wp\/v2\/posts\/18898"}],"collection":[{"href":"https:\/\/notinor.com\/jujuy\/wp-json\/wp\/v2\/posts"}],"about":[{"href":"https:\/\/notinor.com\/jujuy\/wp-json\/wp\/v2\/types\/post"}],"author":[{"embeddable":true,"href":"https:\/\/notinor.com\/jujuy\/wp-json\/wp\/v2\/users\/1"}],"replies":[{"embeddable":true,"href":"https:\/\/notinor.com\/jujuy\/wp-json\/wp\/v2\/comments?post=18898"}],"version-history":[{"count":4,"href":"https:\/\/notinor.com\/jujuy\/wp-json\/wp\/v2\/posts\/18898\/revisions"}],"predecessor-version":[{"id":19095,"href":"https:\/\/notinor.com\/jujuy\/wp-json\/wp\/v2\/posts\/18898\/revisions\/19095"}],"wp:featuredmedia":[{"embeddable":true,"href":"https:\/\/notinor.com\/jujuy\/wp-json\/wp\/v2\/media\/18901"}],"wp:attachment":[{"href":"https:\/\/notinor.com\/jujuy\/wp-json\/wp\/v2\/media?parent=18898"}],"wp:term":[{"taxonomy":"category","embeddable":true,"href":"https:\/\/notinor.com\/jujuy\/wp-json\/wp\/v2\/categories?post=18898"},{"taxonomy":"post_tag","embeddable":true,"href":"https:\/\/notinor.com\/jujuy\/wp-json\/wp\/v2\/tags?post=18898"}],"curies":[{"name":"wp","href":"https:\/\/api.w.org\/{rel}","templated":true}]}}