{"id":18840,"date":"2015-03-09T00:00:26","date_gmt":"2015-03-09T03:00:26","guid":{"rendered":"http:\/\/notinor.com\/jujuy\/?p=18840"},"modified":"2015-03-08T22:17:57","modified_gmt":"2015-03-09T01:17:57","slug":"cayo-del-puente-perico","status":"publish","type":"post","link":"https:\/\/notinor.com\/jujuy\/cayo-del-puente-perico\/","title":{"rendered":"CAY\u00d3 DEL PUENTE PERICO"},"content":{"rendered":"<p>Ayer a las 10:30, tras el alerta de un accidente de tr\u00e1nsito a la altura del puente Perico en ruta 66, se trasladaron los efectivos de la seccional 21\u00ba verifique el alerta. Al llegar al lugar, los uniformados confirmaron que, efectivamente, un autom\u00f3vil Chevrolet Celta hab\u00eda ca\u00eddo del puente, m\u00e1s precisamente al ingreso del viaducto. El rodado circulaba de Perico a Jujuy.<\/p>\n<p>En el lugar el personal del Same auxili\u00f3 a la \u00fanica ocupante del auto, la cual fue trasladada al hospital local con golpes varios, pero sin peligro de vida.<\/p>\n<p>En el lugar los peritos de Criminal\u00edstica realizaron las pericias de rigor a fin de establecer las reales causas del accidente.<\/p>\n","protected":false},"excerpt":{"rendered":"<p>Ayer a las 10:30, tras el alerta de un accidente de tr\u00e1nsito a la altura del puente Perico en ruta 66, se trasladaron los efectivos de la seccional 21\u00ba verifique el alerta. Al llegar al lugar, los uniformados confirmaron que, efectivamente, un autom\u00f3vil Chevrolet Celta hab\u00eda ca\u00eddo del puente, m\u00e1s precisamente al ingreso del viaducto. [&hellip;]<\/p>\n","protected":false},"author":1,"featured_media":9014,"comment_status":"open","ping_status":"open","sticky":false,"template":"","format":"standard","meta":{"_stopmodifiedupdate":false,"_modified_date":"","inline_featured_image":false,"spay_email":"","jetpack_publicize_message":""},"categories":[3],"tags":[],"jetpack_featured_media_url":"https:\/\/notinor.com\/jujuy\/wp-content\/uploads\/2014\/12\/same-107.jpg","jetpack_publicize_connections":[],"_links":{"self":[{"href":"https:\/\/notinor.com\/jujuy\/wp-json\/wp\/v2\/posts\/18840"}],"collection":[{"href":"https:\/\/notinor.com\/jujuy\/wp-json\/wp\/v2\/posts"}],"about":[{"href":"https:\/\/notinor.com\/jujuy\/wp-json\/wp\/v2\/types\/post"}],"author":[{"embeddable":true,"href":"https:\/\/notinor.com\/jujuy\/wp-json\/wp\/v2\/users\/1"}],"replies":[{"embeddable":true,"href":"https:\/\/notinor.com\/jujuy\/wp-json\/wp\/v2\/comments?post=18840"}],"version-history":[{"count":1,"href":"https:\/\/notinor.com\/jujuy\/wp-json\/wp\/v2\/posts\/18840\/revisions"}],"predecessor-version":[{"id":18843,"href":"https:\/\/notinor.com\/jujuy\/wp-json\/wp\/v2\/posts\/18840\/revisions\/18843"}],"wp:featuredmedia":[{"embeddable":true,"href":"https:\/\/notinor.com\/jujuy\/wp-json\/wp\/v2\/media\/9014"}],"wp:attachment":[{"href":"https:\/\/notinor.com\/jujuy\/wp-json\/wp\/v2\/media?parent=18840"}],"wp:term":[{"taxonomy":"category","embeddable":true,"href":"https:\/\/notinor.com\/jujuy\/wp-json\/wp\/v2\/categories?post=18840"},{"taxonomy":"post_tag","embeddable":true,"href":"https:\/\/notinor.com\/jujuy\/wp-json\/wp\/v2\/tags?post=18840"}],"curies":[{"name":"wp","href":"https:\/\/api.w.org\/{rel}","templated":true}]}}