{"id":188231,"date":"2018-08-21T19:15:31","date_gmt":"2018-08-21T22:15:31","guid":{"rendered":"http:\/\/notinor.com\/jujuy\/?p=188231"},"modified":"2018-08-21T19:15:31","modified_gmt":"2018-08-21T22:15:31","slug":"cristina-kirchner-sobre-el-pedido-de-allanamientos-no-tengo-ningun-inconveniente-en-que-el-senado-autorice-lo-solicitado-por-bonadio","status":"publish","type":"post","link":"https:\/\/notinor.com\/jujuy\/cristina-kirchner-sobre-el-pedido-de-allanamientos-no-tengo-ningun-inconveniente-en-que-el-senado-autorice-lo-solicitado-por-bonadio\/","title":{"rendered":"Cristina Kirchner, sobre el pedido de allanamientos: \"No tengo ning\u00fan inconveniente en que el Senado autorice lo solicitado por Bonadio\""},"content":{"rendered":"<div class=\"row\">\n<figure class=\"element element-image col-xs-12\">\n<div class=\"single-image\"><img decoding=\"async\" loading=\"lazy\" id=\"SJOJKCFAFFDBJKTJRKRGLW555A\" class=\"image-lazy\" src=\"https:\/\/www.infobae.com\/new-resizer\/Ze1O6hMAPr7sjV3nHRb4hpxy-jY=\/600x0\/filters:quality(100)\/s3.amazonaws.com\/arc-wordpress-client-uploads\/infobae-wp\/wp-content\/uploads\/2018\/08\/15172229\/Cristina-Kirchner-saliendo-del-Senado-15-08-18-3.jpg\" alt=\"Cristina Kirchner aceptar\u00e1 los allanamientos (foto Guille Llamos)\" width=\"750\" height=\"421.875\" data-url=\"https:\/\/www.infobae.com\/politica\/2018\/08\/21\/cristina-kirchner-sobre-el-pedido-de-allanamientos-no-tengo-ningun-inconveniente-en-que-el-senado-autorice-lo-solicitado-por-bonadio\/%23SJOJKCFAFFDBJKTJRKRGLW555A\" data-original=\"https:\/\/www.infobae.com\/new-resizer\/Ze1O6hMAPr7sjV3nHRb4hpxy-jY=\/600x0\/filters:quality(100)\/s3.amazonaws.com\/arc-wordpress-client-uploads\/infobae-wp\/wp-content\/uploads\/2018\/08\/15172229\/Cristina-Kirchner-saliendo-del-Senado-15-08-18-3.jpg\" \/><\/div><figcaption class=\"\"><span class=\"credit\">Cristina Kirchner aceptar\u00e1 los allanamientos (foto Guille Llamos)<\/span><\/figcaption><\/figure>\n<\/div>\n<div class=\"row\">\n<div class=\"col-xs-12 col-print-12\">\n<p class=\"element element-paragraph\">La ex presidente Cristina Kirchner difundi\u00f3 un escrito en el que asegur\u00f3 que\u00a0<strong>aceptar\u00e1 los allanamientos solicitados por el juez Claudio Bonadio<\/strong>\u00a0en el marco de la causa de las cuadernos de las coimas K.<\/p>\n<\/div>\n<\/div>\n<div class=\"row\">\n<div class=\"col-xs-12 col-print-12\">\n<p class=\"element element-paragraph\">Al respecto, dio a conocer la nota que present\u00f3 en la reuni\u00f3n de labor parlamentaria del Senado para comunicar que no tiene\u00a0<strong>\"ning\u00fan inconveniente en que el cuerpo autorice lo solicitado por Bonadio\".<\/strong><\/p>\n<\/div>\n<\/div>\n<div class=\"row\">\n<div class=\"col-xs-12 col-print-12\">\n<p class=\"element element-paragraph\">\"Corresponde aclarar que esta decisi\u00f3n no implica convalidar la irracionalidad de las medidas dispuestas por Bonadio en su cruzada persecutoria contra mi persona, sino que tiene por principal objetivo terminar, de una vez por todas, con el show montado alrededor de estos allanamientos sin fundamentos\", agreg\u00f3.<\/p>\n<\/div>\n<\/div>\n<div class=\"row\">\n<div class=\"col-xs-12 col-print-12\">\n<p class=\"element element-paragraph\">Asimismo, pidi\u00f3<strong>\u00a0ciertas condiciones para realizar los procedimientos<\/strong>\u00a0y le exigi\u00f3 al Senado que garantice que \"las medidas que se lleven adelante sean s\u00f3lo para cautelar prueba relacionada con el objeto de esta investigaci\u00f3n y no para\u00a0<strong>obtener im\u00e1genes o filmaciones sobre el interior de mis viviendas y de los objetos que forman parte de ellas<\/strong>, al efecto de su posterior difusi\u00f3n medi\u00e1tica con intencionalidad pol\u00edtica\".<\/p>\n<\/div>\n<\/div>\n<div class=\"row\">\n<div id=\"\" class=\"wrapper clearfix pb-feature pb-layout-item pb-f-ads-dfp left-align\"><\/div>\n<div class=\"col-xs-12 col-print-12\">\n<p class=\"element element-paragraph\">El primer pedido es que\u00a0<strong>\"no\u00a0haya c\u00e1maras de televisi\u00f3n ni fotogr\u00e1ficas, para evitar as\u00ed la posterior difusi\u00f3n de im\u00e1genes en programas oficialistas con clara intenci\u00f3n de humillaci\u00f3n<\/strong>\u00a0y hostigamiento hacia mi persona\". En este punto, la ex mandataria afirm\u00f3 que fue \"objeto de escuchas judiciales ilegales\".<\/p>\n<\/div>\n<\/div>\n<div class=\"row\">\n<figure class=\"element element-image col-xs-12\">\n<div class=\"single-image\">\n<div class=\"shares\">\n<div class=\"share-button facebook\" data-url=\"https:\/\/www.infobae.com\/politica\/2018\/08\/21\/cristina-kirchner-sobre-el-pedido-de-allanamientos-no-tengo-ningun-inconveniente-en-que-el-senado-autorice-lo-solicitado-por-bonadio\/%23QHMFDIX3H5HR7PUVVW2TG3WSME\" data-original=\"https:\/\/s3.amazonaws.com\/arc-wordpress-client-uploads\/infobae-wp\/wp-content\/uploads\/2018\/08\/15151512\/Desafuero-Cristina-Fernandez-Kirchner-Sin-Quorum-Senado-43.jpg\"><\/div>\n<\/div>\n<p><img decoding=\"async\" loading=\"lazy\" id=\"QHMFDIX3H5HR7PUVVW2TG3WSME\" class=\"image-lazy\" src=\"https:\/\/www.infobae.com\/new-resizer\/3zJmEOu5Wm7z8vXq_5WMLpo5w1w=\/600x0\/filters:quality(100)\/s3.amazonaws.com\/arc-wordpress-client-uploads\/infobae-wp\/wp-content\/uploads\/2018\/08\/15151512\/Desafuero-Cristina-Fernandez-Kirchner-Sin-Quorum-Senado-43.jpg\" alt=\"La semana pasada el Senado no pudo aprobar los allanamientos (Guille Llamos)\" width=\"750\" height=\"500.78125\" data-url=\"https:\/\/www.infobae.com\/politica\/2018\/08\/21\/cristina-kirchner-sobre-el-pedido-de-allanamientos-no-tengo-ningun-inconveniente-en-que-el-senado-autorice-lo-solicitado-por-bonadio\/%23QHMFDIX3H5HR7PUVVW2TG3WSME\" data-original=\"https:\/\/www.infobae.com\/new-resizer\/3zJmEOu5Wm7z8vXq_5WMLpo5w1w=\/600x0\/filters:quality(100)\/s3.amazonaws.com\/arc-wordpress-client-uploads\/infobae-wp\/wp-content\/uploads\/2018\/08\/15151512\/Desafuero-Cristina-Fernandez-Kirchner-Sin-Quorum-Senado-43.jpg\" \/><\/div><figcaption class=\"\"><span class=\"credit\">La semana pasada el Senado no pudo aprobar los allanamientos (Guille Llamos)<\/span><\/figcaption><\/figure>\n<\/div>\n<div class=\"row\">\n<div class=\"col-xs-12 col-print-12\">\n<p class=\"element element-paragraph\">Tambi\u00e9n solicit\u00f3 que est\u00e9n presentes sus abogados y un senador o senadora designado por ella \"al efecto de garantizar lo que disponga y ordene este cuerpo\".<\/p>\n<\/div>\n<\/div>\n<div class=\"row\">\n<div class=\"col-xs-12 col-print-12\">\n<p class=\"element element-paragraph\">La cuarta condici\u00f3n es que \"se resguarden los objetos de uso personal y de aquellos que conformen el ajuar de las casas\". Al respecto, sentenci\u00f3:\u00a0<strong>\"Si\u00a0encuentran lingotes de oro, millones de d\u00f3lares o piedras preciosas en bolsas, se los pueden llevar; pero si encuentran un anillo o un collar, est\u00e1 claro que son objetos de mi uso personal\".\u00a0<\/strong><\/p>\n<\/div>\n<\/div>\n<div class=\"row\">\n<div class=\"col-xs-12 col-print-12\">\n<p class=\"element element-paragraph\">El \u00faltimo punto es que \"Bonadio no rompa nada\u00a0y disponga que se utilicen los instrumentos t\u00e9cnicos necesarios con los que cuentan las fuerzas de seguridad y los organismos de inteligencia para escanear paredes, divisiones y\/o cielo rasos de durlock\".<\/p>\n<\/div>\n<\/div>\n<div class=\"row\">\n<div class=\"col-xs-12 col-print-12\">\n<p class=\"element element-paragraph\">Aqu\u00ed argument\u00f3 que en su casa de El Calafate \"se produjo el momento m\u00e1s doloroso de mi vida y por lo tanto\u00a0<strong>su preservaci\u00f3n tal como est\u00e1 es, para m\u00ed y para mi familia, muy importante\".\u00a0<\/strong><\/p>\n<\/div>\n<\/div>\n<div class=\"row\">\n<div class=\"col-xs-12 col-print-12\">\n<p class=\"element element-paragraph\">Y cit\u00f3 los operativos realizados en su domicilio de Recoleta la semana pasada: \"Ning\u00fan senador o senadora puede ignorar la espectacularidad medi\u00e1tica y la<strong>\u00a0rotura de paredes ordenada por Bonadio<\/strong>\u00a0en los allanamientos de otros departamentos del edificio de Juncal y Uruguay, el 13 de agosto pr\u00f3ximo pasado \u2013d\u00eda en que fui citada a prestar declaraci\u00f3n indagatoria-\u00a0<strong>al ser informado por el personal actuante de que hab\u00eda paredes huecas\".\u00a0<\/strong><\/p>\n<\/div>\n<\/div>\n","protected":false},"excerpt":{"rendered":"<p>Cristina Kirchner aceptar\u00e1 los allanamientos (foto Guille Llamos) La ex presidente Cristina Kirchner difundi\u00f3 un escrito en el que asegur\u00f3 que\u00a0aceptar\u00e1 los allanamientos solicitados por el juez Claudio Bonadio\u00a0en el marco de la causa de las cuadernos de las coimas K. Al respecto, dio a conocer la nota que present\u00f3 en la reuni\u00f3n de labor [&hellip;]<\/p>\n","protected":false},"author":1,"featured_media":173802,"comment_status":"open","ping_status":"open","sticky":false,"template":"","format":"standard","meta":{"_stopmodifiedupdate":false,"_modified_date":"","inline_featured_image":false},"categories":[5],"tags":[],"jetpack_featured_media_url":"https:\/\/notinor.com\/jujuy\/wp-content\/uploads\/2018\/05\/cristina-e-hijos.jpg","_links":{"self":[{"href":"https:\/\/notinor.com\/jujuy\/wp-json\/wp\/v2\/posts\/188231"}],"collection":[{"href":"https:\/\/notinor.com\/jujuy\/wp-json\/wp\/v2\/posts"}],"about":[{"href":"https:\/\/notinor.com\/jujuy\/wp-json\/wp\/v2\/types\/post"}],"author":[{"embeddable":true,"href":"https:\/\/notinor.com\/jujuy\/wp-json\/wp\/v2\/users\/1"}],"replies":[{"embeddable":true,"href":"https:\/\/notinor.com\/jujuy\/wp-json\/wp\/v2\/comments?post=188231"}],"version-history":[{"count":1,"href":"https:\/\/notinor.com\/jujuy\/wp-json\/wp\/v2\/posts\/188231\/revisions"}],"predecessor-version":[{"id":188232,"href":"https:\/\/notinor.com\/jujuy\/wp-json\/wp\/v2\/posts\/188231\/revisions\/188232"}],"wp:featuredmedia":[{"embeddable":true,"href":"https:\/\/notinor.com\/jujuy\/wp-json\/wp\/v2\/media\/173802"}],"wp:attachment":[{"href":"https:\/\/notinor.com\/jujuy\/wp-json\/wp\/v2\/media?parent=188231"}],"wp:term":[{"taxonomy":"category","embeddable":true,"href":"https:\/\/notinor.com\/jujuy\/wp-json\/wp\/v2\/categories?post=188231"},{"taxonomy":"post_tag","embeddable":true,"href":"https:\/\/notinor.com\/jujuy\/wp-json\/wp\/v2\/tags?post=188231"}],"curies":[{"name":"wp","href":"https:\/\/api.w.org\/{rel}","templated":true}]}}