{"id":188224,"date":"2018-08-21T15:15:28","date_gmt":"2018-08-21T18:15:28","guid":{"rendered":"http:\/\/notinor.com\/jujuy\/?p=188224"},"modified":"2018-08-21T15:15:28","modified_gmt":"2018-08-21T18:15:28","slug":"dos-miembros-de-la-manada-fueron-repudiados-en-una-piscina-publica-en-sevilla","status":"publish","type":"post","link":"https:\/\/notinor.com\/jujuy\/dos-miembros-de-la-manada-fueron-repudiados-en-una-piscina-publica-en-sevilla\/","title":{"rendered":"Dos miembros de La Manada fueron repudiados en una piscina p\u00fablica en Sevilla"},"content":{"rendered":"<div class=\"row\">\n<figure class=\"element element-image col-xs-12\">\n<div class=\"single-image\"><img decoding=\"async\" loading=\"lazy\" id=\"TXFXTSCRWJAGPCMNO7VTR2SFSA\" class=\"image-lazy\" src=\"https:\/\/www.infobae.com\/new-resizer\/XWXiuNsopbtfG34I4PWO4mXcYiQ=\/600x0\/filters:quality(100)\/s3.amazonaws.com\/arc-wordpress-client-uploads\/infobae-wp\/wp-content\/uploads\/2017\/11\/23094709\/Actualidad_261735686_53925080_1706x960.jpg\" alt=\"Los cinco hombres que violaron a la joven en julio de 2016\" width=\"750\" height=\"421.484375\" data-url=\"https:\/\/www.infobae.com\/america\/mundo\/2018\/08\/21\/dos-miembros-de-la-manada-fueron-repudiados-en-una-piscina-publica-en-sevilla\/%23TXFXTSCRWJAGPCMNO7VTR2SFSA\" data-original=\"https:\/\/www.infobae.com\/new-resizer\/XWXiuNsopbtfG34I4PWO4mXcYiQ=\/600x0\/filters:quality(100)\/s3.amazonaws.com\/arc-wordpress-client-uploads\/infobae-wp\/wp-content\/uploads\/2017\/11\/23094709\/Actualidad_261735686_53925080_1706x960.jpg\" \/><\/div><figcaption class=\"\"><span class=\"credit\">Los cinco hombres que violaron a la joven en julio de 2016<\/span><\/figcaption><\/figure>\n<\/div>\n<div class=\"row\">\n<div class=\"col-xs-12 col-print-12\">\n<p class=\"element element-paragraph\"><strong>La alcaldesa de un pueblo de Sevilla declar\u00f3 en un comunicado que prohibir\u00e1 la entrada a los cinco miembros de \"La Manada\"<\/strong>, el grupo condenado a nueve a\u00f1os de c\u00e1rcel por\u00a0abusar sexualmente de una joven en julio de 2016. El comunicado vino a ra\u00edz de un\u00a0<strong>episodio de \"alarma social\" en una piscina municipal de Palomares del R\u00edo<\/strong>, despu\u00e9s de que varios\u00a0ba\u00f1istas\u00a0reconocieran a dos de los criminales\u00a0en el recinto p\u00fablico,\u00a0<strong>Jos\u00e9 \u00c1ngel Prenda y Jos\u00e9 Escudero<\/strong>,\u00a0 y les<strong>\u00a0recriminaran hasta que se marcharon a otra zona anexa de las instalaciones<\/strong>.<\/p>\n<\/div>\n<\/div>\n<div class=\"row\">\n<div class=\"col-xs-12 col-print-12\">\n<p class=\"element element-paragraph\">La alcaldesa en funciones\u00a0<strong>Juana Caballero\u00a0<\/strong>se mostr\u00f3 contundente en el anuncio p\u00fablico:\u00a0<strong>\"No vamos a permitir que personas que han sido declaradas non gratas por parte del Pleno de este Ayuntamiento vengan a nuestro municipio<\/strong>\u00a0a utilizar nuestro espacios p\u00fablicos para provocar alarma social\", avis\u00f3.<\/p>\n<\/div>\n<\/div>\n<div class=\"row\">\n<div class=\"col-xs-12 col-print-12\">\n<p class=\"element element-paragraph\">Tal y como detall\u00f3 Caballero, los dos miembros fueron invitados por un operario municipal a las piscinas para celebrar un cumplea\u00f1os\u00a0junto a amigos y familiares. Tras almorzar en las instalaciones,\u00a0consumieron bebidas alcoh\u00f3licas en la piscina,\u00a0<strong>donde comenzaron los gritos e improperios por parte de los ba\u00f1istas<\/strong>. Hubo una familia que incluso abandon\u00f3 las piscinas por no sentirse segura, tal y como cont\u00f3\u00a0la propia alcaldesa en declaraciones a\u00a0<em>Antena 3<\/em>.<\/p>\n<\/div>\n<\/div>\n<div class=\"row\">\n<div class=\"col-xs-12 col-print-12\">\n<p class=\"element element-paragraph\">Viendo que la situaci\u00f3n pod\u00eda pasar a mayores, el operario municipal inst\u00f3 a los miembros de \"La Manada\" a seguir el cumplea\u00f1os en otra zona del recinto para<strong>\u00a0\"evitar que la sangre llegara al r\u00edo\"<\/strong>, seg\u00fan le dijo el mismo trabajador a la alcaldesa.\u00a0<strong>Jos\u00e9 \u00c1ngel Prenda<\/strong>\u00a0y\u00a0<strong>Jos\u00e9 Escudero<\/strong>\u00a0hicieron uso de\u00a0los vestuarios del campo de f\u00fatbol para darse una ducha y esperaron\u00a0a la hora de cierre de las piscinas para abandonar las instalaciones,\u00a0acci\u00f3n que tuvo represalias para el\u00a0trabajador.<\/p>\n<\/div>\n<\/div>\n<div class=\"row\">\n<div id=\"\" class=\"wrapper clearfix pb-feature pb-layout-item pb-f-ads-dfp left-align\"><\/div>\n<div class=\"col-xs-12 col-print-12\">\n<p class=\"element element-paragraph\">Caballero se reuni\u00f3 con el operario municipal que invit\u00f3 a los dos miembros de La Manada y le abri\u00f3 un expediente informativo por poner las instalaciones \"en beneficio de unos violadores\".\u00a0<strong>\"No vamos a permitir que Palomares del R\u00edo se convierta en refugio de violadores ni delicuentes.<\/strong>\u00a0No vamos a tolerar que nuestra ciudadan\u00eda se sienta alarmada por este tipo de visitantes indeseables\", concluy\u00f3 la alcaldesa.<\/p>\n<\/div>\n<\/div>\n<div class=\"row\">\n<div class=\"col-xs-12 col-print-12\">\n<p class=\"element element-paragraph\">M\u00e1s tarde, en entrevistas a\u00a0televisiones nacionales, quiso matizar que no se le puede prohibir la entrada a un edificio p\u00fablico a nadie, pese a que sean personas 'non gratas'. As\u00ed, pese a las quejas que mostr\u00f3 frente a los reportes de los medios de comunicaci\u00f3n,\u00a0<strong>sus posteriores declaraciones no dejaron claro si estaba\u00a0contradiciendo el comunicado que ella misma firm\u00f3 o si manten\u00eda vigente el veto a los miembros de \"La Manada\"<\/strong>.<\/p>\n<\/div>\n<\/div>\n<div class=\"row\">\n<div class=\"col-xs-12 col-print-12\">\n<p class=\"element element-paragraph\">El pol\u00e9mico abogado defensor de \"La Manada\",\u00a0<strong>Agust\u00edn Mart\u00ednez<\/strong>,\u00a0<strong>desminti\u00f3 todas las declaraciones<\/strong>\u00a0y dijo que no pas\u00f3 nada: ni reproches, ni recriminaciones, ni nada de nada.\u00a0<strong>Se atrevi\u00f3 incluso a criticar el comunicado de la alcaldesa<\/strong>\u00a0en funciones: \"<strong>Es una salida de tono<\/strong>\u00a0de la alcaldesa que ha hecho exabruptos que no tienen nada que ver con lo que pas\u00f3, porque no hubo absolutamente nada, fue una tarde de piscina absolutamente tranquila y pl\u00e1cida y sin ning\u00fan problema\".<\/p>\n<\/div>\n<\/div>\n","protected":false},"excerpt":{"rendered":"<p>Los cinco hombres que violaron a la joven en julio de 2016 La alcaldesa de un pueblo de Sevilla declar\u00f3 en un comunicado que prohibir\u00e1 la entrada a los cinco miembros de \"La Manada\", el grupo condenado a nueve a\u00f1os de c\u00e1rcel por\u00a0abusar sexualmente de una joven en julio de 2016. El comunicado vino a [&hellip;]<\/p>\n","protected":false},"author":1,"featured_media":183752,"comment_status":"open","ping_status":"open","sticky":false,"template":"","format":"standard","meta":{"_stopmodifiedupdate":false,"_modified_date":"","inline_featured_image":false},"categories":[6],"tags":[],"jetpack_featured_media_url":"https:\/\/notinor.com\/jujuy\/wp-content\/uploads\/2018\/07\/LA-MANADA.jpg","_links":{"self":[{"href":"https:\/\/notinor.com\/jujuy\/wp-json\/wp\/v2\/posts\/188224"}],"collection":[{"href":"https:\/\/notinor.com\/jujuy\/wp-json\/wp\/v2\/posts"}],"about":[{"href":"https:\/\/notinor.com\/jujuy\/wp-json\/wp\/v2\/types\/post"}],"author":[{"embeddable":true,"href":"https:\/\/notinor.com\/jujuy\/wp-json\/wp\/v2\/users\/1"}],"replies":[{"embeddable":true,"href":"https:\/\/notinor.com\/jujuy\/wp-json\/wp\/v2\/comments?post=188224"}],"version-history":[{"count":1,"href":"https:\/\/notinor.com\/jujuy\/wp-json\/wp\/v2\/posts\/188224\/revisions"}],"predecessor-version":[{"id":188229,"href":"https:\/\/notinor.com\/jujuy\/wp-json\/wp\/v2\/posts\/188224\/revisions\/188229"}],"wp:featuredmedia":[{"embeddable":true,"href":"https:\/\/notinor.com\/jujuy\/wp-json\/wp\/v2\/media\/183752"}],"wp:attachment":[{"href":"https:\/\/notinor.com\/jujuy\/wp-json\/wp\/v2\/media?parent=188224"}],"wp:term":[{"taxonomy":"category","embeddable":true,"href":"https:\/\/notinor.com\/jujuy\/wp-json\/wp\/v2\/categories?post=188224"},{"taxonomy":"post_tag","embeddable":true,"href":"https:\/\/notinor.com\/jujuy\/wp-json\/wp\/v2\/tags?post=188224"}],"curies":[{"name":"wp","href":"https:\/\/api.w.org\/{rel}","templated":true}]}}