{"id":188221,"date":"2018-08-21T14:56:59","date_gmt":"2018-08-21T17:56:59","guid":{"rendered":"http:\/\/notinor.com\/jujuy\/?p=188221"},"modified":"2020-08-24T12:26:56","modified_gmt":"2020-08-24T15:26:56","slug":"exitoso-festival-de-la-pachamama","status":"publish","type":"post","link":"https:\/\/notinor.com\/jujuy\/exitoso-festival-de-la-pachamama\/","title":{"rendered":"Exitoso festival de la Pachamama"},"content":{"rendered":"<div id=\"header-wrap\">\n<div id=\"header\" class=\"stuck\">\n<div class=\"container\">\n<div class=\"row\">\n<div class=\"span9\">\n<nav>&nbsp;<\/p>\n<\/nav>\n<\/div>\n<\/div>\n<\/div>\n<\/div>\n<\/div>\n<div id=\"content\">\n<div class=\"post-41702 post type-post status-publish format-standard has-post-thumbnail hentry category-cultura-y-turismo category-secretaria-de-cultura tag-artesanos tag-artistas tag-cultura tag-cultura-jujuy tag-cultura-y-turismo tag-musicos tag-pachamama\">\n<div class=\"post-content\">\n<div class=\"mceTemp\">\n<figure id=\"attachment_41705\" class=\"wp-caption aligncenter\"><img decoding=\"async\" loading=\"lazy\" class=\"wp-image-41705 \" src=\"http:\/\/prensa.jujuy.gob.ar\/wp-content\/uploads\/sites\/37\/2018\/08\/20180819_235054.jpg\" sizes=\"(max-width: 802px) 100vw, 802px\" srcset=\"http:\/\/prensa.jujuy.gob.ar\/wp-content\/uploads\/sites\/37\/2018\/08\/20180819_235054.jpg 4128w, http:\/\/prensa.jujuy.gob.ar\/wp-content\/uploads\/sites\/37\/2018\/08\/20180819_235054-300x225.jpg 300w, http:\/\/prensa.jujuy.gob.ar\/wp-content\/uploads\/sites\/37\/2018\/08\/20180819_235054-768x576.jpg 768w, http:\/\/prensa.jujuy.gob.ar\/wp-content\/uploads\/sites\/37\/2018\/08\/20180819_235054-1024x768.jpg 1024w, http:\/\/prensa.jujuy.gob.ar\/wp-content\/uploads\/sites\/37\/2018\/08\/20180819_235054-600x450.jpg 600w, http:\/\/prensa.jujuy.gob.ar\/wp-content\/uploads\/sites\/37\/2018\/08\/20180819_235054-1140x855.jpg 1140w, http:\/\/prensa.jujuy.gob.ar\/wp-content\/uploads\/sites\/37\/2018\/08\/20180819_235054-480x360.jpg 480w, http:\/\/prensa.jujuy.gob.ar\/wp-content\/uploads\/sites\/37\/2018\/08\/20180819_235054-960x720.jpg 960w\" alt=\"Fortunato Ramos, M\u00f3nica Pantoja y Tom\u00e1s Lip\u00e1n deleitaron a todos los presentes con una variedad de temas \" width=\"802\" height=\"602\" \/><figcaption class=\"wp-caption-text\">Fortunato Ramos, M\u00f3nica Pantoja y Tom\u00e1s Lip\u00e1n deleitaron a todos los presentes con una variedad de temas<\/figcaption><\/figure>\n<p>Al concluir\u00a0 el Festival,\u00a0 el\u00a0 Ministro de Cultura y Turismo, Federico\u00a0 Posadas, entre otros conceptos, puntualiz\u00f3\u00a0 que \u201ces importante darle visibilidad a nuestra cultura a partir de un festival que trabajo con grupos juje\u00f1os y\u00a0 ayud\u00f3 a dar contenido al fin de semana largo, clave para el \u00e9xito tur\u00edstico\u201d.<\/p>\n<p>Por su parte, el Secretario de Cultura, Luis Medina Zar, asegur\u00f3 que hemos cumplido y superado las expectativas. A diferencia de a\u00f1os anteriores se plante\u00f3 en dos d\u00edas, en una primera parte en forma conjunta con el Ministerio de Desarrollo Humano\u00a0 lo que fue el Festejo del d\u00eda del Ni\u00f1o y luego m\u00fasica alternativa con gran convocatoria\u201d.<\/p>\n<p>Aclar\u00f3 que el domingo, a pesar del fr\u00edo y de haberse contemplado la posible suspensi\u00f3n del evento, el programa se desplego en forma normal,\u00a0 por la respuesta positiva de la gente.<\/p>\n<p>Finalmente, Medina Zar expres\u00f3 su total satisfacci\u00f3n y\u00a0 asegur\u00f3 que \u201ctodos los objetivos propuestos fueron\u00a0 alcanzados, una vez m\u00e1s cumpliendo con este Festival\u00a0 de la Pachamama que cont\u00f3\u00a0 con el patio de comidas,\u00a0 feria de artesanos,\u00a0 darle un espacio aut\u00e9ntico a los artistas y con una variada grilla\u201d.<\/p>\n<p>Por su parte, los artistas y en especial los de m\u00fasica alternativa y emergente,\u00a0 agradecieron el espacio y especialmente la respuesta de la gente, que se dieron cita en la ciudad Cultural.<\/p>\n<div class=\"mceTemp\">\n<figure id=\"attachment_41706\" class=\"wp-caption aligncenter\"><img decoding=\"async\" loading=\"lazy\" class=\"wp-image-41706 \" src=\"http:\/\/prensa.jujuy.gob.ar\/wp-content\/uploads\/sites\/37\/2018\/08\/IMG-20180819-WA0059.jpg\" sizes=\"(max-width: 810px) 100vw, 810px\" srcset=\"http:\/\/prensa.jujuy.gob.ar\/wp-content\/uploads\/sites\/37\/2018\/08\/IMG-20180819-WA0059.jpg 1280w, http:\/\/prensa.jujuy.gob.ar\/wp-content\/uploads\/sites\/37\/2018\/08\/IMG-20180819-WA0059-300x169.jpg 300w, http:\/\/prensa.jujuy.gob.ar\/wp-content\/uploads\/sites\/37\/2018\/08\/IMG-20180819-WA0059-768x433.jpg 768w, http:\/\/prensa.jujuy.gob.ar\/wp-content\/uploads\/sites\/37\/2018\/08\/IMG-20180819-WA0059-1024x577.jpg 1024w, http:\/\/prensa.jujuy.gob.ar\/wp-content\/uploads\/sites\/37\/2018\/08\/IMG-20180819-WA0059-600x338.jpg 600w, http:\/\/prensa.jujuy.gob.ar\/wp-content\/uploads\/sites\/37\/2018\/08\/IMG-20180819-WA0059-1140x642.jpg 1140w, http:\/\/prensa.jujuy.gob.ar\/wp-content\/uploads\/sites\/37\/2018\/08\/IMG-20180819-WA0059-480x270.jpg 480w, http:\/\/prensa.jujuy.gob.ar\/wp-content\/uploads\/sites\/37\/2018\/08\/IMG-20180819-WA0059-960x540.jpg 960w\" alt=\"Combo Locoto durante su presentaci\u00f3n en el escenario del Festival Nacional de la Pachamama\" width=\"810\" height=\"456\" \/><figcaption class=\"wp-caption-text\">Combo Locoto durante su presentaci\u00f3n en el escenario del Festival Nacional de la Pachamama<\/figcaption><\/figure>\n<div class=\"mceTemp\">\n<figure id=\"attachment_41703\" class=\"wp-caption aligncenter\"><img decoding=\"async\" loading=\"lazy\" class=\"wp-image-41703 \" src=\"http:\/\/prensa.jujuy.gob.ar\/wp-content\/uploads\/sites\/37\/2018\/08\/20180819_234946.jpg\" sizes=\"(max-width: 810px) 100vw, 810px\" srcset=\"http:\/\/prensa.jujuy.gob.ar\/wp-content\/uploads\/sites\/37\/2018\/08\/20180819_234946.jpg 4128w, http:\/\/prensa.jujuy.gob.ar\/wp-content\/uploads\/sites\/37\/2018\/08\/20180819_234946-300x225.jpg 300w, http:\/\/prensa.jujuy.gob.ar\/wp-content\/uploads\/sites\/37\/2018\/08\/20180819_234946-768x576.jpg 768w, http:\/\/prensa.jujuy.gob.ar\/wp-content\/uploads\/sites\/37\/2018\/08\/20180819_234946-1024x768.jpg 1024w, http:\/\/prensa.jujuy.gob.ar\/wp-content\/uploads\/sites\/37\/2018\/08\/20180819_234946-600x450.jpg 600w, http:\/\/prensa.jujuy.gob.ar\/wp-content\/uploads\/sites\/37\/2018\/08\/20180819_234946-1140x855.jpg 1140w, http:\/\/prensa.jujuy.gob.ar\/wp-content\/uploads\/sites\/37\/2018\/08\/20180819_234946-480x360.jpg 480w, http:\/\/prensa.jujuy.gob.ar\/wp-content\/uploads\/sites\/37\/2018\/08\/20180819_234946-960x720.jpg 960w\" alt=\"Voces reconocidas nacional e internacionalmente como Tom\u00e1s Lip\u00e1n, M\u00f3nica Pantoja, Fortunato Ramos estuvieron presentes\" width=\"810\" height=\"608\" \/><\/figure>\n<\/div>\n<\/div>\n<\/div>\n<\/div>\n<\/div>\n<\/div>\n","protected":false},"excerpt":{"rendered":"<p>&nbsp; Fortunato Ramos, M\u00f3nica Pantoja y Tom\u00e1s Lip\u00e1n deleitaron a todos los presentes con una variedad de temas Al concluir\u00a0 el Festival,\u00a0 el\u00a0 Ministro de Cultura y Turismo, Federico\u00a0 Posadas, entre otros conceptos, puntualiz\u00f3\u00a0 que \u201ces importante darle visibilidad a nuestra cultura a partir de un festival que trabajo con grupos juje\u00f1os y\u00a0 ayud\u00f3 a [&hellip;]<\/p>\n","protected":false},"author":1,"featured_media":188222,"comment_status":"open","ping_status":"open","sticky":false,"template":"","format":"standard","meta":{"_stopmodifiedupdate":false,"_modified_date":"","inline_featured_image":false},"categories":[21],"tags":[],"jetpack_featured_media_url":"https:\/\/notinor.com\/jujuy\/wp-content\/uploads\/2018\/08\/FESTIVAL-PACHAMAMA.jpg","_links":{"self":[{"href":"https:\/\/notinor.com\/jujuy\/wp-json\/wp\/v2\/posts\/188221"}],"collection":[{"href":"https:\/\/notinor.com\/jujuy\/wp-json\/wp\/v2\/posts"}],"about":[{"href":"https:\/\/notinor.com\/jujuy\/wp-json\/wp\/v2\/types\/post"}],"author":[{"embeddable":true,"href":"https:\/\/notinor.com\/jujuy\/wp-json\/wp\/v2\/users\/1"}],"replies":[{"embeddable":true,"href":"https:\/\/notinor.com\/jujuy\/wp-json\/wp\/v2\/comments?post=188221"}],"version-history":[{"count":1,"href":"https:\/\/notinor.com\/jujuy\/wp-json\/wp\/v2\/posts\/188221\/revisions"}],"predecessor-version":[{"id":188223,"href":"https:\/\/notinor.com\/jujuy\/wp-json\/wp\/v2\/posts\/188221\/revisions\/188223"}],"wp:featuredmedia":[{"embeddable":true,"href":"https:\/\/notinor.com\/jujuy\/wp-json\/wp\/v2\/media\/188222"}],"wp:attachment":[{"href":"https:\/\/notinor.com\/jujuy\/wp-json\/wp\/v2\/media?parent=188221"}],"wp:term":[{"taxonomy":"category","embeddable":true,"href":"https:\/\/notinor.com\/jujuy\/wp-json\/wp\/v2\/categories?post=188221"},{"taxonomy":"post_tag","embeddable":true,"href":"https:\/\/notinor.com\/jujuy\/wp-json\/wp\/v2\/tags?post=188221"}],"curies":[{"name":"wp","href":"https:\/\/api.w.org\/{rel}","templated":true}]}}