{"id":188218,"date":"2018-08-21T14:54:26","date_gmt":"2018-08-21T17:54:26","guid":{"rendered":"http:\/\/notinor.com\/jujuy\/?p=188218"},"modified":"2020-08-24T12:26:56","modified_gmt":"2020-08-24T15:26:56","slug":"7-jornadas-forestales-del-noa-en-jujuy","status":"publish","type":"post","link":"https:\/\/notinor.com\/jujuy\/7-jornadas-forestales-del-noa-en-jujuy\/","title":{"rendered":"7\u00b0 Jornadas Forestales del NOA en Jujuy"},"content":{"rendered":"<div class=\"container-inner\">\n<div class=\"row\">\n<div class=\"span12\">\n<div class=\"post-header\"><\/div>\n<\/div>\n<\/div>\n<\/div>\n<div class=\"post-content\">\n<p><img decoding=\"async\" loading=\"lazy\" class=\"aligncenter wp-image-41686 \" src=\"http:\/\/prensa.jujuy.gob.ar\/wp-content\/uploads\/sites\/37\/2018\/08\/AFICHE-JF-NOA-2018-OK-FINAL-1140x1669.jpg\" sizes=\"(max-width: 812px) 100vw, 812px\" srcset=\"http:\/\/prensa.jujuy.gob.ar\/wp-content\/uploads\/sites\/37\/2018\/08\/AFICHE-JF-NOA-2018-OK-FINAL-1140x1669.jpg 1140w, http:\/\/prensa.jujuy.gob.ar\/wp-content\/uploads\/sites\/37\/2018\/08\/AFICHE-JF-NOA-2018-OK-FINAL-1140x1669-205x300.jpg 205w, http:\/\/prensa.jujuy.gob.ar\/wp-content\/uploads\/sites\/37\/2018\/08\/AFICHE-JF-NOA-2018-OK-FINAL-1140x1669-768x1124.jpg 768w, http:\/\/prensa.jujuy.gob.ar\/wp-content\/uploads\/sites\/37\/2018\/08\/AFICHE-JF-NOA-2018-OK-FINAL-1140x1669-699x1024.jpg 699w, http:\/\/prensa.jujuy.gob.ar\/wp-content\/uploads\/sites\/37\/2018\/08\/AFICHE-JF-NOA-2018-OK-FINAL-1140x1669-600x878.jpg 600w, http:\/\/prensa.jujuy.gob.ar\/wp-content\/uploads\/sites\/37\/2018\/08\/AFICHE-JF-NOA-2018-OK-FINAL-1140x1669-480x703.jpg 480w, http:\/\/prensa.jujuy.gob.ar\/wp-content\/uploads\/sites\/37\/2018\/08\/AFICHE-JF-NOA-2018-OK-FINAL-1140x1669-960x1405.jpg 960w\" alt=\"AFICHE-JF-NOA-2018-OK-FINAL-1140x1669\" width=\"812\" height=\"1189\" \/><\/p>\n<p>Las Jornadas representan un \u00e1mbito de exposici\u00f3n y discusi\u00f3n de todas aquellas propuestas direccionadas a activar los mecanismos de crecimiento y fortalecimiento del entramado de la actividad forestal en nuestra regi\u00f3n, organizado por el Ministerio de Ambiente de la Provincia, Ministerio de Ambiente y Desarrollo Sustentable de Naci\u00f3n; Ministerio de Agroindustria de Naci\u00f3n; Ministerio de Desarrollo Econ\u00f3mico y Productivo de Jujuy; INTA Yuto; Facultad de Ciencias Agrarias; Asociaci\u00f3n Foresto Industrial de Jujuy; Gobierno de la provincia de Salta; Universidad Nacional de Salta.<\/p>\n<p>El encuentro est\u00e1 destinado a profesionales, productores, c\u00e1maras del sector, t\u00e9cnicos, docentes, estudiantes y p\u00fablico en general vinculado e interesado al sector forestoindustrial de nuestra regi\u00f3n.<\/p>\n<p>En la misma las exposiciones se desarrollar\u00e1n en el marco de los ejes tem\u00e1ticos: Aspectos institucionales; Silvicultura y Manejo; Agregado de valor en la Forestoindustria; Cambio Clim\u00e1tico y Restauraci\u00f3n; Gesti\u00f3n y Legalidad.<\/p>\n<p>Por cualquier informaci\u00f3n comunicarse a:\u00a0<strong>jornadasforestalesnoa@gmail.com<\/strong><\/p>\n<p>Programa de actividades:<\/p>\n<\/div>\n","protected":false},"excerpt":{"rendered":"<p>Las Jornadas representan un \u00e1mbito de exposici\u00f3n y discusi\u00f3n de todas aquellas propuestas direccionadas a activar los mecanismos de crecimiento y fortalecimiento del entramado de la actividad forestal en nuestra regi\u00f3n, organizado por el Ministerio de Ambiente de la Provincia, Ministerio de Ambiente y Desarrollo Sustentable de Naci\u00f3n; Ministerio de Agroindustria de Naci\u00f3n; Ministerio de [&hellip;]<\/p>\n","protected":false},"author":1,"featured_media":188219,"comment_status":"open","ping_status":"open","sticky":false,"template":"","format":"standard","meta":{"_stopmodifiedupdate":false,"_modified_date":"","inline_featured_image":false},"categories":[21],"tags":[],"jetpack_featured_media_url":"https:\/\/notinor.com\/jujuy\/wp-content\/uploads\/2018\/08\/AFICHE-JF-NOA-2018-OK-FINAL-1140x1669-960x1405.jpg","_links":{"self":[{"href":"https:\/\/notinor.com\/jujuy\/wp-json\/wp\/v2\/posts\/188218"}],"collection":[{"href":"https:\/\/notinor.com\/jujuy\/wp-json\/wp\/v2\/posts"}],"about":[{"href":"https:\/\/notinor.com\/jujuy\/wp-json\/wp\/v2\/types\/post"}],"author":[{"embeddable":true,"href":"https:\/\/notinor.com\/jujuy\/wp-json\/wp\/v2\/users\/1"}],"replies":[{"embeddable":true,"href":"https:\/\/notinor.com\/jujuy\/wp-json\/wp\/v2\/comments?post=188218"}],"version-history":[{"count":1,"href":"https:\/\/notinor.com\/jujuy\/wp-json\/wp\/v2\/posts\/188218\/revisions"}],"predecessor-version":[{"id":188220,"href":"https:\/\/notinor.com\/jujuy\/wp-json\/wp\/v2\/posts\/188218\/revisions\/188220"}],"wp:featuredmedia":[{"embeddable":true,"href":"https:\/\/notinor.com\/jujuy\/wp-json\/wp\/v2\/media\/188219"}],"wp:attachment":[{"href":"https:\/\/notinor.com\/jujuy\/wp-json\/wp\/v2\/media?parent=188218"}],"wp:term":[{"taxonomy":"category","embeddable":true,"href":"https:\/\/notinor.com\/jujuy\/wp-json\/wp\/v2\/categories?post=188218"},{"taxonomy":"post_tag","embeddable":true,"href":"https:\/\/notinor.com\/jujuy\/wp-json\/wp\/v2\/tags?post=188218"}],"curies":[{"name":"wp","href":"https:\/\/api.w.org\/{rel}","templated":true}]}}