{"id":188213,"date":"2018-08-21T13:17:35","date_gmt":"2018-08-21T16:17:35","guid":{"rendered":"http:\/\/notinor.com\/jujuy\/?p=188213"},"modified":"2020-08-24T12:26:56","modified_gmt":"2020-08-24T15:26:56","slug":"el-gobierno-y-la-unju-afianzan-lazos","status":"publish","type":"post","link":"https:\/\/notinor.com\/jujuy\/el-gobierno-y-la-unju-afianzan-lazos\/","title":{"rendered":"El Gobierno y la UNJu  afianzan lazos"},"content":{"rendered":"<p><img decoding=\"async\" loading=\"lazy\" class=\"size-medium wp-image-188215 aligncenter\" src=\"http:\/\/notinor.com\/jujuy\/wp-content\/uploads\/2018\/08\/gobierno-unju1-548x365.jpg\" alt=\"\" width=\"548\" height=\"365\" srcset=\"https:\/\/notinor.com\/jujuy\/wp-content\/uploads\/2018\/08\/gobierno-unju1-548x365.jpg 548w, https:\/\/notinor.com\/jujuy\/wp-content\/uploads\/2018\/08\/gobierno-unju1-720x480.jpg 720w, https:\/\/notinor.com\/jujuy\/wp-content\/uploads\/2018\/08\/gobierno-unju1.jpg 750w, https:\/\/notinor.com\/jujuy\/wp-content\/uploads\/2018\/08\/gobierno-unju1-400x266.jpg 400w\" sizes=\"(max-width: 548px) 100vw, 548px\" \/><\/p>\n<p>La Provincia est\u00e1 acompa\u00f1ando el proceso de descentralizaci\u00f3n que la UNJu viene llevando adelante, en lo que refiere a la apertura de nuevas sedes en La Quiaca, Libertador, San Pedro y los proyectos de extensi\u00f3n en otras ciudades, de manera que la universidad tenga mayor presencia en todo el territorio y el pueblo juje\u00f1o pueda acceder a determinadas carreras\u201d, manifest\u00f3, Gerardo Morales finalizado el encuentro.<\/p>\n<p>Adem\u00e1s, el Mandatario adelant\u00f3 que el pr\u00f3ximo 29 de agosto, junto a parte del gabinete, visitar\u00e1 el Consejo Superior, oportunidad en la que con el rector Rodolfo Tecchi dar\u00e1n a conocer detalles de un importante proyecto que la Provincia y la UNJu realizaran en conjunto.<\/p>\n<p>Por su parte, Rodolfo Tecchi se\u00f1al\u00f3 que \u201cle comunicamos al Gobernador sobre la posici\u00f3n del Consejo Interuniversitario Nacional en relaci\u00f3n a la situaci\u00f3n del sistema universitario, y especialmente, lo que respecta a la UNJu y sus necesidades presupuestarias para el 2019\u201d.<\/p>\n<p>\u201cLe pedimos el acompa\u00f1amiento al Gobernador e hicimos una agenda para tratar hasta fin de a\u00f1o. Adem\u00e1s, recibimos su solidaridad para ir resolviendo los temas presupuestarios que est\u00e1n pendientes\u201d, sostuvo el rector de la UNJu.<\/p>\n<p>El encuentro se desarroll\u00f3 en el Sal\u00f3n Fascio de Casa de Gobierno y participaron los decanos de la Facultad de Humanidades y Ciencias Sociales, Cesar Arrueta y de la Facultad de Ciencias Econ\u00f3micas, Javier Mart\u00ednez; los secretarios, General de la UNJu, Edgardo Aramayo, de Ciencia y T\u00e9cnica y Estudios Regionales de la UNJu, Sandra Giunta y de Administracion de la UNJu, Jaime Berastegui.<\/p>\n<p>&nbsp;<\/p>\n","protected":false},"excerpt":{"rendered":"<p>La Provincia est\u00e1 acompa\u00f1ando el proceso de descentralizaci\u00f3n que la UNJu viene llevando adelante, en lo que refiere a la apertura de nuevas sedes en La Quiaca, Libertador, San Pedro y los proyectos de extensi\u00f3n en otras ciudades, de manera que la universidad tenga mayor presencia en todo el territorio y el pueblo juje\u00f1o pueda [&hellip;]<\/p>\n","protected":false},"author":5,"featured_media":188216,"comment_status":"open","ping_status":"open","sticky":false,"template":"","format":"standard","meta":{"_stopmodifiedupdate":false,"_modified_date":"","inline_featured_image":false},"categories":[21],"tags":[],"jetpack_featured_media_url":"https:\/\/notinor.com\/jujuy\/wp-content\/uploads\/2018\/08\/gobierno-y-unju.jpg","_links":{"self":[{"href":"https:\/\/notinor.com\/jujuy\/wp-json\/wp\/v2\/posts\/188213"}],"collection":[{"href":"https:\/\/notinor.com\/jujuy\/wp-json\/wp\/v2\/posts"}],"about":[{"href":"https:\/\/notinor.com\/jujuy\/wp-json\/wp\/v2\/types\/post"}],"author":[{"embeddable":true,"href":"https:\/\/notinor.com\/jujuy\/wp-json\/wp\/v2\/users\/5"}],"replies":[{"embeddable":true,"href":"https:\/\/notinor.com\/jujuy\/wp-json\/wp\/v2\/comments?post=188213"}],"version-history":[{"count":2,"href":"https:\/\/notinor.com\/jujuy\/wp-json\/wp\/v2\/posts\/188213\/revisions"}],"predecessor-version":[{"id":188217,"href":"https:\/\/notinor.com\/jujuy\/wp-json\/wp\/v2\/posts\/188213\/revisions\/188217"}],"wp:featuredmedia":[{"embeddable":true,"href":"https:\/\/notinor.com\/jujuy\/wp-json\/wp\/v2\/media\/188216"}],"wp:attachment":[{"href":"https:\/\/notinor.com\/jujuy\/wp-json\/wp\/v2\/media?parent=188213"}],"wp:term":[{"taxonomy":"category","embeddable":true,"href":"https:\/\/notinor.com\/jujuy\/wp-json\/wp\/v2\/categories?post=188213"},{"taxonomy":"post_tag","embeddable":true,"href":"https:\/\/notinor.com\/jujuy\/wp-json\/wp\/v2\/tags?post=188213"}],"curies":[{"name":"wp","href":"https:\/\/api.w.org\/{rel}","templated":true}]}}